{"id":216251,"date":"2026-08-17T15:31:13","date_gmt":"2026-08-17T15:31:13","guid":{"rendered":"https:\/\/www.europesays.com\/be-fr\/216251\/"},"modified":"2026-08-17T15:31:13","modified_gmt":"2026-08-17T15:31:13","slug":"annemasse-un-moment-suspendu-dans-les-coulisses-du-cinema-en-plein-air","status":"publish","type":"post","link":"https:\/\/www.europesays.com\/be-fr\/216251\/","title":{"rendered":"Annemasse. \u00ab\u00a0Un moment suspendu\u00a0\u00bb\u00a0: dans les coulisses du cin\u00e9ma en plein air"},"content":{"rendered":"<p>\u00c0 l\u2019origine, le projet \u00e9tait port\u00e9 par la ville d\u2019Annemasse. C\u2019est par l\u2019interm\u00e9diaire de Cin\u00e9 Actuel que la municipalit\u00e9 s\u2019est rapproch\u00e9e de la MJC et de son savoir-faire. L\u2019\u00e9quipe a souhait\u00e9 enrichir le concept en proposant, avant la projection, de v\u00e9ritables moments de vie et de partage. Chaque s\u00e9ance devient ainsi une soir\u00e9e \u00e0 part enti\u00e8re. Graffiti, maquillage, foot freestyle, ateliers cr\u00e9atifs ou nature, cirque. Ces activit\u00e9s gratuites permettent aux enfants de d\u00e9couvrir, de cr\u00e9er et de se d\u00e9penser, pendant que les parents profitent d\u2019un moment de d\u00e9tente. Les associations de parents d\u2019\u00e9l\u00e8ves (APE) et les associations partenaires participent \u00e9galement \u00e0 la convivialit\u00e9, notamment en proposant&#8230;<\/p>\n","protected":false},"excerpt":{"rendered":"\u00c0 l\u2019origine, le projet \u00e9tait port\u00e9 par la ville d\u2019Annemasse. C\u2019est par l\u2019interm\u00e9diaire de Cin\u00e9 Actuel que la&hellip;\n","protected":false},"author":2,"featured_media":216252,"comment_status":"","ping_status":"","sticky":false,"template":"","format":"standard","meta":{"footnotes":"","_share_on_mastodon":"0"},"categories":[97],"tags":[11590,16938,12,13,18,17,133,287,96,11589,95,106,105],"class_list":["post-216251","post","type-post","status-publish","format-standard","has-post-thumbnail","category-films","tag-annemasse","tag-annemasse-bassin","tag-be","tag-be-fr","tag-belgique","tag-belgium","tag-cinema","tag-culture-loisirs","tag-divertissement","tag-edition-grand-geneve-chablais-ain","tag-entertainment","tag-films","tag-movies"],"share_on_mastodon":{"url":"https:\/\/pubeurope.com\/@be_fr\/117111572773928301","error":""},"_links":{"self":[{"href":"https:\/\/www.europesays.com\/be-fr\/wp-json\/wp\/v2\/posts\/216251","targetHints":{"allow":["GET"]}}],"collection":[{"href":"https:\/\/www.europesays.com\/be-fr\/wp-json\/wp\/v2\/posts"}],"about":[{"href":"https:\/\/www.europesays.com\/be-fr\/wp-json\/wp\/v2\/types\/post"}],"author":[{"embeddable":true,"href":"https:\/\/www.europesays.com\/be-fr\/wp-json\/wp\/v2\/users\/2"}],"replies":[{"embeddable":true,"href":"https:\/\/www.europesays.com\/be-fr\/wp-json\/wp\/v2\/comments?post=216251"}],"version-history":[{"count":0,"href":"https:\/\/www.europesays.com\/be-fr\/wp-json\/wp\/v2\/posts\/216251\/revisions"}],"wp:featuredmedia":[{"embeddable":true,"href":"https:\/\/www.europesays.com\/be-fr\/wp-json\/wp\/v2\/media\/216252"}],"wp:attachment":[{"href":"https:\/\/www.europesays.com\/be-fr\/wp-json\/wp\/v2\/media?parent=216251"}],"wp:term":[{"taxonomy":"category","embeddable":true,"href":"https:\/\/www.europesays.com\/be-fr\/wp-json\/wp\/v2\/categories?post=216251"},{"taxonomy":"post_tag","embeddable":true,"href":"https:\/\/www.europesays.com\/be-fr\/wp-json\/wp\/v2\/tags?post=216251"}],"curies":[{"name":"wp","href":"https:\/\/api.w.org\/{rel}","templated":true}]}}