{"id":216445,"date":"2026-08-17T18:18:14","date_gmt":"2026-08-17T18:18:14","guid":{"rendered":"https:\/\/www.europesays.com\/be-fr\/216445\/"},"modified":"2026-08-17T18:18:14","modified_gmt":"2026-08-17T18:18:14","slug":"guerre-en-ukraine-la-russie-annule-son-festival-militaire-a-moscou","status":"publish","type":"post","link":"https:\/\/www.europesays.com\/be-fr\/216445\/","title":{"rendered":"Guerre en Ukraine\u00a0: la Russie annule son festival militaire \u00e0 Moscou"},"content":{"rendered":"<p class=\"ap-StoryElement ap-StoryElement--mb ap-StoryText\">Depuis 2006, le \u00ab\u00a0Russia&rsquo;s Spasskaya Tower International Military Festival\u00a0\u00bb prend place \u00e0 la fin du mois d&rsquo;ao\u00fbt, en plein Moscou, sur l&rsquo;iconique Place Rouge. Une tradition longue de 20 ans, centr\u00e9e sur les orchestres militaires et les d\u00e9fil\u00e9s d&rsquo;unit\u00e9.<\/p>\n<p class=\"ap-StoryElement ap-StoryElement--mb ap-StoryText\">Cette ann\u00e9e, pourtant, le festival, initialement pr\u00e9vu du 21 au 30 ao\u00fbt, n&rsquo;aura pas lieu, comme le confirme le m\u00e9dia <a href=\"https:\/\/meduza.io\/en\/news\/2026\/08\/17\/moscow-cancels-military-festival-on-red-square-it-s-only-been-canceled-once-before-in-2020-due-to-covid\" target=\"_blank\" rel=\"noreferrer noopener nofollow\">Meduza<\/a>. Si les organisateurs ont justifi\u00e9 ce choix par \u00ab\u00a0des raisons qui leur \u00e9chappent\u00a0\u00bb, la cause de cette annulation n&rsquo;a pas \u00e9t\u00e9 r\u00e9v\u00e9l\u00e9e.<\/p>\n","protected":false},"excerpt":{"rendered":"Depuis 2006, le \u00ab\u00a0Russia&rsquo;s Spasskaya Tower International Military Festival\u00a0\u00bb prend place \u00e0 la fin du mois d&rsquo;ao\u00fbt, en&hellip;\n","protected":false},"author":2,"featured_media":216446,"comment_status":"","ping_status":"","sticky":false,"template":"","format":"standard","meta":{"footnotes":"","_share_on_mastodon":"0"},"categories":[9],"tags":[12,13,18,17,1276,31,32],"class_list":["post-216445","post","type-post","status-publish","format-standard","has-post-thumbnail","category-international","tag-be","tag-be-fr","tag-belgique","tag-belgium","tag-conflit-russie-ukraine","tag-international","tag-world-news"],"share_on_mastodon":{"url":"https:\/\/pubeurope.com\/@be_fr\/117112229820473960","error":""},"_links":{"self":[{"href":"https:\/\/www.europesays.com\/be-fr\/wp-json\/wp\/v2\/posts\/216445","targetHints":{"allow":["GET"]}}],"collection":[{"href":"https:\/\/www.europesays.com\/be-fr\/wp-json\/wp\/v2\/posts"}],"about":[{"href":"https:\/\/www.europesays.com\/be-fr\/wp-json\/wp\/v2\/types\/post"}],"author":[{"embeddable":true,"href":"https:\/\/www.europesays.com\/be-fr\/wp-json\/wp\/v2\/users\/2"}],"replies":[{"embeddable":true,"href":"https:\/\/www.europesays.com\/be-fr\/wp-json\/wp\/v2\/comments?post=216445"}],"version-history":[{"count":0,"href":"https:\/\/www.europesays.com\/be-fr\/wp-json\/wp\/v2\/posts\/216445\/revisions"}],"wp:featuredmedia":[{"embeddable":true,"href":"https:\/\/www.europesays.com\/be-fr\/wp-json\/wp\/v2\/media\/216446"}],"wp:attachment":[{"href":"https:\/\/www.europesays.com\/be-fr\/wp-json\/wp\/v2\/media?parent=216445"}],"wp:term":[{"taxonomy":"category","embeddable":true,"href":"https:\/\/www.europesays.com\/be-fr\/wp-json\/wp\/v2\/categories?post=216445"},{"taxonomy":"post_tag","embeddable":true,"href":"https:\/\/www.europesays.com\/be-fr\/wp-json\/wp\/v2\/tags?post=216445"}],"curies":[{"name":"wp","href":"https:\/\/api.w.org\/{rel}","templated":true}]}}