{"id":216693,"date":"2026-08-17T22:30:51","date_gmt":"2026-08-17T22:30:51","guid":{"rendered":"https:\/\/www.europesays.com\/be-fr\/216693\/"},"modified":"2026-08-17T22:30:51","modified_gmt":"2026-08-17T22:30:51","slug":"operation-visant-les-trottinettes-electriques-non-conformes-dans-la-zone-de-police-nord-un-tiers-des-vehicules-controles-ont-ete-saisis","status":"publish","type":"post","link":"https:\/\/www.europesays.com\/be-fr\/216693\/","title":{"rendered":"Op\u00e9ration visant les trottinettes \u00e9lectriques non-conformes\u00a0dans la zone de police Nord\u00a0: un tiers des v\u00e9hicules contr\u00f4l\u00e9s ont \u00e9t\u00e9 saisis"},"content":{"rendered":"<p class=\"ap-StoryElement ap-StoryElement--mb ap-StoryText\">\u00ab\u00a0Ce 16\u00a0ao\u00fbt, le service centralis\u00e9 de circulation de la Zone de Police Bruxelles Nord (Schaerbeek, Evere, Saint-Josse-ten-Noode) a proc\u00e9d\u00e9 \u00e0 une op\u00e9ration de contr\u00f4le visant les trottinettes \u00e9lectriques non-conformes,\u00a0\u00bb annonce la zone dans un communiqu\u00e9.<\/p>\n<p class=\"ap-StoryElement ap-StoryElement--mb ap-StoryText\">Au total, 12 trottinettes ont fait l&rsquo;objet d&rsquo;un contr\u00f4le et 4 ont \u00e9t\u00e9 saisies. La vitesse maximale contr\u00f4l\u00e9e \u00e9tait de 57\u00a0km\/h.<\/p>\n","protected":false},"excerpt":{"rendered":"\u00ab\u00a0Ce 16\u00a0ao\u00fbt, le service centralis\u00e9 de circulation de la Zone de Police Bruxelles Nord (Schaerbeek, Evere, Saint-Josse-ten-Noode) a&hellip;\n","protected":false},"author":2,"featured_media":216694,"comment_status":"","ping_status":"","sticky":false,"template":"","format":"standard","meta":{"footnotes":"","_share_on_mastodon":"0"},"categories":[2],"tags":[12,13,18,17,3934],"class_list":["post-216693","post","type-post","status-publish","format-standard","has-post-thumbnail","category-belgique","tag-be","tag-be-fr","tag-belgique","tag-belgium","tag-evere"],"share_on_mastodon":{"url":"https:\/\/pubeurope.com\/@be_fr\/117113220477653799","error":""},"_links":{"self":[{"href":"https:\/\/www.europesays.com\/be-fr\/wp-json\/wp\/v2\/posts\/216693","targetHints":{"allow":["GET"]}}],"collection":[{"href":"https:\/\/www.europesays.com\/be-fr\/wp-json\/wp\/v2\/posts"}],"about":[{"href":"https:\/\/www.europesays.com\/be-fr\/wp-json\/wp\/v2\/types\/post"}],"author":[{"embeddable":true,"href":"https:\/\/www.europesays.com\/be-fr\/wp-json\/wp\/v2\/users\/2"}],"replies":[{"embeddable":true,"href":"https:\/\/www.europesays.com\/be-fr\/wp-json\/wp\/v2\/comments?post=216693"}],"version-history":[{"count":0,"href":"https:\/\/www.europesays.com\/be-fr\/wp-json\/wp\/v2\/posts\/216693\/revisions"}],"wp:featuredmedia":[{"embeddable":true,"href":"https:\/\/www.europesays.com\/be-fr\/wp-json\/wp\/v2\/media\/216694"}],"wp:attachment":[{"href":"https:\/\/www.europesays.com\/be-fr\/wp-json\/wp\/v2\/media?parent=216693"}],"wp:term":[{"taxonomy":"category","embeddable":true,"href":"https:\/\/www.europesays.com\/be-fr\/wp-json\/wp\/v2\/categories?post=216693"},{"taxonomy":"post_tag","embeddable":true,"href":"https:\/\/www.europesays.com\/be-fr\/wp-json\/wp\/v2\/tags?post=216693"}],"curies":[{"name":"wp","href":"https:\/\/api.w.org\/{rel}","templated":true}]}}