{"id":217111,"date":"2026-08-18T09:20:16","date_gmt":"2026-08-18T09:20:16","guid":{"rendered":"https:\/\/www.europesays.com\/be-fr\/217111\/"},"modified":"2026-08-18T09:20:16","modified_gmt":"2026-08-18T09:20:16","slug":"philippines-fusillade-mortelle-dans-un-lycee-a-zamboanga","status":"publish","type":"post","link":"https:\/\/www.europesays.com\/be-fr\/217111\/","title":{"rendered":"Philippines\u00a0: fusillade mortelle dans un lyc\u00e9e \u00e0 Zamboanga"},"content":{"rendered":"<p>  <img decoding=\"async\" class=\"r-img lazyloaded\" src=\"\/sites\/all\/themes\/enacarbon_rtl\/images\/rtlinfo-192x192.png\" alt=\"Image auteur par d\u00e9faut\"\/><\/p>\n<p>par RTL info avec Belga<br \/>\n\tPubli\u00e9 le 18 ao\u00fbt \u00e0 07h44<\/p>\n<p>  <a href=\"https:\/\/www.google.com\/preferences\/source?q=rtl%20info\" class=\"r-link--google-favorites\" role=\"button\">Ajoutez-nous \u00e0 vos favoris Google<\/a><br \/>\n\tUn drame s\u2019est d\u00e9roul\u00e9 mardi dans un lyc\u00e9e aux Philippines\u00a0: un adolescent a tu\u00e9 un autre \u00e9l\u00e8ve avec une arme \u00e0 feu avant de se suicider, selon les autorit\u00e9s locales.<\/p>\n<p>&#13;<br \/>\n&#13;<\/p>\n<p>Un \u00e9l\u00e8ve a \u00e9t\u00e9 tu\u00e9 par balle mardi dans un lyc\u00e9e catholique des Philippines, ont fait savoir les autorit\u00e9s, ajoutant que le tireur pr\u00e9sum\u00e9 s\u2019\u00e9tait suicid\u00e9.<\/p>\n<p>\n  <a class=\"embedly-card\" href=\"https:\/\/x.com\/mnlstandardph\/status\/2089553746045051297\" rel=\"nofollow\">uri<\/a>\n<\/p>\n<p>La fusillade, la deuxi\u00e8me dans un \u00e9tablissement scolaire en l\u2019espace de deux mois, a eu lieu \u00e0 l\u2019universit\u00e9 Ateneo de Zamboanga, une institution priv\u00e9e qui fait aussi office de coll\u00e8ge et de lyc\u00e9e, situ\u00e9e dans l\u2019ouest de Mindanao, au sud de l\u2019archipel.<\/p>\n<p>&#13;<br \/>\n&#13;<\/p>\n<p>&#13;<br \/>\n&#13;<\/p>\n<p>La police r\u00e9gionale a d\u00e9clar\u00e9 qu\u2019un \u00e9l\u00e8ve de troisi\u00e8me avait apport\u00e9 \u00ab\u00a0un pistolet et un fusil dans l\u2019enceinte\u00a0\u00bb de l\u2019\u00e9tablissement et avait ouvert le feu dans une salle de classe, tuant une personne avant de retourner l\u2019arme contre lui.<\/p>\n<p>\n  <a class=\"embedly-card\" href=\"https:\/\/x.com\/ABSCBNNews\/status\/2089545199576109421\" rel=\"nofollow\">uri<\/a>\n<\/p>\n<p>\u00ab\u00a0L\u2019enqu\u00eate est en cours (\u2026) Nous essayons toujours d\u2019identifier la raison (de son acte)\u00a0\u00bb, a d\u00e9clar\u00e9 \u00e0 l\u2019AFP la porte-parole de la police, Shella Chang. Le nombre de bless\u00e9s est inconnu dans l\u2019imm\u00e9diat.<\/p>\n<p>Une vid\u00e9o publi\u00e9e sur Facebook<\/p>\n<p>Dans une vid\u00e9o partag\u00e9e par les m\u00e9dias locaux (voir captures d\u2019\u00e9cran de la photo de l\u2019article) et qui porte les caract\u00e9ristiques d\u2019un direct sur Facebook, on peut voir le canon d\u2019une arme se d\u00e9placer dans un couloir, avant d\u2019\u00eatre dirig\u00e9 vers une salle de classe et que l\u2019arme ne soit actionn\u00e9e. Des enfants en uniforme scolaire apparaissent, hurlant et se ruant vers une sortie. Le compte Facebook du tueur a \u00e9t\u00e9 d\u00e9sactiv\u00e9.<\/p>\n<p>\n  &#13;<br \/>\n  \u00c0 lire aussi&#13;<br \/>\n  &#13;<\/p>\n<p>  <img decoding=\"async\" class=\"r-img\"  typeof=\"foaf:Image\" src=\"https:\/\/www.europesays.com\/be-fr\/wp-content\/uploads\/2026\/08\/1787044816_797_95707269.jpeg\" alt=\"frot.jpg\"\/><br \/>\n        <a class=\"r-stories--link\" href=\"https:\/\/www.rtl.be\/actu\/monde\/international\/fusillade-dans-un-lycee-en-thailande-lauteur-de-la-tuerie-avait-deja-amene-des\/2026-08-09\/article\/796821\" rel=\"nofollow noopener\" target=\"_blank\">Fusillade dans un lyc\u00e9e en Tha\u00eflande\u00a0: l\u2019auteur de la tuerie avait d\u00e9j\u00e0 amen\u00e9 des armes dans l\u2019\u00e9cole<\/a>&#13;<br \/>\n  &#13;<br \/>\n&#13;\n<\/p>\n<p>\u00ab\u00a0Nous voyons qu\u2019il a d\u2019abord tir\u00e9 sur l\u2019enseignant qui \u00e9tait assis \u00e0 une table. Il semble qu\u2019il l\u2019ait manqu\u00e9, puis qu\u2019il soit all\u00e9 dans une autre pi\u00e8ce (\u2026) l\u00e0, il a tir\u00e9 sur un autre \u00e9l\u00e8ve\u00a0\u00bb, a rapport\u00e9 le maire de Zamboanga, Khymer Olaso \u00e0 une station de radio locale.<\/p>\n<p>L\u2019\u00e9cole, qui confirme de son c\u00f4t\u00e9 deux d\u00e9c\u00e8s, avait le mois dernier organis\u00e9 un exercice de simulation de tireur actif.<\/p>\n<p>&#13;<br \/>\n&#13;<\/p>\n<p>&#13;<br \/>\n&#13;<\/p>\n<p><a class=\"r-btn r-btn--tag\" href=\"https:\/\/www.rtl.be\/383991\/locations\/philippines\" title=\"Philippines\" rel=\"nofollow noopener\" target=\"_blank\">Philippines<\/a><br \/>\n<a class=\"r-btn r-btn--tag\" href=\"https:\/\/www.rtl.be\/384927\/locations\/mindanao\" title=\"Mindanao\" rel=\"nofollow noopener\" target=\"_blank\">Mindanao<\/a><br \/>\n<a class=\"r-btn r-btn--tag\" href=\"https:\/\/www.rtl.be\/386610\/locations\/zamboanga\" title=\"Zamboanga\" rel=\"nofollow noopener\" target=\"_blank\">Zamboanga<\/a><br \/>\n<a class=\"r-btn r-btn--tag\" href=\"https:\/\/www.rtl.be\/386611\/persons\/khymer-adan-olaso\" title=\"Khymer Adan Olaso\" rel=\"nofollow noopener\" target=\"_blank\">Khymer Adan Olaso<\/a><\/p>\n","protected":false},"excerpt":{"rendered":"par RTL info avec Belga Publi\u00e9 le 18 ao\u00fbt \u00e0 07h44 Ajoutez-nous \u00e0 vos favoris Google Un drame&hellip;\n","protected":false},"author":2,"featured_media":217112,"comment_status":"","ping_status":"","sticky":false,"template":"","format":"standard","meta":{"footnotes":"","_share_on_mastodon":"0"},"categories":[9],"tags":[66936,66942,12,13,18,17,66938,66940,66934,31,66943,66937,66939,66941,32,66935],"class_list":["post-217111","post","type-post","status-publish","format-standard","has-post-thumbnail","category-international","tag-adolescent-arme","tag-arme-a-feu","tag-be","tag-be-fr","tag-belgique","tag-belgium","tag-ecole-catholique","tag-exercice-tireur-actif","tag-fusillade-lycee-philippines","tag-international","tag-mindanao","tag-suicide-tireur","tag-universite-ateneo-de-zamboanga","tag-violence-scolaire","tag-world-news","tag-zamboanga"],"share_on_mastodon":{"url":"https:\/\/pubeurope.com\/@be_fr\/117115776494187128","error":""},"_links":{"self":[{"href":"https:\/\/www.europesays.com\/be-fr\/wp-json\/wp\/v2\/posts\/217111","targetHints":{"allow":["GET"]}}],"collection":[{"href":"https:\/\/www.europesays.com\/be-fr\/wp-json\/wp\/v2\/posts"}],"about":[{"href":"https:\/\/www.europesays.com\/be-fr\/wp-json\/wp\/v2\/types\/post"}],"author":[{"embeddable":true,"href":"https:\/\/www.europesays.com\/be-fr\/wp-json\/wp\/v2\/users\/2"}],"replies":[{"embeddable":true,"href":"https:\/\/www.europesays.com\/be-fr\/wp-json\/wp\/v2\/comments?post=217111"}],"version-history":[{"count":0,"href":"https:\/\/www.europesays.com\/be-fr\/wp-json\/wp\/v2\/posts\/217111\/revisions"}],"wp:featuredmedia":[{"embeddable":true,"href":"https:\/\/www.europesays.com\/be-fr\/wp-json\/wp\/v2\/media\/217112"}],"wp:attachment":[{"href":"https:\/\/www.europesays.com\/be-fr\/wp-json\/wp\/v2\/media?parent=217111"}],"wp:term":[{"taxonomy":"category","embeddable":true,"href":"https:\/\/www.europesays.com\/be-fr\/wp-json\/wp\/v2\/categories?post=217111"},{"taxonomy":"post_tag","embeddable":true,"href":"https:\/\/www.europesays.com\/be-fr\/wp-json\/wp\/v2\/tags?post=217111"}],"curies":[{"name":"wp","href":"https:\/\/api.w.org\/{rel}","templated":true}]}}