{"id":217137,"date":"2026-08-18T09:44:19","date_gmt":"2026-08-18T09:44:19","guid":{"rendered":"https:\/\/www.europesays.com\/be-fr\/217137\/"},"modified":"2026-08-18T09:44:19","modified_gmt":"2026-08-18T09:44:19","slug":"dimitri-felikidis-est-decede-la-boxe-et-le-sport-vervietois-en-deuil","status":"publish","type":"post","link":"https:\/\/www.europesays.com\/be-fr\/217137\/","title":{"rendered":"Dimitri Felikidis est d\u00e9c\u00e9d\u00e9, la boxe et le sport vervi\u00e9tois en deuil"},"content":{"rendered":"<p class=\"ap-StoryQuote-text\">\u00ab\u00a0Cette fois, tu peux \u00e9crire que c&rsquo;est mon dernier combat\u00a0\u00bb<\/p>\n<p>Tant pis pour le temps qui passe<\/p>\n<p class=\"ap-StoryElement ap-StoryElement--mb ap-StoryText\">Ce qui rendait son parcours v\u00e9ritablement atypique, c&rsquo;\u00e9tait sa capacit\u00e9 \u00e0 faire fi des ann\u00e9es. Alors que la plupart des boxeurs rangent d\u00e9finitivement bandages et prot\u00e8ge-dents \u00e0 l&rsquo;approche de la trentaine, Felikidis, lui, d\u00e9cidait de bousculer les codes et de signer des retours toujours surprenants. <\/p>\n<p class=\"ap-StoryElement ap-StoryElement--mb ap-StoryText\">\u00ab\u00a0Cette fois, tu peux \u00e9crire que c&rsquo;est mon dernier combat\u00a0\u00bb glissait-il au journaliste de l&rsquo;Avenir Verviers, avant de r\u00e9p\u00e9ter la m\u00eame chose un an ou deux plus tard. Un vrai passionn\u00e9, oui. Il faut dire que Dimitri Felikidis pouvait compter sur les encouragements du milieu, et notamment du passionn\u00e9 et regrett\u00e9 Robert Waseige, l&rsquo;ex s\u00e9lectionneur des Diables rouges qui \u00e9tait, aussi, un grand fan de boxe.<\/p>\n<p><a href=\"https:\/\/www.lavenir.net\/regions\/verviers\/verviers\/2012\/04\/25\/dimitri-felekidis-cloture-en-beaute-G2IS5X5PWBBVRD3OAOLJVPH46U\/\" target=\"_self\" class=\"ap-StoryInterstitialLink ap-StoryElement ap-StoryElement--mb\" rel=\"nofollow noopener\">Le Vervi\u00e9tois Felikidis termine en beaut\u00e9<\/a><img loading=\"lazy\" decoding=\"async\" class=\"w-full lazyload lazyload--opacity object-contain\" style=\"aspect-ratio:137 \/ 100;opacity:1\" alt=\"Dimitri Felikidis est d\u00e9c\u00e9d\u00e9.\" width=\"768\" height=\"561\" fetchpriority=\"auto\" src=\"https:\/\/www.europesays.com\/be-fr\/wp-content\/uploads\/2026\/08\/1787046257_571_S5VKD3X55FFF3BW6V4SEHXNP7I.png\"  data- data-optimumx=\"1\"\/><img loading=\"lazy\" decoding=\"async\" src=\"https:\/\/www.europesays.com\/be-fr\/wp-content\/uploads\/2026\/08\/FX2QDA766BCKVB2YHG4UK6H224.jpg\" width=\"768\" height=\"561\" alt=\"Dimitri Felikidis est d\u00e9c\u00e9d\u00e9.\" class=\"absolute inset-0 w-full\"\/>Dimitri Felikidis (\u00e0 gauche, ici avec Nedgat Bejzaku et le regrett\u00e9 Robert Waseige) est d\u00e9c\u00e9d\u00e9. \u00a9L&rsquo;Avenir Verviers JRM<\/p>\n<p class=\"ap-StoryElement ap-StoryElement--mb ap-StoryText\">C&rsquo;est \u00e0 48 ans pass\u00e9s que Dimitri Felikidis a notamment relev\u00e9 le d\u00e9fi de monter sur le ring chez les professionnels, \u00e0 la Bulle de G\u00e9rardchamps, port\u00e9 par la clameur d&rsquo;un public (plus de 800 personnes, \u00e0 l&rsquo;\u00e9poque) acquis \u00e0 sa cause. \u00c0 chaque fois qu&rsquo;on lui pr\u00e9disait (ou que lui-m\u00eame annon\u00e7ait) qu&rsquo;il s&rsquo;agissait de sa \u00ab\u00a0der des ders\u00a0\u00bb, Dim&rsquo; reprenait l&rsquo;entra\u00eenement, pouss\u00e9 par cette irr\u00e9sistible envie de ressentir une nouvelle fois la mont\u00e9e d&rsquo;adr\u00e9naline au coup de gong.<\/p>\n<p><a href=\"https:\/\/www.lavenir.net\/regions\/verviers\/verviers\/2012\/04\/18\/felikidis-vers-un-record-de-longevite-NG7IG2QH3BAHFMUODSIORLCO6A\/\" target=\"_self\" class=\"ap-StoryInterstitialLink ap-StoryElement ap-StoryElement--mb\" rel=\"nofollow noopener\">Felikidis vers un record de long\u00e9vit\u00e9<\/a><\/p>\n<p class=\"ap-StoryElement ap-StoryElement--mb ap-StoryText\">En avril 2012, \u00e0 Maison-Bois sur les hauteurs vervi\u00e9toises et theutoises, il signait l&rsquo;un de ses plus beaux exploits de long\u00e9vit\u00e9. Dans un combat spectaculaire <a href=\"https:\/\/www.lavenir.net\/regions\/verviers\/verviers\/2012\/04\/25\/dimitri-felekidis-cloture-en-beaute-G2IS5X5PWBBVRD3OAOLJVPH46U\/\" target=\"_self\" rel=\"nofollow noopener\">face au Colombien Jorge Ortiz<\/a>, il prouvait une nouvelle fois, \u00e0 51 ans, que le courage et la d\u00e9termination n&rsquo;ont pas d&rsquo;\u00e2ge. \u00ab\u00a0Le virus de la boxe est toujours en moi. D&rsquo;ailleurs, je vais \u00e9tablir un record de long\u00e9vit\u00e9 puisque je boxe depuis les ann\u00e9es 1970\u00a0\u00bb <a href=\"https:\/\/www.lavenir.net\/regions\/verviers\/verviers\/2012\/04\/18\/felikidis-vers-un-record-de-longevite-NG7IG2QH3BAHFMUODSIORLCO6A\/\" target=\"_self\" rel=\"nofollow noopener\">nous expliquait-il alors<\/a>, avec cette motivation toujours intacte.<\/p>\n<p><img loading=\"lazy\" decoding=\"async\" class=\"w-full lazyload lazyload--opacity object-contain\" style=\"aspect-ratio:125 \/ 100;opacity:1\" alt=\"Dimitri Felikidis est d\u00e9c\u00e9d\u00e9.\" width=\"768\" height=\"613\" fetchpriority=\"auto\" src=\"https:\/\/www.europesays.com\/be-fr\/wp-content\/uploads\/2026\/08\/1787046257_571_S5VKD3X55FFF3BW6V4SEHXNP7I.png\"  data- data-optimumx=\"1\"\/><img loading=\"lazy\" decoding=\"async\" src=\"https:\/\/www.europesays.com\/be-fr\/wp-content\/uploads\/2026\/08\/S2H5CZSKSNB7HE2ME6SLXTOCGQ.jpg\" width=\"768\" height=\"613\" alt=\"Dimitri Felikidis est d\u00e9c\u00e9d\u00e9.\" class=\"absolute inset-0 w-full\"\/>Dimitri Felikidis face au Colombien Ortiz. \u00a9L&rsquo;Avenir Verviers JRM<\/p>\n<p class=\"ap-StoryElement ap-StoryElement--mb ap-StoryText\">Vous l&rsquo;aurez compris : Dimitri Felikidis aura marqu\u00e9 plusieurs g\u00e9n\u00e9rations de sportifs et de passionn\u00e9s de la r\u00e9gion vervi\u00e9toise (et bien au-del\u00e0, aussi). C&rsquo;est une v\u00e9ritable page du sport en g\u00e9n\u00e9ral et de la boxe en particulier qui se tourne \u00e0 Verviers.<\/p>\n<p class=\"ap-StoryElement ap-StoryElement--mb ap-StoryText\">\u00c0 sa famille et \u00e0 ses proches, la r\u00e9daction sportive de l&rsquo;Avenir Verviers pr\u00e9sente ses plus sinc\u00e8res condol\u00e9ances.<\/p>\n","protected":false},"excerpt":{"rendered":"\u00ab\u00a0Cette fois, tu peux \u00e9crire que c&rsquo;est mon dernier combat\u00a0\u00bb Tant pis pour le temps qui passe Ce&hellip;\n","protected":false},"author":2,"featured_media":217138,"comment_status":"","ping_status":"","sticky":false,"template":"","format":"standard","meta":{"footnotes":"","_share_on_mastodon":"0"},"categories":[81],"tags":[12,13,18,17,84,3310],"class_list":["post-217137","post","type-post","status-publish","format-standard","has-post-thumbnail","category-sports","tag-be","tag-be-fr","tag-belgique","tag-belgium","tag-sports","tag-verviers"],"share_on_mastodon":{"url":"https:\/\/pubeurope.com\/@be_fr\/117115871134395013","error":""},"_links":{"self":[{"href":"https:\/\/www.europesays.com\/be-fr\/wp-json\/wp\/v2\/posts\/217137","targetHints":{"allow":["GET"]}}],"collection":[{"href":"https:\/\/www.europesays.com\/be-fr\/wp-json\/wp\/v2\/posts"}],"about":[{"href":"https:\/\/www.europesays.com\/be-fr\/wp-json\/wp\/v2\/types\/post"}],"author":[{"embeddable":true,"href":"https:\/\/www.europesays.com\/be-fr\/wp-json\/wp\/v2\/users\/2"}],"replies":[{"embeddable":true,"href":"https:\/\/www.europesays.com\/be-fr\/wp-json\/wp\/v2\/comments?post=217137"}],"version-history":[{"count":0,"href":"https:\/\/www.europesays.com\/be-fr\/wp-json\/wp\/v2\/posts\/217137\/revisions"}],"wp:featuredmedia":[{"embeddable":true,"href":"https:\/\/www.europesays.com\/be-fr\/wp-json\/wp\/v2\/media\/217138"}],"wp:attachment":[{"href":"https:\/\/www.europesays.com\/be-fr\/wp-json\/wp\/v2\/media?parent=217137"}],"wp:term":[{"taxonomy":"category","embeddable":true,"href":"https:\/\/www.europesays.com\/be-fr\/wp-json\/wp\/v2\/categories?post=217137"},{"taxonomy":"post_tag","embeddable":true,"href":"https:\/\/www.europesays.com\/be-fr\/wp-json\/wp\/v2\/tags?post=217137"}],"curies":[{"name":"wp","href":"https:\/\/api.w.org\/{rel}","templated":true}]}}