{"id":217525,"date":"2026-08-18T15:52:31","date_gmt":"2026-08-18T15:52:31","guid":{"rendered":"https:\/\/www.europesays.com\/be-fr\/217525\/"},"modified":"2026-08-18T15:52:31","modified_gmt":"2026-08-18T15:52:31","slug":"lev-chlosberg-onze-ans-de-prison-pour-avoir-denonce-la-guerre-je-vous-plains-votre-honneur-vous-devrez-vivre-avec-cela","status":"publish","type":"post","link":"https:\/\/www.europesays.com\/be-fr\/217525\/","title":{"rendered":"Lev Chlosberg, onze ans de prison pour avoir d\u00e9nonc\u00e9 la guerre : \u00ab\u00a0Je vous plains, votre Honneur ! Vous devrez vivre avec cela !\u00a0\u00bb"},"content":{"rendered":"<p>guillement<\/p>\n<p class=\"ap-StoryQuote-text\">Je vous plains, votre Honneur ! Vous devrez vivre avec cela !<\/p>\n<p class=\"ap-StoryElement ap-StoryElement--mb ap-StoryText\">\u00ab\u00a0Honte\u00a0\u00bb : c&rsquo;est ce qu&rsquo;ont cri\u00e9 des personnes pr\u00e9sentes dans la salle \u00e0 l&rsquo;\u00e9nonc\u00e9 du verdict, rapporte une journaliste de l&rsquo;AFP sur place. \u00ab\u00a0Je vous plains, votre Honneur ! Vous devrez vivre avec cela !\u00a0\u00bb, a lanc\u00e9 l&rsquo;opposant \u00e0 la juge. Iabloko (\u00ab\u00a0la pomme\u00a0\u00bb en russe) d\u00e9nonce une \u00ab\u00a0trag\u00e9die de la d\u00e9sint\u00e9gration de la justice russe contemporaine\u00a0\u00bb.<\/p>\n<p><a href=\"https:\/\/www.lalibre.be\/international\/europe\/guerre-ukraine-russie\/2026\/08\/17\/nous-prenons-du-retard-sur-la-chine-les-etats-unis-et-lukraine-un-economiste-russe-vire-apres-setre-oppose-a-poutine-dans-un-discours-GENJMAC7XNAMDD6VWK4ILUO4HY\/\" target=\"_self\" class=\"ap-StoryInterstitialLink ap-StoryElement ap-StoryElement--mb\" rel=\"nofollow noopener\">\u00ab\u00a0Nous prenons du retard sur la Chine, les \u00c9tats-Unis et l&rsquo;Ukraine\u00a0\u00bb: un \u00e9conomiste russe vir\u00e9 apr\u00e8s s&rsquo;\u00eatre oppos\u00e9 \u00e0 Poutine lors d&rsquo;un discours<\/a>\u00ab\u00a0Agent de l&rsquo;\u00e9tranger\u00a0\u00bb<\/p>\n<p class=\"ap-StoryElement ap-StoryElement--mb ap-StoryText\">Lev Markovich Chlosberg, de son nom complet, rejoint Iabloko \u00e0 31 ans et prend la t\u00eate de sa branche r\u00e9gionale de Pskov deux ans plus tard, en 1996. D\u00e9put\u00e9 local de 2011 \u00e0 2015, il \u00e9choue \u00e0 plusieurs reprises \u00e0 se faire \u00e9lire \u00e0 la <a href=\"https:\/\/www.lalibre.be\/international\/europe\/guerre-ukraine-russie\/2024\/03\/12\/la-douma-approuve-un-projet-de-loi-qui-exonere-de-toute-responsabilite-penale-les-soldats-mobilises-ou-contractuels-JGYHYYJ6GVG4VEYZ3FFFZTTYLA\/\" target=\"_self\" rel=\"nofollow noopener\">Douma<\/a>, chambre basse de l&rsquo;Assembl\u00e9e f\u00e9d\u00e9rale russe. En 2015, il r\u00e9v\u00e8le dans la presse locale la mort de soldats russes engag\u00e9s dans le Donbass pour soutenir les rebelles ukrainiens prorusses, alors que le Kremlin niait tout envoi de troupes r\u00e9guli\u00e8res en Ukraine. Une d\u00e9nonciation qui lui co\u00fbte son mandat r\u00e9gional. Il le retrouvera l&rsquo;ann\u00e9e suivante, jusqu&rsquo;en 2021.<\/p>\n<p class=\"ap-StoryQuote-text\">En 2021, sa candidature aux \u00e9lections l\u00e9gislatives est annul\u00e9e. Une d\u00e9cision condamn\u00e9e par la Cour europ\u00e9enne des droits de l&rsquo;homme.<\/p>\n<p class=\"ap-StoryElement ap-StoryElement--mb ap-StoryText\">Cette m\u00eame ann\u00e9e, la justice moscovite annule sa candidature aux \u00e9lections l\u00e9gislatives, en invoquant notamment des liens suppos\u00e9s avec la Fondation anticorruption d&rsquo;Alexe\u00ef Navalny, opposant d\u00e9c\u00e9d\u00e9 en centre p\u00e9nitentiaire en 2024. La Cour europ\u00e9enne des droits de l&rsquo;homme condamnera cette d\u00e9cision trois ans plus tard.<\/p>\n<p><a href=\"https:\/\/www.lalibre.be\/international\/europe\/guerre-ukraine-russie\/2026\/08\/17\/une-russie-affaiblie-ne-signifie-pas-une-russie-plus-cooperative-mais-plus-hostile-2WQZGCS3HNGTRHLZJGDAVI3KZY\/\" target=\"_self\" class=\"ap-StoryInterstitialLink ap-StoryElement ap-StoryElement--mb\" rel=\"nofollow noopener\">\u00ab\u00a0Une Russie affaiblie ne signifie pas une Russie plus coop\u00e9rative, mais plus hostile\u00a0\u00bb<\/a>Double coup dur<\/p>\n<p class=\"ap-StoryElement ap-StoryElement--mb ap-StoryText\">L&rsquo;ancien d\u00e9put\u00e9 est l&rsquo;un des rares opposants \u00e0 Vladimir <a href=\"https:\/\/www.lalibre.be\/international\/europe\/guerre-ukraine-russie\/2026\/08\/17\/nous-prenons-du-retard-sur-la-chine-les-etats-unis-et-lukraine-un-economiste-russe-vire-apres-setre-oppose-a-poutine-dans-un-discours-GENJMAC7XNAMDD6VWK4ILUO4HY\/\" target=\"_blank\" rel=\"noreferrer noopener nofollow\">Poutine <\/a>\u00e0 \u00eatre rest\u00e9 en Russie apr\u00e8s l&rsquo;invasion \u00e0 grande \u00e9chelle de l&rsquo;Ukraine en f\u00e9vrier 2022. Ce qui lui vaut le statut d'\u00a0\u00bbagent de l&rsquo;\u00e9tranger\u00a0\u00bb, une qualification utilis\u00e9e depuis 2012 par le minist\u00e8re russe de la Justice pour d\u00e9signer toute personne politiquement active qui re\u00e7oit de l&rsquo;\u00e9tranger des subventions ou des dons, m\u00eame minimes. Ce statut est \u00e9galement synonyme de lourdes contraintes, qu&rsquo;il est accus\u00e9, en octobre 2024, de ne pas respecter. M\u00eame dans l&rsquo;opposition, ses positions divisent parfois : plusieurs figures lui reprochent sa d\u00e9sapprobation des attaques ukrainiennes men\u00e9es en repr\u00e9sailles sur le sol russe.<\/p>\n<p class=\"ap-StoryQuote-text\">Plusieurs figures de l&rsquo;opposition lui reprochent sa d\u00e9sapprobation des attaques ukrainiennes men\u00e9es sur le sol russe.<\/p>\n<p class=\"ap-StoryElement ap-StoryElement--mb ap-StoryText\">Sa condamnation frappe un parti d\u00e9j\u00e0 \u00e0 terre. Seule formation lib\u00e9rale encore active en <a href=\"https:\/\/www.lalibre.be\/international\/europe\/guerre-ukraine-russie\/2026\/08\/17\/une-russie-affaiblie-ne-signifie-pas-une-russie-plus-cooperative-mais-plus-hostile-2WQZGCS3HNGTRHLZJGDAVI3KZY\/\" target=\"_blank\" rel=\"noreferrer noopener nofollow\">Russie<\/a>, la plupart des opposants \u00e9tant emprisonn\u00e9s, exil\u00e9s ou morts, Iabloko s&rsquo;est vu interdire, la semaine pass\u00e9e, de participer aux l\u00e9gislatives de septembre par la Cour supr\u00eame, qui a confirm\u00e9 lundi sa d\u00e9cision en appel. Les \u00e9lecteurs oppos\u00e9s \u00e0 la guerre n&rsquo;auront donc aucun bulletin pour l&rsquo;exprimer.<\/p>\n<p class=\"ap-StoryElement ap-StoryElement--mb ap-StoryText\">Devant le tribunal, plusieurs dizaines de sympathisants venus soutenir Iabloko ont \u00e9t\u00e9 interpell\u00e9s par la police apr\u00e8s le rejet du recours. Des arrestations que le dirigeant du parti, Nikola\u00ef Rybakov, qualifie d'\u00a0\u00bbintimidation\u00a0\u00bb.<\/p>\n","protected":false},"excerpt":{"rendered":"guillement Je vous plains, votre Honneur ! Vous devrez vivre avec cela ! \u00ab\u00a0Honte\u00a0\u00bb : c&rsquo;est ce qu&rsquo;ont&hellip;\n","protected":false},"author":2,"featured_media":217526,"comment_status":"","ping_status":"","sticky":false,"template":"","format":"standard","meta":{"footnotes":"","_share_on_mastodon":"0"},"categories":[9],"tags":[12,13,18,17,1276,31,2509,32],"class_list":["post-217525","post","type-post","status-publish","format-standard","has-post-thumbnail","category-international","tag-be","tag-be-fr","tag-belgique","tag-belgium","tag-conflit-russie-ukraine","tag-international","tag-vladimir-poutine","tag-world-news"],"share_on_mastodon":{"url":"https:\/\/pubeurope.com\/@be_fr\/117117317871287325","error":""},"_links":{"self":[{"href":"https:\/\/www.europesays.com\/be-fr\/wp-json\/wp\/v2\/posts\/217525","targetHints":{"allow":["GET"]}}],"collection":[{"href":"https:\/\/www.europesays.com\/be-fr\/wp-json\/wp\/v2\/posts"}],"about":[{"href":"https:\/\/www.europesays.com\/be-fr\/wp-json\/wp\/v2\/types\/post"}],"author":[{"embeddable":true,"href":"https:\/\/www.europesays.com\/be-fr\/wp-json\/wp\/v2\/users\/2"}],"replies":[{"embeddable":true,"href":"https:\/\/www.europesays.com\/be-fr\/wp-json\/wp\/v2\/comments?post=217525"}],"version-history":[{"count":0,"href":"https:\/\/www.europesays.com\/be-fr\/wp-json\/wp\/v2\/posts\/217525\/revisions"}],"wp:featuredmedia":[{"embeddable":true,"href":"https:\/\/www.europesays.com\/be-fr\/wp-json\/wp\/v2\/media\/217526"}],"wp:attachment":[{"href":"https:\/\/www.europesays.com\/be-fr\/wp-json\/wp\/v2\/media?parent=217525"}],"wp:term":[{"taxonomy":"category","embeddable":true,"href":"https:\/\/www.europesays.com\/be-fr\/wp-json\/wp\/v2\/categories?post=217525"},{"taxonomy":"post_tag","embeddable":true,"href":"https:\/\/www.europesays.com\/be-fr\/wp-json\/wp\/v2\/tags?post=217525"}],"curies":[{"name":"wp","href":"https:\/\/api.w.org\/{rel}","templated":true}]}}