{"id":218271,"date":"2026-08-19T07:34:07","date_gmt":"2026-08-19T07:34:07","guid":{"rendered":"https:\/\/www.europesays.com\/be-fr\/218271\/"},"modified":"2026-08-19T07:34:07","modified_gmt":"2026-08-19T07:34:07","slug":"le-fournisseur-dhebergement-neerlandais-mijn-host-setend-en-belgique","status":"publish","type":"post","link":"https:\/\/www.europesays.com\/be-fr\/218271\/","title":{"rendered":"Le fournisseur d\u2019h\u00e9bergement n\u00e9erlandais Mijn.host s\u2019\u00e9tend en Belgique"},"content":{"rendered":"<p class=\"wp-block-paragraph\">Le fournisseur d\u2019h\u00e9bergement n\u00e9erlandais Mijn.host s\u2019\u00e9tend en Belgique avec Bruxelles comme premi\u00e8re nouvelle localisation de centre de donn\u00e9es. Cette expansion se concentre sur la souverainet\u00e9 num\u00e9rique : donn\u00e9es europ\u00e9ennes, l\u00e9gislation europ\u00e9enne et propri\u00e9t\u00e9 ind\u00e9pendante.<\/p>\n<p class=\"wp-block-paragraph\">Le march\u00e9 belge de l\u2019h\u00e9bergement accueille un nouveau prestataire n\u00e9erlandais avec Mijn.host. Les clients belges auront acc\u00e8s aux noms de domaine, \u00e0 l\u2019h\u00e9bergement web et aux serveurs virtuels, tandis que le fournisseur entend d\u00e9velopper son infrastructure exclusivement en Europe. Pour l\u2019entreprise bas\u00e9e \u00e0 Amsterdam, il s\u2019agit de la premi\u00e8re expansion hors des Pays-Bas. Les projets d\u2019expansion d\u00e9passent les fronti\u00e8res de la Belgique : Mijn.host <a href=\"https:\/\/mijn.host\/blog\/engelstalige-website-my-host-gelanceerd-uitbreiding-in-europa\/\" rel=\"nofollow noopener\" target=\"_blank\">lance<\/a> un site web en anglais afin de pouvoir s\u2019adresser \u00e0 davantage de march\u00e9s.<\/p>\n<p>La souverainet\u00e9 comme point de d\u00e9part<\/p>\n<p class=\"wp-block-paragraph\">Selon Mijn.host, le march\u00e9 de l\u2019h\u00e9bergement n\u00e9erlandais et europ\u00e9en se consolide depuis des ann\u00e9es. Les fournisseurs locaux sont de plus en plus pass\u00e9s aux mains de groupes internationaux dont la soci\u00e9t\u00e9 m\u00e8re se trouve hors de l\u2019Union europ\u00e9enne. Le fournisseur d\u2019h\u00e9bergement belge Combell fait partie du groupe belgo-n\u00e9erlandais <a href=\"https:\/\/itdaily.be\/nieuws\/business\/team-blue-combell-vijf-miljard\/\" rel=\"nofollow noopener\" target=\"_blank\">team.blue.<\/a><\/p>\n<p class=\"readalso__label\">\u00c0 lire aussi<\/p>\n<p>\t\t\t\t\t\t<a href=\"https:\/\/itdaily.fr\/blogs\/cloud\/quest-ce-quun-fournisseur-dhebergement-gere\/\" class=\"teaser__link\" aria-label=\"Que fait un fournisseur d\u2019h\u00e9bergement g\u00e9r\u00e9 pour vous ?\" rel=\"nofollow noopener\" target=\"_blank\">Que fait un fournisseur d\u2019h\u00e9bergement g\u00e9r\u00e9 pour vous ?<\/a><\/p>\n<p class=\"teaser__excerpt teaser__excerpt--1\">Un fournisseur d\u2019h\u00e9bergement infog\u00e9r\u00e9 joue un r\u00f4le cl\u00e9 dans l\u2019h\u00e9bergement et la\u2026<\/p>\n<p>\t\t\t\t<a href=\"https:\/\/itdaily.fr\/hub\/cloud\/\" class=\"article__category article__category-26937\" title=\"Theme: Cloud\" rel=\"nofollow noopener\" target=\"_blank\">Cloud<\/a>\t\t\t\t\t\t\t\t\t 5min<\/p>\n<p class=\"wp-block-paragraph\">\u00ab En Belgique pr\u00e9cis\u00e9ment, le march\u00e9 de l\u2019h\u00e9bergement a \u00e9t\u00e9 presque enti\u00e8rement rachet\u00e9 par de grands groupes internationaux ces derni\u00e8res ann\u00e9es. Nous choisissons d\u00e9lib\u00e9r\u00e9ment l\u2019autre direction : rester ind\u00e9pendants, conserver les donn\u00e9es en Europe, et apporter d\u00e9sormais cette approche aux clients belges, avec Bruxelles comme premi\u00e8re nouvelle localisation de centre de donn\u00e9es \u00bb, d\u00e9clare Marijn Vlug, fondateur de Mijn.host.<\/p>\n<p class=\"wp-block-paragraph\">Parall\u00e8lement, les entreprises et organisations demandent plus de clart\u00e9 sur la localisation de leurs donn\u00e9es, la l\u00e9gislation applicable et le propri\u00e9taire de leur fournisseur. Mijn.host affirme donc rester d\u00e9lib\u00e9r\u00e9ment ind\u00e9pendant, sans soci\u00e9t\u00e9 m\u00e8re \u00e9trang\u00e8re. Le fournisseur souhaite ainsi pouvoir garantir une souverainet\u00e9 totale. <\/p>\n<p>Centre de donn\u00e9es \u00e0 Bruxelles<\/p>\n<p class=\"wp-block-paragraph\">Bruxelles devient la premi\u00e8re localisation de centre de donn\u00e9es de Mijn.host hors des Pays-Bas. Le fournisseur souhaite proposer plusieurs emplacements de serveurs en Europe, permettant aux clients de choisir eux-m\u00eames la localisation de leur service lors de la commande. Mijn.host g\u00e8re 200 000 noms de domaine actifs aux Pays-Bas pour 45 000 clients. Les clients n\u00e9erlandais existants conservent leurs tarifs actuels et leurs donn\u00e9es restent exclusivement aux Pays-Bas.<\/p>\n<p class=\"wp-block-paragraph\">Selon Mijn.host, l\u2019infrastructure fonctionne enti\u00e8rement \u00e0 l\u2019\u00e9nergie renouvelable. Le fournisseur plante \u00e9galement des arbres via WeForest. Pour les clients belges, Bruxelles constitue la premi\u00e8re \u00e9tape concr\u00e8te d\u2019un mod\u00e8le europ\u00e9en de gestion des donn\u00e9es. <\/p>\n<p>Bureau d\u2019enregistrement direct <\/p>\n<p class=\"wp-block-paragraph\">L\u2019offre compl\u00e8te est d\u00e9sormais disponible \u00e0 l\u2019international via my.host, avec un panneau de contr\u00f4le et une assistance en anglais. De plus, Mijn.host agit directement en tant que bureau d\u2019enregistrement dans un nombre croissant de pays europ\u00e9ens, sans interm\u00e9diaire.<\/p>\n<p class=\"wp-block-paragraph\">L\u2019entreprise est d\u00e9j\u00e0 bureau d\u2019enregistrement pour les domaines .nl, .be, .se et .nu aupr\u00e8s des gestionnaires nationaux de ces pays, dont <a href=\"https:\/\/itdaily.fr\/cio\/kristof-tuyteleers-ciso-dns-belgium\/\" rel=\"nofollow noopener\" target=\"_blank\">DNS Belgium<\/a> en Belgique. Elle propose des domaines \u00e0 partir de 4,99 euros. L\u2019entreprise souhaite y ajouter d\u2019autres pays europ\u00e9ens. Cette expansion rapproche l\u2019h\u00e9bergement des clients qui accordent de l\u2019importance au contr\u00f4le des donn\u00e9es et \u00e0 la juridiction.<\/p>\n<p class=\"readalso__label\">\u00c0 lire aussi<\/p>\n<p>\t\t\t\t\t\t<a href=\"https:\/\/itdaily.fr\/cio\/kristof-tuyteleers-ciso-dns-belgium\/\" class=\"teaser__link\" aria-label=\"Le capitaine du port de l\u2019internet belge : rencontre avec le CISO de DNS Belgium\" rel=\"nofollow noopener\" target=\"_blank\">Le capitaine du port de l\u2019internet belge : rencontre avec le CISO de DNS Belgium<\/a><\/p>\n<p class=\"teaser__excerpt teaser__excerpt--1\">En tant que gestionnaire des noms de domaine .be, .vlaanderen et .brussel, DNS B\u2026<\/p>\n<p>\t\t\t\t\t\t\t\t\t\t\t\t\t 12min<\/p>\n","protected":false},"excerpt":{"rendered":"Le fournisseur d\u2019h\u00e9bergement n\u00e9erlandais Mijn.host s\u2019\u00e9tend en Belgique avec Bruxelles comme premi\u00e8re nouvelle localisation de centre de donn\u00e9es.&hellip;\n","protected":false},"author":2,"featured_media":218272,"comment_status":"","ping_status":"","sticky":false,"template":"","format":"standard","meta":{"footnotes":"","_share_on_mastodon":"0"},"categories":[70],"tags":[12,13,18,17,10950,73,71,75,72,76,74],"class_list":["post-218271","post","type-post","status-publish","format-standard","has-post-thumbnail","category-sciences-et-technologies","tag-be","tag-be-fr","tag-belgique","tag-belgium","tag-hebergement","tag-science","tag-science-and-technology","tag-sciences","tag-sciences-et-technologies","tag-technologies","tag-technology"],"share_on_mastodon":{"url":"https:\/\/pubeurope.com\/@be_fr\/117121021718419542","error":""},"_links":{"self":[{"href":"https:\/\/www.europesays.com\/be-fr\/wp-json\/wp\/v2\/posts\/218271","targetHints":{"allow":["GET"]}}],"collection":[{"href":"https:\/\/www.europesays.com\/be-fr\/wp-json\/wp\/v2\/posts"}],"about":[{"href":"https:\/\/www.europesays.com\/be-fr\/wp-json\/wp\/v2\/types\/post"}],"author":[{"embeddable":true,"href":"https:\/\/www.europesays.com\/be-fr\/wp-json\/wp\/v2\/users\/2"}],"replies":[{"embeddable":true,"href":"https:\/\/www.europesays.com\/be-fr\/wp-json\/wp\/v2\/comments?post=218271"}],"version-history":[{"count":0,"href":"https:\/\/www.europesays.com\/be-fr\/wp-json\/wp\/v2\/posts\/218271\/revisions"}],"wp:featuredmedia":[{"embeddable":true,"href":"https:\/\/www.europesays.com\/be-fr\/wp-json\/wp\/v2\/media\/218272"}],"wp:attachment":[{"href":"https:\/\/www.europesays.com\/be-fr\/wp-json\/wp\/v2\/media?parent=218271"}],"wp:term":[{"taxonomy":"category","embeddable":true,"href":"https:\/\/www.europesays.com\/be-fr\/wp-json\/wp\/v2\/categories?post=218271"},{"taxonomy":"post_tag","embeddable":true,"href":"https:\/\/www.europesays.com\/be-fr\/wp-json\/wp\/v2\/tags?post=218271"}],"curies":[{"name":"wp","href":"https:\/\/api.w.org\/{rel}","templated":true}]}}