{"id":218773,"date":"2026-08-19T15:25:16","date_gmt":"2026-08-19T15:25:16","guid":{"rendered":"https:\/\/www.europesays.com\/be-fr\/218773\/"},"modified":"2026-08-19T15:25:16","modified_gmt":"2026-08-19T15:25:16","slug":"en-norvege-larmee-et-leglise-sassocient-face-a-la-russie-pour-nous-la-frontiere-est-sacree","status":"publish","type":"post","link":"https:\/\/www.europesays.com\/be-fr\/218773\/","title":{"rendered":"En Norv\u00e8ge, l&rsquo;arm\u00e9e et l&rsquo;\u00c9glise s&rsquo;associent face \u00e0 la Russie\u00a0: \u00ab\u00a0Pour nous, la fronti\u00e8re est sacr\u00e9e\u00a0\u00bb"},"content":{"rendered":"<p><a href=\"https:\/\/www.lalibre.be\/international\/europe\/guerre-ukraine-russie\/2024\/09\/28\/les-services-secrets-russes-se-rapprochent-de-la-frontiere-norvegienne-pour-envoyer-des-espions-en-europe-HUWN4TCXSJGE3ORYZAY4CZE25M\/\" target=\"_self\" class=\"ap-StoryInterstitialLink ap-StoryElement ap-StoryElement--mb js-paywall-target\" rel=\"nofollow noopener\">Les services secrets russes utilisent la fronti\u00e8re norv\u00e9gienne pour envoyer des espions en Europe<\/a>Alliance entre l&rsquo;arm\u00e9e et l&rsquo;\u00c9glise<\/p>\n<p class=\"ap-StoryElement ap-StoryElement--mb ap-StoryText\">Dimanche, l&rsquo;\u00e9glise de Grense Jakobselv, \u00e0 quelques m\u00e8tres de la ligne frontali\u00e8re, ne d\u00e9semplissait pas : uniformes militaires et habits eccl\u00e9siastiques s&rsquo;y c\u00f4toyaient, rapporte le m\u00e9dia num\u00e9rique norv\u00e9gien The Barents Observer. Baptis\u00e9e \u00ab\u00a0chapelle du roi Oscar II\u00a0\u00bb en souvenir d&rsquo;une visite du monarque su\u00e9dois (1829-1907), l&rsquo;\u00e9difice a \u00e9t\u00e9 construit en 1869, soit plus de quarante ans apr\u00e8s la signature de l&rsquo;accord frontalier. Aux c\u00f4t\u00e9s des dignitaires militaires et religieux se tenaient quelques-uns des soldats charg\u00e9s de surveiller au quotidien cette fronti\u00e8re.<\/p>\n<p class=\"ap-StoryElement ap-StoryElement--mb ap-StoryText\">L&rsquo;alliance entre l&rsquo;arm\u00e9e et l&rsquo;\u00c9glise est elle-m\u00eame presque aussi ancienne que le trait\u00e9. D\u00e8s la d\u00e9limitation de la fronti\u00e8re en 1826, les n\u00e9gociateurs russes avaient exig\u00e9 qu&rsquo;une chapelle orthodoxe du XVIe si\u00e8cle, situ\u00e9e sur la rive ouest de la rivi\u00e8re Pasvik, soit rattach\u00e9e \u00e0 leur territoire.<\/p>\n<p><a href=\"https:\/\/www.lalibre.be\/international\/europe\/guerre-ukraine-russie\/2026\/05\/26\/un-pays-de-lue-tire-la-sonnette-dalarme-la-russie-aurait-fortement-augmente-ses-capacites-dans-un-domaine-strategique-de-quoi-menacer-leurope-XBP2AZMITJH6PBSWWTZL63MQBQ\/\" target=\"_self\" class=\"ap-StoryInterstitialLink ap-StoryElement ap-StoryElement--mb\" rel=\"nofollow noopener\">Un pays de l&rsquo;UE tire la sonnette d&rsquo;alarme : la Russie aurait fortement augment\u00e9 ses capacit\u00e9s dans un domaine strat\u00e9gique, de quoi menacer l&rsquo;Europe ?<\/a>Militarisation de l&rsquo;\u00c9glise russe<\/p>\n<p class=\"ap-StoryElement ap-StoryElement--mb ap-StoryText\">Quelques jours avant cette comm\u00e9moration, au bord de la fronti\u00e8re, l&rsquo;\u00c9glise orthodoxe russe avait lou\u00e9 les soldats russes combattant en Ukraine lors d&rsquo;un office, affirmant qu&rsquo;ils ont \u00ab\u00a0Dieu de notre c\u00f4t\u00e9\u00a0\u00bb. C&rsquo;est cette d\u00e9rive belliciste que la c\u00e9r\u00e9monie norv\u00e9gienne a tenue \u00e0 condamner. \u00ab\u00a0Il n&rsquo;existe pas de guerre sainte\u00a0\u00bb, a estim\u00e9 l&rsquo;\u00e9v\u00eaque pr\u00e9sident Olav Fykse Tveit. \u00ab\u00a0Nous devons simplement condamner leur usage de la rh\u00e9torique belliqueuse. Ce n&rsquo;est pas le r\u00f4le de l&rsquo;\u00c9glise. [\u2026] Nous devons dire clairement que ce n&rsquo;est pas une mani\u00e8re chr\u00e9tienne de se comporter.\u00a0\u00bb<\/p>\n<p class=\"ap-StoryElement ap-StoryElement--mb ap-StoryText\">Dans son allocution, John Olav Fuglem, chef de la brigade du comt\u00e9 de Finnmark, en cours de constitution, a affirm\u00e9 que \u00ab\u00a0pour nous, dans les forces arm\u00e9es, la fronti\u00e8re est sacr\u00e9e. Nous la patrouillons tous les jours, toute l&rsquo;ann\u00e9e. Et nous la gardons comme si c&rsquo;\u00e9tait la chose la plus pr\u00e9cieuse que nous ayons.\u00a0\u00bb<\/p>\n<p><a href=\"https:\/\/www.lalibre.be\/international\/europe\/guerre-ukraine-russie\/2024\/05\/04\/le-patriotisme-religieux-de-leglise-orthodoxe-russe-un-petit-coup-de-pouce-a-la-propagande-de-guerre-de-poutine-TOBR4W5S3VCMNP4L2YCFT4JEZQ\/\" target=\"_self\" class=\"ap-StoryInterstitialLink ap-StoryElement ap-StoryElement--mb\" rel=\"nofollow noopener\">Le patriotisme religieux de l&rsquo;\u00c9glise orthodoxe russe, un petit coup de pouce \u00e0 la propagande de guerre de Poutine<\/a>Calme relatif sur le terrain<\/p>\n<p class=\"ap-StoryElement ap-StoryElement--mb ap-StoryText\">\u00ab\u00a0High North, Low Tension\u00a0\u00bb, soit \u00ab\u00a0Grand Nord, Faible Tension\u00a0\u00bb : l&rsquo;adage local r\u00e9sume traditionnellement l&rsquo;ambiance qui r\u00e8gne le long de cette fronti\u00e8re, m\u00eame si les \u00e9changes s&rsquo;y sont nettement rar\u00e9fi\u00e9s depuis l&rsquo;invasion \u00e0 grande \u00e9chelle de l&rsquo;Ukraine en f\u00e9vrier 2022.<\/p>\n<p>guillement<\/p>\n<p class=\"ap-StoryQuote-text\">Lorsque nous rencontrons nos coll\u00e8gues russes le long de la fronti\u00e8re, nous le faisons avec respect, tout en \u00e9tant tr\u00e8s clairs sur notre position.<\/p>\n<p class=\"ap-StoryElement ap-StoryElement--mb ap-StoryText\">Le brigadier Fuglem assure qu&rsquo;un calme relatif continue de pr\u00e9valoir sur le terrain, malgr\u00e9 des tensions par ailleurs \u00e9lev\u00e9es. Il a d\u00e9crit une relation avec l&rsquo;arm\u00e9e russe empreinte de respect mutuel : \u00ab\u00a0Lorsque nous rencontrons nos coll\u00e8gues russes le long de la fronti\u00e8re ou lors de r\u00e9unions officielles, nous le faisons avec respect et une compr\u00e9hension de la mission que nous partageons, tout en \u00e9tant tr\u00e8s clairs sur notre position.\u00a0\u00bb<\/p>\n<p>Dissuasion r\u00e9ciproque<\/p>\n<p class=\"ap-StoryElement ap-StoryElement--mb ap-StoryText\">R\u00e9duits mais bien r\u00e9els, les contacts entre les deux arm\u00e9es se poursuivent ainsi, notamment autour des activit\u00e9s de p\u00eache, de l&rsquo;intervention d&rsquo;urgence et du contr\u00f4le aux fronti\u00e8res. Un seul poste continue d&rsquo;ailleurs de relier les deux pays : Kirkenes, point de passage historique entre l&rsquo;Otan et la Russie, rest\u00e9 extr\u00eamement sensible. En t\u00e9moignent les exercices militaires que chaque camp y organise r\u00e9guli\u00e8rement, dans une logique de dissuasion r\u00e9ciproque.<\/p>\n<p class=\"ap-StoryElement ap-StoryElement--mb ap-StoryText\">\u00ab\u00a0Les relations entre la Norv\u00e8ge et la Russie ont travers\u00e9 des p\u00e9riodes tr\u00e8s diff\u00e9rentes\u00a0\u00bb, a rappel\u00e9 John Olav Fuglem. \u00ab\u00a0Alors que nous comm\u00e9morons d\u00e9sormais les 200 ans depuis l&rsquo;accord frontalier, nous soulignons l&rsquo;importance de comprendre notre histoire et notre culture.\u00a0\u00bb<\/p>\n<p><img loading=\"lazy\" decoding=\"async\" class=\"w-full lazyload lazyload--opacity object-contain\" style=\"aspect-ratio:115.99999999999999 \/ 100;opacity:1\" alt=\"Fronti\u00e8res entre la Norv\u00e8ge et la Russie.\" width=\"768\" height=\"662\" fetchpriority=\"auto\" src=\"https:\/\/www.europesays.com\/be-fr\/wp-content\/uploads\/2026\/08\/1787153115_648_S5VKD3X55FFF3BW6V4SEHXNP7I.png\"  data- data-optimumx=\"1\"\/><img loading=\"lazy\" decoding=\"async\" src=\"https:\/\/www.europesays.com\/be-fr\/wp-content\/uploads\/2026\/08\/YWDVCQLQQ5A7TJKVKEXB5A6YHY.jpg\" width=\"768\" height=\"662\" alt=\"Fronti\u00e8res entre la Norv\u00e8ge et la Russie.\" class=\"absolute inset-0 w-full\"\/>Fronti\u00e8re entre la Norv\u00e8ge et la Russie. \u00a9IPM Graphics<\/p>\n","protected":false},"excerpt":{"rendered":"Les services secrets russes utilisent la fronti\u00e8re norv\u00e9gienne pour envoyer des espions en EuropeAlliance entre l&rsquo;arm\u00e9e et l&rsquo;\u00c9glise&hellip;\n","protected":false},"author":2,"featured_media":218774,"comment_status":"","ping_status":"","sticky":false,"template":"","format":"standard","meta":{"footnotes":"","_share_on_mastodon":"0"},"categories":[9],"tags":[12,13,18,17,1276,31,32],"class_list":["post-218773","post","type-post","status-publish","format-standard","has-post-thumbnail","category-international","tag-be","tag-be-fr","tag-belgique","tag-belgium","tag-conflit-russie-ukraine","tag-international","tag-world-news"],"share_on_mastodon":{"url":"https:\/\/pubeurope.com\/@be_fr\/117122873962812774","error":""},"_links":{"self":[{"href":"https:\/\/www.europesays.com\/be-fr\/wp-json\/wp\/v2\/posts\/218773","targetHints":{"allow":["GET"]}}],"collection":[{"href":"https:\/\/www.europesays.com\/be-fr\/wp-json\/wp\/v2\/posts"}],"about":[{"href":"https:\/\/www.europesays.com\/be-fr\/wp-json\/wp\/v2\/types\/post"}],"author":[{"embeddable":true,"href":"https:\/\/www.europesays.com\/be-fr\/wp-json\/wp\/v2\/users\/2"}],"replies":[{"embeddable":true,"href":"https:\/\/www.europesays.com\/be-fr\/wp-json\/wp\/v2\/comments?post=218773"}],"version-history":[{"count":0,"href":"https:\/\/www.europesays.com\/be-fr\/wp-json\/wp\/v2\/posts\/218773\/revisions"}],"wp:featuredmedia":[{"embeddable":true,"href":"https:\/\/www.europesays.com\/be-fr\/wp-json\/wp\/v2\/media\/218774"}],"wp:attachment":[{"href":"https:\/\/www.europesays.com\/be-fr\/wp-json\/wp\/v2\/media?parent=218773"}],"wp:term":[{"taxonomy":"category","embeddable":true,"href":"https:\/\/www.europesays.com\/be-fr\/wp-json\/wp\/v2\/categories?post=218773"},{"taxonomy":"post_tag","embeddable":true,"href":"https:\/\/www.europesays.com\/be-fr\/wp-json\/wp\/v2\/tags?post=218773"}],"curies":[{"name":"wp","href":"https:\/\/api.w.org\/{rel}","templated":true}]}}