{"id":220149,"date":"2026-08-20T15:51:11","date_gmt":"2026-08-20T15:51:11","guid":{"rendered":"https:\/\/www.europesays.com\/be-fr\/220149\/"},"modified":"2026-08-20T15:51:11","modified_gmt":"2026-08-20T15:51:11","slug":"y-a-t-il-une-reduction-pour-les-legendes-quand-eden-hazard-prend-au-piege-le-personnel-de-chelsea","status":"publish","type":"post","link":"https:\/\/www.europesays.com\/be-fr\/220149\/","title":{"rendered":"\u00ab\u00a0Y a-t-il une r\u00e9duction pour les l\u00e9gendes\u00a0?\u00a0\u00bb: quand Eden Hazard prend au pi\u00e8ge le personnel de Chelsea"},"content":{"rendered":"<p class=\"ap-StoryElement ap-StoryElement--mb ap-StoryText\">\u00c0 la retraite, Eden Hazard prend du bon temps. Cette fois, il a voulu prendre au pi\u00e8ge les vendeurs de maillots de son club de c\u0153ur, Chelsea.<\/p>\n<p class=\"ap-StoryElement ap-StoryElement--mb ap-StoryText\">S&rsquo;il voulait passer incognito, c&rsquo;est rat\u00e9.<\/p>\n<p>\u00ab\u00a0Vont-ils me reconna\u00eetre\u00a0?\u00a0\u00bb<\/p>\n<p class=\"ap-StoryElement ap-StoryElement--mb ap-StoryText\">Si jamais vous vous en inqui\u00e9tiez, Eden Hazard ne s&rsquo;ennuie pas du tout pendant sa retraite\u00a0! D\u00e9but ao\u00fbt, on le retrouvait au Ronqui\u00e8res Festival en tyrolienne. En juin, il a \u00e9galement pr\u00eat\u00e9 son image pour un nouveau burger Quick tandis qu&rsquo;il a investi dans le vin en f\u00e9vrier.<\/p>\n<p><a href=\"https:\/\/www.dhnet.be\/lifestyle\/people\/2026\/02\/07\/fluide-et-rond-avec-une-technique-parfaitement-maitrisee-la-dh-a-goute-en-avant-premiere-les-vins-signes-eden-hazard-LBRXM7WKLVAGZGRQGOUWXRMIBY\/\" target=\"_self\" class=\"ap-StoryInterstitialLink ap-StoryElement ap-StoryElement--mb\" rel=\"nofollow noopener\">\u00ab\u00a0Fluide et rond avec une technique parfaitement ma\u00eetris\u00e9e\u2026\u00a0\u00bb La DH a go\u00fbt\u00e9 en avant-premi\u00e8re les vins sign\u00e9s Eden Hazard !<\/a><\/p>\n<p class=\"ap-StoryElement ap-StoryElement--mb ap-StoryText\">Cette fois-ci, on le voit essayer de \u00ab\u00a0pranker\u00a0\u00bb les vendeurs de Chelsea.<\/p>\n<p class=\"ap-StoryElement ap-StoryElement--mb ap-StoryText\">Avec l&rsquo;humour qu&rsquo;on lui conna\u00eet, il a publi\u00e9 une vid\u00e9o sur les r\u00e9seaux sociaux. Avant d&rsquo;entrer, il s&rsquo;est pos\u00e9 une question\u00a0: \u00ab\u00a0Vont-ils me reconna\u00eetre\u00a0?\u00a0\u00bb<\/p>\n<p class=\"ap-StoryElement ap-StoryElement--mb ap-StoryText\">De 2012 \u00e0 2019, il a illumin\u00e9 les fans de ses arabesques. C&rsquo;est donc tout naturellement qu&rsquo;il a \u00e9t\u00e9 reconnu d\u00e8s son entr\u00e9e dans le magasin, avec ou sans capuche. Si certaines personnes sont polies ou se posent des questions, un autre demande directement un selfie avec l&rsquo;ex-Diable rouge.<\/p>\n<p><a href=\"https:\/\/www.dhnet.be\/conso\/consommation\/2026\/06\/02\/quick-sort-une-collaboration-avec-eden-hazard-juste-avant-la-coupe-du-monde-un-burger-avec-plein-dandalouse-video-UIUCVVTQUNHJHNMGPFCANMQ5YU\/\" target=\"_self\" class=\"ap-StoryInterstitialLink ap-StoryElement ap-StoryElement--mb\" rel=\"nofollow noopener\">Quick sort une collaboration avec\u2026 Eden Hazard juste avant la Coupe du Monde : \u00ab\u00a0Un burger avec plein d&rsquo;andalouse\u00a0\u00bb (VIDEO)<\/a><\/p>\n<p class=\"ap-StoryElement ap-StoryElement--mb ap-StoryText\">\u00c0 la caisse, il a encore montr\u00e9 qu&rsquo;il n&rsquo;avait pas perdu son sens de l&rsquo;ironie. Alors qu&rsquo;il avait pris un maillot pour ses cinq enfants, tous floqu\u00e9s Hazard 10 bien s\u00fbr, il a lanc\u00e9\u00a0: \u00ab\u00a0Y a-t-il une ristourne pour les l\u00e9gendes\u00a0? 50\u00a0%\u00a0? 75\u00a0%\u00a0?\u00a0\u00bb<\/p>\n<p class=\"ap-StoryElement ap-StoryElement--mb ap-StoryText\">De quoi faire rire l&#8217;employ\u00e9 qui a r\u00e9pondu\u00a0: \u00ab\u00a0Quand John Terry (NDLR, une autre l\u00e9gende de Chelsea) arrive, il n&rsquo;obtient pas autant de ristourne.\u00a0\u00bb.<\/p>\n<p class=\"ap-StoryElement ap-StoryElement--mb ap-StoryText\">R\u00e9ponse spontan\u00e9e de l&rsquo;ancien capitaine de la Belgique\u00a0: \u00ab\u00a0Oui, mais il est vieux. Je suis plus jeune.\u00a0\u00bb<\/p>\n<p><a href=\"https:\/\/www.dhnet.be\/regions\/centre\/2026\/08\/07\/eden-hazard-debarque-au-ronquieres-festival-et-profite-dune-descente-en-tyrolienne-Q4GZYYM6PJHPJIRZ5LL77YRI74\/\" target=\"_self\" class=\"ap-StoryInterstitialLink ap-StoryElement ap-StoryElement--mb\" rel=\"nofollow noopener\">Eden Hazard d\u00e9barque au Ronqui\u00e8res Festival et profite d&rsquo;une descente en tyrolienne !<\/a><\/p>\n<p class=\"ap-StoryElement ap-StoryElement--mb ap-StoryText\">On ne saura jamais combien il a pay\u00e9. Par contre, il a fait un don \u00e0 la Fondation de Chelsea. Preuve qu&rsquo;il est aussi g\u00e9n\u00e9reux que dr\u00f4le\u00a0!<\/p>\n","protected":false},"excerpt":{"rendered":"\u00c0 la retraite, Eden Hazard prend du bon temps. Cette fois, il a voulu prendre au pi\u00e8ge les&hellip;\n","protected":false},"author":2,"featured_media":220150,"comment_status":"","ping_status":"","sticky":false,"template":"","format":"standard","meta":{"footnotes":"","_share_on_mastodon":"0"},"categories":[81],"tags":[12,13,18,17,6654,84],"class_list":["post-220149","post","type-post","status-publish","format-standard","has-post-thumbnail","category-sports","tag-be","tag-be-fr","tag-belgique","tag-belgium","tag-eden-hazard","tag-sports"],"share_on_mastodon":{"url":"https:\/\/pubeurope.com\/@be_fr\/117128638188861318","error":""},"_links":{"self":[{"href":"https:\/\/www.europesays.com\/be-fr\/wp-json\/wp\/v2\/posts\/220149","targetHints":{"allow":["GET"]}}],"collection":[{"href":"https:\/\/www.europesays.com\/be-fr\/wp-json\/wp\/v2\/posts"}],"about":[{"href":"https:\/\/www.europesays.com\/be-fr\/wp-json\/wp\/v2\/types\/post"}],"author":[{"embeddable":true,"href":"https:\/\/www.europesays.com\/be-fr\/wp-json\/wp\/v2\/users\/2"}],"replies":[{"embeddable":true,"href":"https:\/\/www.europesays.com\/be-fr\/wp-json\/wp\/v2\/comments?post=220149"}],"version-history":[{"count":0,"href":"https:\/\/www.europesays.com\/be-fr\/wp-json\/wp\/v2\/posts\/220149\/revisions"}],"wp:featuredmedia":[{"embeddable":true,"href":"https:\/\/www.europesays.com\/be-fr\/wp-json\/wp\/v2\/media\/220150"}],"wp:attachment":[{"href":"https:\/\/www.europesays.com\/be-fr\/wp-json\/wp\/v2\/media?parent=220149"}],"wp:term":[{"taxonomy":"category","embeddable":true,"href":"https:\/\/www.europesays.com\/be-fr\/wp-json\/wp\/v2\/categories?post=220149"},{"taxonomy":"post_tag","embeddable":true,"href":"https:\/\/www.europesays.com\/be-fr\/wp-json\/wp\/v2\/tags?post=220149"}],"curies":[{"name":"wp","href":"https:\/\/api.w.org\/{rel}","templated":true}]}}