{"id":220604,"date":"2026-08-21T01:24:12","date_gmt":"2026-08-21T01:24:12","guid":{"rendered":"https:\/\/www.europesays.com\/be-fr\/220604\/"},"modified":"2026-08-21T01:24:12","modified_gmt":"2026-08-21T01:24:12","slug":"apres-avoir-menace-de-detruire-totalement-la-coree-du-nord-donald-trump-aspire-a-revoir-kim-jong-un","status":"publish","type":"post","link":"https:\/\/www.europesays.com\/be-fr\/220604\/","title":{"rendered":"Apr\u00e8s avoir menac\u00e9 de \u00ab\u00a0d\u00e9truire totalement\u00a0\u00bb la Cor\u00e9e du Nord, Donald Trump aspire \u00e0 revoir Kim Jong-un"},"content":{"rendered":"<p class=\"ap-StoryElement ap-StoryElement--mb ap-StoryText\">Pour expliquer ce rendez-vous manqu\u00e9, Donald Trump a rappel\u00e9 qu&rsquo;il avait eu, \u00e0 l&rsquo;\u00e9poque, dans la ville sud-cor\u00e9enne de Busan, un long entretien avec Xi Jinping et qu&rsquo;une rencontre avec Kim Jong-un aurait f\u00e2cheusement fait de l&rsquo;ombre \u00e0 ces n\u00e9gociations sino-am\u00e9ricaines \u2013 ce qui serait revenu \u00e0 \u00ab\u00a0manquer de respect\u00a0\u00bb \u00e0 l&rsquo;\u00e9gard de son \u00ab\u00a0ami\u00a0\u00bb Xi. Il est plus probable que Pyongyang ne br\u00fblait pas alors du d\u00e9sir d&rsquo;accueillir le pr\u00e9sident am\u00e9ricain et, cette fois encore, le doute est permis puisque l&rsquo;influente s\u0153ur de Kim Jong-un, Kim Yo-jong, a d\u00e9clar\u00e9 qu&rsquo;elle ignorait tout d&rsquo;\u00e9ventuels contacts r\u00e9cents entre la Maison-Blanche et son fr\u00e8re.<\/p>\n<p>De bons sentiments personnels<\/p>\n<p class=\"ap-StoryElement ap-StoryElement--mb ap-StoryText\">Alors que, selon Donald Trump, Kim Jong-un a \u00ab\u00a0r\u00e9pondu tr\u00e8s positivement\u00a0\u00bb \u00e0 sa demande, Kim Yo-jong a pouss\u00e9 la perfidie en pr\u00e9cisant : \u00ab\u00a0Ce serait probablement l\u00e0 l&rsquo;unique question de politique \u00e9trang\u00e8re de nos plus hauts dirigeants dont je n&rsquo;aurais pas connaissance.\u00a0\u00bb Elle a, toutefois, indiqu\u00e9 que son fr\u00e8re avait conserv\u00e9 \u00ab\u00a0de bons sentiments personnels\u00a0\u00bb \u00e0 l&rsquo;\u00e9gard du pr\u00e9sident am\u00e9ricain.<\/p>\n<p><a href=\"https:\/\/www.lalibre.be\/international\/amerique\/2026\/08\/18\/donald-trump-inflige-un-revers-a-la-coree-du-sud-cest-juste-un-pretexte-7GTOHFWSZZGU3F7KZX43F7OMGU\/\" target=\"_self\" class=\"ap-StoryInterstitialLink ap-StoryElement ap-StoryElement--mb\" rel=\"nofollow noopener\">Donald Trump inflige un revers \u00e0 la Cor\u00e9e du Sud: \u00ab\u00a0C&rsquo;est juste un pr\u00e9texte\u00a0\u00bb<\/a><\/p>\n<p class=\"ap-StoryElement ap-StoryElement--mb ap-StoryText\">Donald Trump reste le seul pr\u00e9sident am\u00e9ricain \u00e0 avoir jamais rencontr\u00e9 un dirigeant supr\u00eame de la Cor\u00e9e du Nord, et ce \u00e0 Singapour en juin 2018, puis \u00e0 Hano\u00ef en f\u00e9vrier 2019. Il est aussi le seul \u00e0 avoir pos\u00e9 le pied sur le sol nord-cor\u00e9en, f\u00fbt-ce furtivement, \u00e0 l&rsquo;occasion d&rsquo;une troisi\u00e8me rencontre avec Kim Jong-un, en juin 2019, \u00e0 Panmunjom, sur la ligne de d\u00e9marcation entre les deux Cor\u00e9es. Bill Clinton avait bien failli l&rsquo;y pr\u00e9c\u00e9der et avait d\u00e9p\u00each\u00e9 \u00e0 Pyongyang Madeleine Albright en octobre 2000, mais l&rsquo;initiative ne livra d&rsquo;autre r\u00e9sultat qu&rsquo;un chapitre d\u00e9sopilant dans les M\u00e9moires de la secr\u00e9taire d&rsquo;\u00c9tat.<\/p>\n<p>Signal inappropri\u00e9<\/p>\n<p class=\"ap-StoryElement ap-StoryElement--mb ap-StoryText\">Les vell\u00e9it\u00e9s de Donald Trump de renouer le dialogue avec <a href=\"https:\/\/www.lalibre.be\/international\/2017\/09\/24\/trump-repond-au-discours-nord-coreen-a-lonu-ils-ne-seront-plus-la-pour-tres-longtemps-WIPZA2C6DVDHJMRGJKTVJK4CEU\/\" target=\"_self\" rel=\"nofollow noopener\">un pays qu&rsquo;il avait menac\u00e9 de \u00ab\u00a0d\u00e9truire totalement\u00a0\u00bb dans un discours inoubliable devant l&rsquo;Onu, en septembre 2017<\/a>, s&rsquo;inscrivent dans un contexte particulier. En d\u00e9but de semaine, il avait d\u00e9j\u00e0 cr\u00e9\u00e9 la surprise en annon\u00e7ant une r\u00e9duction spectaculaire des man\u0153uvres militaires que les \u00c9tats-Unis m\u00e8nent chaque ann\u00e9e conjointement avec la Cor\u00e9e du Sud, au motif qu&rsquo;elles envoient \u00ab\u00a0un signal inappropri\u00e9\u00a0\u00bb \u00e0 Pyongyang.<\/p>\n<p class=\"ap-StoryElement ap-StoryElement--mb ap-StoryText\">Cette d\u00e9cision et sa justification trahissent, toutefois, un message adress\u00e9 autant \u00e0 la Cor\u00e9e du Sud qu&rsquo;\u00e0 son rival communiste du Nord. Donald Trump ne s&rsquo;en est pas cach\u00e9 en fustigeant la r\u00e9ticence des Sud-Cor\u00e9ens \u00e0 contribuer \u00e0 la r\u00e9ouverture du d\u00e9troit d&rsquo;Ormuz. Il leur reproche aussi de n&rsquo;avoir pas tenu leurs promesses d&rsquo;investir massivement aux \u00c9tats-Unis en contrepartie d&rsquo;une r\u00e9duction des droits de douane qu&rsquo;il leur avait initialement impos\u00e9s.<\/p>\n<p>Questions d&rsquo;argent<\/p>\n<p class=\"ap-StoryElement ap-StoryElement--mb ap-StoryText\">Aux repr\u00e9sailles ainsi assum\u00e9es s&rsquo;ajoutent des consid\u00e9rations plus terre \u00e0 terre. Les man\u0153uvres ont un co\u00fbt, a admis Donald Trump ; or le Pentagone est d\u00e9j\u00e0 saign\u00e9 \u00e0 blanc par la guerre contre l&rsquo;Iran. Plus g\u00e9n\u00e9ralement, Washington entend faire payer ses alli\u00e9s pour leur s\u00e9curit\u00e9. Cela vaut pour l&rsquo;Europe comme pour des pays asiatiques qui, en outre, sont aujourd&rsquo;hui beaucoup plus riches qu&rsquo;ils ne l&rsquo;\u00e9taient au temps de la guerre froide.<\/p>\n<p><a href=\"https:\/\/www.lalibre.be\/international\/amerique\/2025\/09\/07\/trump-projetait-despionner-kim-jong-un-grace-a-une-unite-delite-le-dirigeant-nord-coreen-semblait-de-plus-en-plus-imprevisible-et-dangereux-D45EPMR7SRFN7MPIVWKYJA5LYI\/\" target=\"_self\" class=\"ap-StoryInterstitialLink ap-StoryElement ap-StoryElement--mb\" rel=\"nofollow noopener\">Le projet fou de Donald Trump pour espionner Kim Jong-un: \u00ab\u00a0Il semblait de plus en plus impr\u00e9visible et dangereux\u00a0\u00bb<\/a><\/p>\n<p class=\"ap-StoryElement ap-StoryElement--mb ap-StoryText\">Enfin, <a href=\"https:\/\/www.lalibre.be\/economie\/conjoncture\/2026\/08\/20\/pourquoi-les-pays-du-golfe-se-ruent-sur-les-petroliers-ZXUYYE4KONFW3PESMM7TGIKNBQ\/\" target=\"_self\" rel=\"nofollow noopener\">le conflit en cours au Moyen-Orient<\/a> a montr\u00e9 la vuln\u00e9rabilit\u00e9 des bases am\u00e9ricaines (quelque 200 installations militaires ont \u00e9t\u00e9 d\u00e9truites ou endommag\u00e9es). Le constat vaut pour celles dont les \u00c9tats-Unis disposent en Asie orientale, expos\u00e9es \u00e0 d&rsquo;\u00e9ventuelles frappes chinoises ou nord-cor\u00e9ennes. L&rsquo;heure du d\u00e9sengagement est sans doute arriv\u00e9e et autant qu&rsquo;il se pr\u00e9pare dans un climat apais\u00e9 avec Pyongyang.<\/p>\n<p>Une puissance nucl\u00e9aire \u00e9tablie<\/p>\n<p class=\"ap-StoryElement ap-StoryElement--mb ap-StoryText\">Donald Trump croit pouvoir attribuer \u00e0 l&rsquo;obstruction de faucons tels que son ancien conseiller \u00e0 S\u00e9curit\u00e9 nationale John Bolton l&rsquo;\u00e9chec de ses pr\u00e9c\u00e9dents pourparlers avec Kim Jong-un. Rien ne dit, cependant, qu&rsquo;il r\u00e9ussira mieux cette fois, bien au contraire. La Cor\u00e9e du Nord s&rsquo;est renforc\u00e9e dans l&rsquo;intervalle. Elle a assis son statut de puissance nucl\u00e9aire et elle a consolid\u00e9 ses liens avec la Russie, qu&rsquo;elle aide militairement dans son <a href=\"https:\/\/www.lalibre.be\/international\/europe\/guerre-ukraine-russie\/\" target=\"_self\" rel=\"nofollow noopener\">agression contre l&rsquo;Ukraine<\/a> \u2013 une dimension qui ne pourra \u00eatre ignor\u00e9e, quand bien m\u00eame Volodymyr Zelensky compte sans doute moins aux yeux du pr\u00e9sident am\u00e9ricain que Kim Jong-un ou Vladimir Poutine.<\/p>\n<p class=\"ap-StoryElement ap-StoryElement--mb ap-StoryText\">Si l&rsquo;objectif de Donald Trump est de redorer son blason, et pas seulement de provoquer un nouveau buzz m\u00e9diatique, la marge sera extr\u00eamement \u00e9troite. Pas plus que l&rsquo;Iran, la Cor\u00e9e du Nord n&rsquo;est dispos\u00e9e \u00e0 renoncer \u00e0 son programme nucl\u00e9aire. Or on voit mal comment la Maison-Blanche pourrait s&rsquo;en accommoder dans un cas, et pas dans l&rsquo;autre, si ce n&rsquo;est \u00e0 consid\u00e9rer que Pyongyang, \u00e0 la diff\u00e9rence de T\u00e9h\u00e9ran, ne menace pas Isra\u00ebl. Une explication qui ne pourrait que sembler un peu courte.<\/p>\n","protected":false},"excerpt":{"rendered":"Pour expliquer ce rendez-vous manqu\u00e9, Donald Trump a rappel\u00e9 qu&rsquo;il avait eu, \u00e0 l&rsquo;\u00e9poque, dans la ville sud-cor\u00e9enne&hellip;\n","protected":false},"author":2,"featured_media":220605,"comment_status":"","ping_status":"","sticky":false,"template":"","format":"standard","meta":{"footnotes":"","_share_on_mastodon":"0"},"categories":[8],"tags":[10,12,13,18,17,1276,34,2208,11,2509],"class_list":["post-220604","post","type-post","status-publish","format-standard","has-post-thumbnail","category-actualites","tag-actualites","tag-be","tag-be-fr","tag-belgique","tag-belgium","tag-conflit-russie-ukraine","tag-donald-trump","tag-iran","tag-news","tag-vladimir-poutine"],"share_on_mastodon":{"url":"https:\/\/pubeurope.com\/@be_fr\/117130891471056301","error":""},"_links":{"self":[{"href":"https:\/\/www.europesays.com\/be-fr\/wp-json\/wp\/v2\/posts\/220604","targetHints":{"allow":["GET"]}}],"collection":[{"href":"https:\/\/www.europesays.com\/be-fr\/wp-json\/wp\/v2\/posts"}],"about":[{"href":"https:\/\/www.europesays.com\/be-fr\/wp-json\/wp\/v2\/types\/post"}],"author":[{"embeddable":true,"href":"https:\/\/www.europesays.com\/be-fr\/wp-json\/wp\/v2\/users\/2"}],"replies":[{"embeddable":true,"href":"https:\/\/www.europesays.com\/be-fr\/wp-json\/wp\/v2\/comments?post=220604"}],"version-history":[{"count":0,"href":"https:\/\/www.europesays.com\/be-fr\/wp-json\/wp\/v2\/posts\/220604\/revisions"}],"wp:featuredmedia":[{"embeddable":true,"href":"https:\/\/www.europesays.com\/be-fr\/wp-json\/wp\/v2\/media\/220605"}],"wp:attachment":[{"href":"https:\/\/www.europesays.com\/be-fr\/wp-json\/wp\/v2\/media?parent=220604"}],"wp:term":[{"taxonomy":"category","embeddable":true,"href":"https:\/\/www.europesays.com\/be-fr\/wp-json\/wp\/v2\/categories?post=220604"},{"taxonomy":"post_tag","embeddable":true,"href":"https:\/\/www.europesays.com\/be-fr\/wp-json\/wp\/v2\/tags?post=220604"}],"curies":[{"name":"wp","href":"https:\/\/api.w.org\/{rel}","templated":true}]}}