{"id":223378,"date":"2026-08-23T14:13:13","date_gmt":"2026-08-23T14:13:13","guid":{"rendered":"https:\/\/www.europesays.com\/be-fr\/223378\/"},"modified":"2026-08-23T14:13:13","modified_gmt":"2026-08-23T14:13:13","slug":"julien-moinil-procureur-du-roi-revient-sur-les-incidents-a-saint-gilles-il-ny-a-pas-dimpunite-a-bruxelles","status":"publish","type":"post","link":"https:\/\/www.europesays.com\/be-fr\/223378\/","title":{"rendered":"Julien Moinil, procureur du Roi, revient sur les incidents \u00e0 Saint-Gilles : \u00ab\u00a0Il n&rsquo;y a pas d&rsquo;impunit\u00e9 \u00e0 Bruxelles\u00a0\u00bb"},"content":{"rendered":"<p><a href=\"https:\/\/www.lalibre.be\/belgique\/judiciaire\/2026\/08\/20\/affaire-gregory-lenoci-georges-louis-bouchez-reagit-a-son-tour-et-lance-une-proposition-KVPGCFYJ2VHBPEJXIUNPVNLJRI\/\" target=\"_self\" class=\"ap-StoryInterstitialLink ap-StoryElement ap-StoryElement--mb js-paywall-target\" rel=\"nofollow noopener\">Affaire Gr\u00e9gory Lenoci: Georges-Louis Bouchez r\u00e9agit \u00e0 son tour et lance une proposition<\/a><\/p>\n<p class=\"ap-StoryElement ap-StoryElement--mb ap-StoryText\"><a href=\"https:\/\/www.lalibre.be\/belgique\/judiciaire\/2025\/12\/29\/a-bruxelles-leffet-julien-moinil-se-fait-deja-ressentir-LXFSVABCWRHBVJJHPLCAS7DBFQ\/\" target=\"_blank\" rel=\"noreferrer noopener nofollow\">Le procureur du Roi Julien Moinil<\/a> affirme la fermet\u00e9 du parquet y compris \u00e0 l&rsquo;encontre des auteurs de cambriolages et conteste le sentiment d&rsquo;impunit\u00e9 qui r\u00e8gne au sein de la population. \u00ab\u00a0Il y a un sentiment d&rsquo;ins\u00e9curit\u00e9 l\u00e9gitime vu tout ce qui se passe mais je conteste qu&rsquo;une impunit\u00e9 r\u00e8gnerait \u00e0 Bruxelles. Il y a eu z\u00e9ro relaxe y compris pour des faits de cambriolages\u00a0\u00bb, rappelle-t-il.<\/p>\n<p class=\"ap-StoryElement ap-StoryElement--mb ap-StoryText\">Par ailleurs, un homme a \u00e9t\u00e9 bless\u00e9 par balle samedi soir \u00e0 Saint-Gilles, au croisement de la rue Gustave Defnet et de la chauss\u00e9e de Forest, au lieu-dit de la place des Deux Bancs. Ses jours ne sont pas en danger.<\/p>\n<p class=\"ap-StoryElement ap-StoryElement--mb ap-StoryText\">Selon le bourgmestre, qui s&rsquo;est rendu sur place, les faits s&rsquo;apparentent vraisemblablement \u00e0 un tir entre revendeurs de drogue. Une enqu\u00eate est en cours afin de d\u00e9terminer les circonstances exactes des faits et identifier le ou les auteurs.<\/p>\n","protected":false},"excerpt":{"rendered":"Affaire Gr\u00e9gory Lenoci: Georges-Louis Bouchez r\u00e9agit \u00e0 son tour et lance une proposition Le procureur du Roi Julien&hellip;\n","protected":false},"author":2,"featured_media":223379,"comment_status":"","ping_status":"","sticky":false,"template":"","format":"standard","meta":{"footnotes":"","_share_on_mastodon":"0"},"categories":[8],"tags":[10,12,13,18,17,28,11,2352],"class_list":["post-223378","post","type-post","status-publish","format-standard","has-post-thumbnail","category-actualites","tag-actualites","tag-be","tag-be-fr","tag-belgique","tag-belgium","tag-bruxelles-villes","tag-news","tag-tournai"],"share_on_mastodon":{"url":"https:\/\/pubeurope.com\/@be_fr\/117145239967105878","error":""},"_links":{"self":[{"href":"https:\/\/www.europesays.com\/be-fr\/wp-json\/wp\/v2\/posts\/223378","targetHints":{"allow":["GET"]}}],"collection":[{"href":"https:\/\/www.europesays.com\/be-fr\/wp-json\/wp\/v2\/posts"}],"about":[{"href":"https:\/\/www.europesays.com\/be-fr\/wp-json\/wp\/v2\/types\/post"}],"author":[{"embeddable":true,"href":"https:\/\/www.europesays.com\/be-fr\/wp-json\/wp\/v2\/users\/2"}],"replies":[{"embeddable":true,"href":"https:\/\/www.europesays.com\/be-fr\/wp-json\/wp\/v2\/comments?post=223378"}],"version-history":[{"count":0,"href":"https:\/\/www.europesays.com\/be-fr\/wp-json\/wp\/v2\/posts\/223378\/revisions"}],"wp:featuredmedia":[{"embeddable":true,"href":"https:\/\/www.europesays.com\/be-fr\/wp-json\/wp\/v2\/media\/223379"}],"wp:attachment":[{"href":"https:\/\/www.europesays.com\/be-fr\/wp-json\/wp\/v2\/media?parent=223378"}],"wp:term":[{"taxonomy":"category","embeddable":true,"href":"https:\/\/www.europesays.com\/be-fr\/wp-json\/wp\/v2\/categories?post=223378"},{"taxonomy":"post_tag","embeddable":true,"href":"https:\/\/www.europesays.com\/be-fr\/wp-json\/wp\/v2\/tags?post=223378"}],"curies":[{"name":"wp","href":"https:\/\/api.w.org\/{rel}","templated":true}]}}