{"id":223975,"date":"2026-08-24T05:24:11","date_gmt":"2026-08-24T05:24:11","guid":{"rendered":"https:\/\/www.europesays.com\/be-fr\/223975\/"},"modified":"2026-08-24T05:24:11","modified_gmt":"2026-08-24T05:24:11","slug":"evelyne-dheliat-presentatrice-meteo-jaurais-adore-partir-lete-avec-claude-monet-pour-quil-peigne-pour-moi-la-lumiere-et-les-paysages-que-jaime","status":"publish","type":"post","link":"https:\/\/www.europesays.com\/be-fr\/223975\/","title":{"rendered":"\u00c9velyne Dh\u00e9liat, pr\u00e9sentatrice m\u00e9t\u00e9o : \u00ab J&rsquo;aurais ador\u00e9 partir l&rsquo;\u00e9t\u00e9 avec Claude Monet pour qu\u2019il peigne pour moi la lumi\u00e8re et les paysages que j\u2019aime \u00bb"},"content":{"rendered":"<p>Cet \u00e9t\u00e9, on revisite le\u202fquestionnaire de Proust les\u202fpieds dans le sable, comme on entrouvre une valise d\u2019\u00e9t\u00e9. Celle d\u2019\u00c9velyne Dh\u00e9liat, qui fait la pluie et le beau temps depuis 35 ans sur TF1, est l\u00e9g\u00e8re comme des battements d\u2019ailes d\u2019hirondelles.<\/p>\n<p>L\u2019\u00e9t\u00e9 commence pour moi quand\u2026<br \/>Les hirondelles sont de retour. J\u2019adore leurs cris joyeux comme un appel \u00e0 la f\u00eate et leur vol en escadron. J\u2019en vois malheureusement de moins en moins.<\/p>\n<p>Mon principal trait de caract\u00e8re en vacances\u2026<br \/>Profiter au maximum de l\u2019instant pr\u00e9sent pour essayer d\u2019oublier un peu la vie quotidienne \u00e0 Paris.<\/p>\n<p><a target=\"_self\" href=\"https:\/\/www.latribune.fr\/article\/la-tribune-dimanche\/culture-lifestyle\/livres\/51729542399325\/aurelie-valognes-ecrivaine-en-vacances-je-suis-epicurienne-en-juillet-travailleuse-en-aout-toujours-en-quete-de-solitude\" rel=\"nofollow noopener\"><\/p>\n<p class=\"text-[12px] mb-[12px] font-bold ltd:leading-[16px]\">A LIRE AUSSI<\/p>\n<p class=\"text-[20px] ac:text-[18px] leading-[120%] ac:leading-[130%] text-lt-primary-dark ac:text-ac-primary font-slab font-bold ltd:font-semibold ltd:tracking-[-0.4px] ac:font-ac-slab ltd:font-ltd-slab\">Aur\u00e9lie Valognes, \u00e9crivaine : \u00ab En vacances, je suis \u00e9picurienne en juillet, travailleuse en ao\u00fbt, toujours en qu\u00eate de solitude \u00bb<\/p>\n<p><\/a><\/p>\n<p>Mon plaisir coupable\u2026<br \/>Me lever t\u00f4t pour aller marcher ou nager en \u00e9tant coupable de proscrire les grasses matin\u00e9es estivales.<\/p>\n<p>L\u2019\u00e9t\u00e9 de mes 20\u202fans\u2026<br \/>Les <a href=\"https:\/\/www.latribune.fr\/article\/la-tribune-dimanche\/culture-lifestyle\/gastronomie-sorties\/73966155617001\/nos-8-vins-coups-de-coeur-a-deguster-entre-copains\" target=\"_self\" article-id=\"73966155617001\" rel=\"nofollow noopener\">copains<\/a>, le soleil, la <a href=\"https:\/\/www.latribune.fr\/article\/la-tribune-dimanche\/culture-lifestyle\/gastronomie-sorties\/71864777905121\/a-la-decouverte-de-roquebrune-cap-martin-veritable-balcon-sur-la-mediterranee\" target=\"_self\" article-id=\"71864777905121\" rel=\"nofollow noopener\">mer<\/a> et, au retour, une peau couleur pain d\u2019\u00e9pices.<\/p>\n<p>Ce que j\u2019apprends sur moi-m\u00eame\u2026<br \/>Que j\u2019ai du mal \u00e0 l\u00e2cher prise\u00a0!<\/p>\n<p>Ce que je laisse derri\u00e8re moi en partant\u2026<br \/>Surtout aucun d\u00e9chet.<\/p>\n<p>Ce que repr\u00e9sente le bruit des pas dans le sable et \u00e0 la <a href=\"https:\/\/www.latribune.fr\/article\/economie\/finances-publiques\/55775159127986\/amenagement-de-la-montagne-les-communes-levent-le-voile-sur-leur-texte-de-loi-transpartisan-pour-2026\" target=\"_self\" article-id=\"55775159127986\" rel=\"nofollow noopener\">montagne<\/a>\u2026<br \/>Un bruit sourd qui est pour moi un dialogue imperceptible avec la nature.<\/p>\n<p><a target=\"_self\" href=\"https:\/\/www.latribune.fr\/article\/la-tribune-dimanche\/culture-lifestyle\/cinema-ecrans\/2785375008757\/laurent-delahousse-journaliste-mes-vacances-sont-un-melange-d-improvisation-et-d-organisation\" rel=\"nofollow noopener\"><\/p>\n<p class=\"text-[12px] mb-[12px] font-bold ltd:leading-[16px]\">A LIRE AUSSI<\/p>\n<p class=\"text-[20px] ac:text-[18px] leading-[120%] ac:leading-[130%] text-lt-primary-dark ac:text-ac-primary font-slab font-bold ltd:font-semibold ltd:tracking-[-0.4px] ac:font-ac-slab ltd:font-ltd-slab\">Laurent Delahousse, journaliste : \u00ab Mes vacances sont un m\u00e9lange d\u2019improvisation et d\u2019organisation \u00bb<\/p>\n<p><\/a><\/p>\n<p>L\u2019artiste avec lequel j\u2019aurais aim\u00e9 partir\u2026<br \/><a href=\"https:\/\/latribune.fr\/journal\/edition-du-0807\/rendez-vous-perso\/1003716\/claude-monet-un-maitre-de-l-abstraction.html\" target=\"_self\" article-id=\"68846637919689\" rel=\"nofollow noopener\">Claude Monet<\/a>, pour qu\u2019il peigne pour moi si talentueusement la lumi\u00e8re et les paysages que j\u2019aime.<\/p>\n<p>\u00c0 la fin de l\u2019\u00e9t\u00e9, que reste-t-il\u00a0?<br \/>Des souvenirs inoubliables, un petit coup de soleil sur le nez ! Et il ne reste plus\u2026 qu\u2019\u00e0 y retourner l\u2019\u00e9t\u00e9 d\u2019apr\u00e8s.<\/p>\n<p>L\u2019\u00e9t\u00e9\u00a0: mes odeurs, mes couleurs, mes paysages\u2026<br \/>L\u2019odeur du jasmin, du maquis et de la terre mouill\u00e9e apr\u00e8s une ond\u00e9e. La couleur des fonds marins. Les paysages de montagne \u00e0 travers les sentiers bord\u00e9s de fleurs sauvages.<\/p>\n<p>NewsletterLa Tribune Dimanche<\/p>\n<p class=\"text-2xl mb-[16px]\">Chaque dimanche, l\u2019essentiel de l\u2019actualit\u00e9 \u00e9conomique, politique et soci\u00e9tale.<\/p>\n<p>S&rsquo;inscrireS&rsquo;inscrireS&rsquo;inscrire<img alt=\"Illustration de la newsletter La Tribune Dimanche\" loading=\"lazy\" decoding=\"async\" data-nimg=\"fill\" class=\"relative! rounded-xl\" style=\"position:absolute;height:100%;width:100%;left:0;top:0;right:0;bottom:0;object-fit:cover;color:transparent\"   src=\"https:\/\/www.europesays.com\/be-fr\/wp-content\/uploads\/2026\/08\/la-tribune-dimanche.png\"\/><\/p>\n","protected":false},"excerpt":{"rendered":"Cet \u00e9t\u00e9, on revisite le\u202fquestionnaire de Proust les\u202fpieds dans le sable, comme on entrouvre une valise d\u2019\u00e9t\u00e9. Celle&hellip;\n","protected":false},"author":2,"featured_media":223976,"comment_status":"","ping_status":"","sticky":false,"template":"","format":"standard","meta":{"footnotes":"","_share_on_mastodon":"0"},"categories":[102],"tags":[41,12,13,18,17,129,128,96,95,13449,4959,109,68637],"class_list":["post-223975","post","type-post","status-publish","format-standard","has-post-thumbnail","category-people","tag-41","tag-be","tag-be-fr","tag-belgique","tag-belgium","tag-celebrities","tag-celebrity","tag-divertissement","tag-entertainment","tag-evelyne-dheliat","tag-la-tribune-dimanche","tag-people","tag-presentatrice-meteo-jaurais-adore-partir-lete-avec-claude-monet-pour-quil-peigne-pour-moi-la-lumiere-et-les-paysages-que-jaime"],"share_on_mastodon":{"url":"https:\/\/pubeurope.com\/@be_fr\/117148822600875365","error":""},"_links":{"self":[{"href":"https:\/\/www.europesays.com\/be-fr\/wp-json\/wp\/v2\/posts\/223975","targetHints":{"allow":["GET"]}}],"collection":[{"href":"https:\/\/www.europesays.com\/be-fr\/wp-json\/wp\/v2\/posts"}],"about":[{"href":"https:\/\/www.europesays.com\/be-fr\/wp-json\/wp\/v2\/types\/post"}],"author":[{"embeddable":true,"href":"https:\/\/www.europesays.com\/be-fr\/wp-json\/wp\/v2\/users\/2"}],"replies":[{"embeddable":true,"href":"https:\/\/www.europesays.com\/be-fr\/wp-json\/wp\/v2\/comments?post=223975"}],"version-history":[{"count":0,"href":"https:\/\/www.europesays.com\/be-fr\/wp-json\/wp\/v2\/posts\/223975\/revisions"}],"wp:featuredmedia":[{"embeddable":true,"href":"https:\/\/www.europesays.com\/be-fr\/wp-json\/wp\/v2\/media\/223976"}],"wp:attachment":[{"href":"https:\/\/www.europesays.com\/be-fr\/wp-json\/wp\/v2\/media?parent=223975"}],"wp:term":[{"taxonomy":"category","embeddable":true,"href":"https:\/\/www.europesays.com\/be-fr\/wp-json\/wp\/v2\/categories?post=223975"},{"taxonomy":"post_tag","embeddable":true,"href":"https:\/\/www.europesays.com\/be-fr\/wp-json\/wp\/v2\/tags?post=223975"}],"curies":[{"name":"wp","href":"https:\/\/api.w.org\/{rel}","templated":true}]}}