{"id":224745,"date":"2026-08-24T16:35:15","date_gmt":"2026-08-24T16:35:15","guid":{"rendered":"https:\/\/www.europesays.com\/be-fr\/224745\/"},"modified":"2026-08-24T16:35:15","modified_gmt":"2026-08-24T16:35:15","slug":"une-fuite-revele-le-xiaomi-poco-x8-power-avec-une-batterie-pouvant-atteindre-10-000-mah-une-certification-ip69k-et-6-ans-de-mises-a-jour","status":"publish","type":"post","link":"https:\/\/www.europesays.com\/be-fr\/224745\/","title":{"rendered":"Une fuite r\u00e9v\u00e8le le Xiaomi Poco X8 (Power) avec une batterie pouvant atteindre 10 000 mAh, une certification IP69K et 6 ans de mises \u00e0 jour"},"content":{"rendered":"<p class=\"bodytext\">Le point fort des caract\u00e9ristiques techniques de l&rsquo;appareil est son immense batterie de 9 000 mAh, qui peut \u00eatre recharg\u00e9e via USB-C \u00e0 une puissance pouvant atteindre 67 watts. Le Poco X8 Power 5G devrait \u00eatre propos\u00e9 \u00e0 un prix l\u00e9g\u00e8rement sup\u00e9rieur, mais il sera \u00e9galement \u00e9quip\u00e9 d\u2019un Snapdragon 6 Gen 5 plus rapide et d\u2019une batterie encore plus puissante de 10 000 mAh avec une recharge rapide de 100 watts. L\u2019image promotionnelle met \u00e9galement en avant l\u2019\u00e9cran AMOLED de 6,83 pouces de ce mod\u00e8le, dot\u00e9 d\u2019une luminosit\u00e9 de 3 500 nits, ainsi que son appareil photo principal de 50 MP.<\/p>\n<p class=\"bodytext\">Toutefois, le Poco X8 Power 5G dispose \u00e9galement d\u2019un appareil photo ultra-grand-angle de 8 MP et d\u2019un appareil photo frontal de 32 MP offrant une r\u00e9solution sup\u00e9rieure. Ces deux smartphones b\u00e9n\u00e9ficieront de quatre mises \u00e0 jour majeures d\u2019Android et de six ans de correctifs de s\u00e9curit\u00e9, ce qui signifie que leur prise en charge des mises \u00e0 jour est comparable \u00e0 celle de mod\u00e8les tels que le Poco M8 5G (<a href=\"https:\/\/www.amazon.com\/XIAOMI-M8-5G-Compatible-25118PC98G\/dp\/B0G269WF6V\/ref=sr_1_1?crid=I08WIV7Z818Z&amp;dib=eyJ2IjoiMSJ9.DT2XIQBr6UeaVrwUx24iJPV31nP4_hCnbcn9IobVQMIgV0WETT5H3XDnJ0JWd7lDrfIHsGTtuf-Er9aCj3YPioraQN9izvK2kjP4NeXsXDD1zkCeKtMCvamG7Jl-VvYDbedNHjerqjv7bUBtbtmuXiTtlk7O6QVlBoVgFcwTuesRztbXnOg2JgW10bc8_EKBhLGpGeexwwIbm28IQSMe-_9hsNn0RywV4IK1PXdCIEY.Mp1d44Otvz-A2BMq1nmOkS3CHDnW9_kgHgPBm8g1Gxs&amp;dib_tag=se&amp;keywords=poco+m8+5g&amp;qid=1787570345&amp;sprefix=poco+m8+5%2Caps%2C234&amp;sr=8-1&amp;tag=nbcnewsnet-20\" target=\"_blank\" rel=\"sponsored nofollow noopener\">252 $ sur Amazon<\/a>). Le Poco X8 5G et le Poco X8 Power 5G devraient tous deux \u00eatre officiellement d\u00e9voil\u00e9s d\u2019ici d\u00e9but septembre.<br \/>\u00a0<\/p>\n","protected":false},"excerpt":{"rendered":"Le point fort des caract\u00e9ristiques techniques de l&rsquo;appareil est son immense batterie de 9 000 mAh, qui peut&hellip;\n","protected":false},"author":2,"featured_media":224746,"comment_status":"","ping_status":"","sticky":false,"template":"","format":"standard","meta":{"footnotes":"","_share_on_mastodon":"0"},"categories":[70],"tags":[12,13,18,17,50685,1844,68829,1289,7620,1285,1287,1286,1845,73,71,75,72,1512,76,74,1288,68827,68828],"class_list":["post-224745","post","type-post","status-publish","format-standard","has-post-thumbnail","category-sciences-et-technologies","tag-be","tag-be-fr","tag-belgique","tag-belgium","tag-caracteristiques-techniques","tag-fuite","tag-image-promotionnelle","tag-informations-sur-des-ordinateurs-portatifs","tag-milieu-de-gamme","tag-nouvelles","tag-rapport","tag-revues","tag-rumeur","tag-science","tag-science-and-technology","tag-sciences","tag-sciences-et-technologies","tag-smartphone","tag-technologies","tag-technology","tag-test","tag-xiaomi-poco-x8-5g","tag-xiaomi-poco-x8-power-5g"],"share_on_mastodon":{"url":"https:\/\/pubeurope.com\/@be_fr\/117151460409589173","error":""},"_links":{"self":[{"href":"https:\/\/www.europesays.com\/be-fr\/wp-json\/wp\/v2\/posts\/224745","targetHints":{"allow":["GET"]}}],"collection":[{"href":"https:\/\/www.europesays.com\/be-fr\/wp-json\/wp\/v2\/posts"}],"about":[{"href":"https:\/\/www.europesays.com\/be-fr\/wp-json\/wp\/v2\/types\/post"}],"author":[{"embeddable":true,"href":"https:\/\/www.europesays.com\/be-fr\/wp-json\/wp\/v2\/users\/2"}],"replies":[{"embeddable":true,"href":"https:\/\/www.europesays.com\/be-fr\/wp-json\/wp\/v2\/comments?post=224745"}],"version-history":[{"count":0,"href":"https:\/\/www.europesays.com\/be-fr\/wp-json\/wp\/v2\/posts\/224745\/revisions"}],"wp:featuredmedia":[{"embeddable":true,"href":"https:\/\/www.europesays.com\/be-fr\/wp-json\/wp\/v2\/media\/224746"}],"wp:attachment":[{"href":"https:\/\/www.europesays.com\/be-fr\/wp-json\/wp\/v2\/media?parent=224745"}],"wp:term":[{"taxonomy":"category","embeddable":true,"href":"https:\/\/www.europesays.com\/be-fr\/wp-json\/wp\/v2\/categories?post=224745"},{"taxonomy":"post_tag","embeddable":true,"href":"https:\/\/www.europesays.com\/be-fr\/wp-json\/wp\/v2\/tags?post=224745"}],"curies":[{"name":"wp","href":"https:\/\/api.w.org\/{rel}","templated":true}]}}