{"id":225003,"date":"2026-08-24T20:38:41","date_gmt":"2026-08-24T20:38:41","guid":{"rendered":"https:\/\/www.europesays.com\/be-fr\/225003\/"},"modified":"2026-08-24T20:38:41","modified_gmt":"2026-08-24T20:38:41","slug":"liege-une-violente-bagarre-eclate-dans-le-carre-trois-suspects-dont-un-mineur-interceptes","status":"publish","type":"post","link":"https:\/\/www.europesays.com\/be-fr\/225003\/","title":{"rendered":"Li\u00e8ge : une violente bagarre \u00e9clate dans le Carr\u00e9, trois suspects, dont un mineur, intercept\u00e9s"},"content":{"rendered":"<p class=\"ap-StoryElement ap-StoryElement--mb ap-StoryText\">Les faits se sont d\u00e9roul\u00e9s dans la soir\u00e9e de samedi \u00e0 dimanche 23 ao\u00fbt, \u00e0 Li\u00e8ge. Une altercation a \u00e9clat\u00e9 entre plusieurs individus au niveau de la rue du Pot d&rsquo;Or, et de violents coups ont \u00e9t\u00e9 \u00e9chang\u00e9s. Les faits, film\u00e9s par les cam\u00e9ras de surveillance de la ville, montrent trois personnes en train de frapper une victime au sol. La police a \u00e9t\u00e9 appel\u00e9e \u00e0 intervenir \u00e0 1 h 45 du matin.<\/p>\n<p class=\"ap-StoryElement ap-StoryElement--mb ap-StoryText\">Les agresseurs ont ensuite pris la fuite en direction du boulevard de la Sauveni\u00e8re. Ils ont finalement \u00e9t\u00e9 intercept\u00e9s par les agents et d\u00e9f\u00e9r\u00e9s au parquet de Li\u00e8ge. Ils reconnaissent avoir donn\u00e9 des coups, tout en justifiant leur geste par le fait que la victime les aurait nargu\u00e9s. Parmi les suspects figurent un homme de 21 ans, sous mesures probatoires et originaire de Bruxelles, un autre de 19 ans et un mineur. Les deux adultes ont \u00e9t\u00e9 priv\u00e9s de libert\u00e9.<\/p>\n<p>Pour acc\u00e9der \u00e0 cet article, veuillez vous connecter au r\u00e9seau internet.<\/p>\n","protected":false},"excerpt":{"rendered":"Les faits se sont d\u00e9roul\u00e9s dans la soir\u00e9e de samedi \u00e0 dimanche 23 ao\u00fbt, \u00e0 Li\u00e8ge. Une altercation&hellip;\n","protected":false},"author":2,"featured_media":225004,"comment_status":"","ping_status":"","sticky":false,"template":"","format":"standard","meta":{"footnotes":"","_share_on_mastodon":"0"},"categories":[2],"tags":[14060,12,13,18,17,60906,8269,3355,26,24],"class_list":["post-225003","post","type-post","status-publish","format-standard","has-post-thumbnail","category-belgique","tag-bagarre","tag-be","tag-be-fr","tag-belgique","tag-belgium","tag-carre","tag-coups","tag-faits-divers","tag-liege","tag-violence"],"share_on_mastodon":{"url":"https:\/\/pubeurope.com\/@be_fr\/117152416093910490","error":""},"_links":{"self":[{"href":"https:\/\/www.europesays.com\/be-fr\/wp-json\/wp\/v2\/posts\/225003","targetHints":{"allow":["GET"]}}],"collection":[{"href":"https:\/\/www.europesays.com\/be-fr\/wp-json\/wp\/v2\/posts"}],"about":[{"href":"https:\/\/www.europesays.com\/be-fr\/wp-json\/wp\/v2\/types\/post"}],"author":[{"embeddable":true,"href":"https:\/\/www.europesays.com\/be-fr\/wp-json\/wp\/v2\/users\/2"}],"replies":[{"embeddable":true,"href":"https:\/\/www.europesays.com\/be-fr\/wp-json\/wp\/v2\/comments?post=225003"}],"version-history":[{"count":0,"href":"https:\/\/www.europesays.com\/be-fr\/wp-json\/wp\/v2\/posts\/225003\/revisions"}],"wp:featuredmedia":[{"embeddable":true,"href":"https:\/\/www.europesays.com\/be-fr\/wp-json\/wp\/v2\/media\/225004"}],"wp:attachment":[{"href":"https:\/\/www.europesays.com\/be-fr\/wp-json\/wp\/v2\/media?parent=225003"}],"wp:term":[{"taxonomy":"category","embeddable":true,"href":"https:\/\/www.europesays.com\/be-fr\/wp-json\/wp\/v2\/categories?post=225003"},{"taxonomy":"post_tag","embeddable":true,"href":"https:\/\/www.europesays.com\/be-fr\/wp-json\/wp\/v2\/tags?post=225003"}],"curies":[{"name":"wp","href":"https:\/\/api.w.org\/{rel}","templated":true}]}}