{"id":225055,"date":"2026-08-24T22:09:12","date_gmt":"2026-08-24T22:09:12","guid":{"rendered":"https:\/\/www.europesays.com\/be-fr\/225055\/"},"modified":"2026-08-24T22:09:12","modified_gmt":"2026-08-24T22:09:12","slug":"poutine-sait-quil-sexposerait-a-des-graves-consequences-la-russie-veut-mobiliser-300-000-militaires-supplementaires","status":"publish","type":"post","link":"https:\/\/www.europesays.com\/be-fr\/225055\/","title":{"rendered":"\u00ab\u00a0Poutine sait qu&rsquo;il s&rsquo;exposerait \u00e0 des graves cons\u00e9quences\u00a0\u00bb : la Russie veut mobiliser 300.000 militaires suppl\u00e9mentaires"},"content":{"rendered":"<p><a href=\"https:\/\/www.lalibre.be\/international\/europe\/guerre-ukraine-russie\/2026\/08\/22\/le-kremlin-prepare-la-suite-de-la-guerre-en-ukraine-les-forces-russes-perpetuent-un-schema-HONX57BOCNHOPAGDFLQDTGDYOM\/\" target=\"_self\" class=\"ap-StoryInterstitialLink ap-StoryElement ap-StoryElement--mb js-paywall-target\" rel=\"nofollow noopener\">Le Kremlin durcit encore ses attaques et entend militariser le parlement<\/a><\/p>\n<p class=\"ap-StoryElement ap-StoryElement--mb ap-StoryText\">Le plan de Poutine serait de recruter 300.000 nouveaux hommes afin de conqu\u00e9rir les territoires manquants dans la r\u00e9gion de Donetsk. Les troupes russes poss\u00e8dent d\u00e9j\u00e0 80 % de cette contr\u00e9e.<\/p>\n<p class=\"ap-StoryElement ap-StoryElement--mb ap-StoryText\">Mais le Kremlin ne compte s&rsquo;arr\u00eater l\u00e0 et voudrait \u00e9galement que ses hommes gagnent du territoire dans les r\u00e9gions de Kharkiv et de Soumy se situant dans le nord de <a href=\"https:\/\/www.lalibre.be\/international\/europe\/guerre-ukraine-russie\/2026\/08\/23\/guerre-en-ukraine-apres-wildberries-kiev-sattaque-au-geant-russe-de-le-commerce-ozon-242RBFJXLJBPLNCQLMTDD3PTJ4\/\" target=\"_blank\" rel=\"noreferrer noopener nofollow\">l&rsquo;Ukraine<\/a>.<\/p>\n<p class=\"ap-StoryElement ap-StoryElement--mb ap-StoryText\">Interrog\u00e9 par nos confr\u00e8res de la VRT, le sp\u00e9cialiste des questions de d\u00e9fense Roger Housen affirme que Poutine met dans la t\u00eate des Russes qu&rsquo;une mobilisation post-\u00e9lectorale aura lieu. L&rsquo;ancien colonel se base sur une d\u00e9claration du pr\u00e9sident russe qui accuse Kiev d&rsquo;avoir d\u00e9clench\u00e9 une spirale dangereuse en ciblant des entreprises essentielles \u00e0 l&rsquo;\u00e9conomie russe.<\/p>\n<p><a href=\"https:\/\/www.lalibre.be\/international\/europe\/guerre-ukraine-russie\/2026\/08\/21\/lukraine-a-t-elle-pris-lascendant-sur-la-russie-kiev-a-reussi-a-mettre-fin-a-la-spirale-negative-36EGXFWUIBFTVMTM5ALY5M3AJA\/\" target=\"_self\" class=\"ap-StoryInterstitialLink ap-StoryElement ap-StoryElement--mb\" rel=\"nofollow noopener\">L&rsquo;Ukraine a-t-elle pris l&rsquo;ascendant sur la Russie ? \u00ab\u00a0Kiev a r\u00e9ussi \u00e0 mettre fin \u00e0 la spirale n\u00e9gative\u00a0\u00bb<\/a>Pr\u00e9paration du terrain<\/p>\n<p class=\"ap-StoryElement ap-StoryElement--mb ap-StoryText\">\u00ab\u00a0Poutine pr\u00e9pare l&rsquo;opinion publique russe \u00e0 une mobilisation depuis pr\u00e8s de deux mois\u00a0\u00bb affirme Rouger Housen.<\/p>\n<p class=\"ap-StoryElement ap-StoryElement--mb ap-StoryText\">Il ajoute que les bras droits de Poutine \u00e9voquent des attaques de l&rsquo;Occident contre l&rsquo;\u00c9tat russe. \u00ab\u00a0Ce n&rsquo;est donc pas l&rsquo;Ukraine, mais bien l&rsquo;Occident qui est invoqu\u00e9 en premier lieu pour justifier cette mesure.\u00a0\u00bb<\/p>\n<p class=\"ap-StoryElement ap-StoryElement--mb ap-StoryText\">Le pr\u00e9sident russe travaille depuis plusieurs mois sur une mise en place parfaite des conditions pour cette mobilisation. Lorsqu&rsquo;il avait fait la m\u00eame chose en 2022, cela avait fortement d\u00e9plu \u00e0 la population ce qui avait entra\u00een\u00e9 l&rsquo;exil de nombreux Russes. Il a, cette fois, adapt\u00e9 les r\u00e9glementations pour que cela ne se reproduise plus.<\/p>\n<p class=\"ap-StoryElement ap-StoryElement--mb ap-StoryText\">\u00ab\u00a0Ceux qui ne se pr\u00e9sentent pas \u00e0 leur convocation ne re\u00e7oivent plus de permis de travail, ni d&rsquo;assurance maladie, et ne peuvent plus \u00e9tudier\u00a0\u00bb ajoute l&rsquo;ancien colonel.<\/p>\n<p><a href=\"https:\/\/www.lalibre.be\/international\/europe\/guerre-ukraine-russie\/2026\/08\/19\/en-ukraine-mykhailo-fedorov-vient-il-de-signer-le-debut-de-la-fin-du-mandat-de-volodymyr-zelensky-CFOGIOHNEND6RIIA2OZXVZGCZE\/\" target=\"_self\" class=\"ap-StoryInterstitialLink ap-StoryElement ap-StoryElement--mb\" rel=\"nofollow noopener\">En Ukraine, Mykhailo Fedorov vient-il de signer le d\u00e9but de la fin du mandat de Volodymyr Zelensky ?<\/a>Situation tendue<\/p>\n<p class=\"ap-StoryElement ap-StoryElement--mb ap-StoryText\">La question des conscrits fait beaucoup parler en Russie. Lorsque Poutine avait voulu les envoyer sur une op\u00e9ration \u00e0 l&rsquo;\u00e9tranger en 2023, le peuple \u00e9tait descendu dans les rues. Il avait alors \u00ab\u00a0calm\u00e9\u00a0\u00bb les choses en parlant d&rsquo;aides financi\u00e8res.<\/p>\n<p class=\"ap-StoryElement ap-StoryElement--mb ap-StoryText\">Gr\u00e2ce \u00e0 une modification l\u00e9gislative, le Kremlin serait d\u00e9sormais en capacit\u00e9 de refaire le coup mais pas s\u00fbr que la population n&rsquo;avale la pilule.<\/p>\n<p class=\"ap-StoryElement ap-StoryElement--mb ap-StoryText\">\u00ab\u00a0S&rsquo;il venait \u00e0 mobiliser \u00e0 nouveau des conscrits, il risquerait de susciter le m\u00e9contentement de la population. Cette nouvelle mobilisation serait son dernier recours\u00a0\u00bb r\u00e9agit Rouger Housen.<\/p>\n<p class=\"ap-StoryElement ap-StoryElement--mb ap-StoryText\">Les territoires occup\u00e9s par la Russie dans la r\u00e9gion de Donetsk repr\u00e9senteraient pr\u00e8s de quatre fois la taille de la Belgique. \u00ab\u00a0Pour contr\u00f4ler un territoire aussi vaste, il faut au moins 150.000 militaires pr\u00e9sents sur place en permanence, qu&rsquo;il faut \u00e9galement relayer.\u00a0\u00bb<\/p>\n<p class=\"ap-StoryElement ap-StoryElement--mb ap-StoryText\">Et ce sans compter sur la r\u00e9sistance ukrainienne que feront face les troupes russes. \u00ab\u00a0Cela n\u00e9cessiterait en effet la mobilisation d&rsquo;un nombre consid\u00e9rable de personnes pendant de nombreuses ann\u00e9es\u00a0\u00bb affirme-t-il.<\/p>\n<p><a href=\"https:\/\/www.lalibre.be\/international\/europe\/guerre-ukraine-russie\/2026\/08\/24\/guerre-en-ukraine-le-chef-de-la-diplomatie-du-vatican-se-rend-en-russie-pour-la-premiere-fois-depuis-2021-2265UM5NPRHQVA4YDC7FQAQPMI\/\" target=\"_self\" class=\"ap-StoryInterstitialLink ap-StoryElement ap-StoryElement--mb\" rel=\"nofollow noopener\">Guerre en Ukraine : le chef de la diplomatie du Vatican se rend en Russie pour la premi\u00e8re fois depuis 2021<\/a>Avanc\u00e9e de la guerre<\/p>\n<p class=\"ap-StoryElement ap-StoryElement--mb ap-StoryText\">Zelensky a affirm\u00e9 que les deux pays font statu quo sur le front depuis le d\u00e9but de l&rsquo;ann\u00e9e. Les Ukrainiens ont m\u00eame repris entre 500 et 600 kilom\u00e8tres carr\u00e9s dans la r\u00e9gion de Zaporijia cet \u00e9t\u00e9.<\/p>\n<p class=\"ap-StoryElement ap-StoryElement--mb ap-StoryText\">Le probl\u00e8me pour l&rsquo;Ukraine se situe au nord-ouest du Donbass o\u00f9 les Russes ont fortement progress\u00e9 cette ann\u00e9e. Ils ont pris certaines villes importantes et pourraient s&#8217;emparer des deux derni\u00e8res villes du Donbass encore sous le contr\u00f4le ukrainien.<\/p>\n<p class=\"ap-StoryElement ap-StoryElement--mb ap-StoryText\">\u00ab\u00a0Si elles tombent, ce sera un coup dur pour Zelensky. M\u00eame si l&rsquo;Ukraine ne perd pas beaucoup de territoire en termes nets d&rsquo;ici 2026, la perte de ces villes serait douloureuse\u00a0\u00bb explique le sp\u00e9cialiste des questions de d\u00e9fense.<\/p>\n<p class=\"ap-StoryElement ap-StoryElement--mb ap-StoryText\">Selon les affirmations de Zelensky, la Russie a perdu 267.000 hommes cette ann\u00e9e. Une mobilisation de 300.000 soldats suppl\u00e9mentaires aurait-elle pour but de compenser ces pertes ou serait-ce un vrai renforcement ?<\/p>\n<p class=\"ap-StoryElement ap-StoryElement--mb ap-StoryText\">\u00ab\u00a0En th\u00e9orie, cette mobilisation ne servirait pas \u00e0 remplacer les effectifs perdus, qu&rsquo;il s&rsquo;agisse des soldats tomb\u00e9s au combat ou des bless\u00e9s. Ce r\u00f4le est d\u00e9j\u00e0 assum\u00e9 par les contractuels\u00a0\u00bb r\u00e9pond Roger Housen. Il ajoute que le vivier dont ils sont issus n&rsquo;est pas infini et qu&rsquo;on esp\u00e8re que cette mobilisation passe du c\u00f4t\u00e9 Russe.<\/p>\n<p>Mobilisation ukrainienne<\/p>\n<p class=\"ap-StoryElement ap-StoryElement--mb ap-StoryText\">De l&rsquo;autre c\u00f4t\u00e9, des mobilisations sont \u00e9galement possibles m\u00eame si \u00ab\u00a0les Ukrainiens se mobilisent depuis le d\u00e9but de la guerre\u00a0\u00bb affirme l&rsquo;ancien colonel.<\/p>\n<p class=\"ap-StoryElement ap-StoryElement--mb ap-StoryText\">Comme en Russie, cela a fortement d\u00e9plu et pouss\u00e9 \u00e9norm\u00e9ment de jeunes hommes \u00e0 fuir le pays.<\/p>\n<p class=\"ap-StoryElement ap-StoryElement--mb ap-StoryText\">Kiev a beau vouloir recruter des conscrits, le nombre de nouvelles recrues n&rsquo;arrivera jamais \u00e0 la cheville de celles de la Russie pour des raisons pures et simples de d\u00e9mographies.<\/p>\n<p class=\"ap-StoryElement ap-StoryElement--mb ap-StoryText\">\u00ab\u00a0De plus, l&rsquo;Ukraine a besoin de jeunes pour faire tourner l&rsquo;\u00e9conomie et l&rsquo;industrie de la d\u00e9fense. Si ceux-ci sont envoy\u00e9s combattre, le pays se retrouvera face \u00e0 un nouveau probl\u00e8me\u00a0\u00bb ajoute Housen.<\/p>\n<p>L&rsquo;OTAN en danger ?<\/p>\n<p class=\"ap-StoryElement ap-StoryElement--mb ap-StoryText\">Qu&rsquo;en est-il de l&rsquo;OTAN ? Peut-on craindre un d\u00e9ploiement de troupes russes ? \u00ab\u00a0En th\u00e9orie, oui, mais cela n&rsquo;arrivera pas. Les soldats qui seraient mobilis\u00e9s doivent \u00eatre \u00e9quip\u00e9s\u00a0\u00bb rassure-t-il.<\/p>\n<p class=\"ap-StoryElement ap-StoryElement--mb ap-StoryText\">Ouvrir un deuxi\u00e8me front, fournir les v\u00e9hicules et l&rsquo;arsenal n&rsquo;est pas une possibilit\u00e9 pour la Russie.<\/p>\n<p class=\"ap-StoryElement ap-StoryElement--mb ap-StoryText\">\u00ab\u00a0Poutine n&rsquo;a pas l&rsquo;intention de franchir la ligne rouge fix\u00e9e par l&rsquo;Occident, \u00e0 savoir la fronti\u00e8re de l&rsquo;OTAN et de l&rsquo;UE. La riposte serait si violente que les co\u00fbts de ce deuxi\u00e8me front l&#8217;emporteraient sur les b\u00e9n\u00e9fices pour la Russie.\u00a0\u00bb<\/p>\n<p class=\"ap-StoryElement ap-StoryElement--mb ap-StoryText\">\u00ab\u00a0Selon les analystes de l&rsquo;OTAN, il faudra cinq \u00e0 sept ans \u00e0 la Russie, une fois la guerre avec l&rsquo;Ukraine termin\u00e9e, pour reconstruire son arm\u00e9e afin de pouvoir mener une nouvelle guerre comme celle contre l&rsquo;Ukraine. Poutine sait tr\u00e8s bien qu&rsquo;il s&rsquo;exposerait \u00e0 de graves cons\u00e9quences s&rsquo;il envahissait un autre pays\u00a0\u00bb conclut Roger Housen.<\/p>\n","protected":false},"excerpt":{"rendered":"Le Kremlin durcit encore ses attaques et entend militariser le parlement Le plan de Poutine serait de recruter&hellip;\n","protected":false},"author":2,"featured_media":225056,"comment_status":"","ping_status":"","sticky":false,"template":"","format":"standard","meta":{"footnotes":"","_share_on_mastodon":"0"},"categories":[9],"tags":[12,13,18,17,1276,31,2509,32],"class_list":["post-225055","post","type-post","status-publish","format-standard","has-post-thumbnail","category-international","tag-be","tag-be-fr","tag-belgique","tag-belgium","tag-conflit-russie-ukraine","tag-international","tag-vladimir-poutine","tag-world-news"],"share_on_mastodon":{"url":"https:\/\/pubeurope.com\/@be_fr\/117152774001149107","error":""},"_links":{"self":[{"href":"https:\/\/www.europesays.com\/be-fr\/wp-json\/wp\/v2\/posts\/225055","targetHints":{"allow":["GET"]}}],"collection":[{"href":"https:\/\/www.europesays.com\/be-fr\/wp-json\/wp\/v2\/posts"}],"about":[{"href":"https:\/\/www.europesays.com\/be-fr\/wp-json\/wp\/v2\/types\/post"}],"author":[{"embeddable":true,"href":"https:\/\/www.europesays.com\/be-fr\/wp-json\/wp\/v2\/users\/2"}],"replies":[{"embeddable":true,"href":"https:\/\/www.europesays.com\/be-fr\/wp-json\/wp\/v2\/comments?post=225055"}],"version-history":[{"count":0,"href":"https:\/\/www.europesays.com\/be-fr\/wp-json\/wp\/v2\/posts\/225055\/revisions"}],"wp:featuredmedia":[{"embeddable":true,"href":"https:\/\/www.europesays.com\/be-fr\/wp-json\/wp\/v2\/media\/225056"}],"wp:attachment":[{"href":"https:\/\/www.europesays.com\/be-fr\/wp-json\/wp\/v2\/media?parent=225055"}],"wp:term":[{"taxonomy":"category","embeddable":true,"href":"https:\/\/www.europesays.com\/be-fr\/wp-json\/wp\/v2\/categories?post=225055"},{"taxonomy":"post_tag","embeddable":true,"href":"https:\/\/www.europesays.com\/be-fr\/wp-json\/wp\/v2\/tags?post=225055"}],"curies":[{"name":"wp","href":"https:\/\/api.w.org\/{rel}","templated":true}]}}