{"id":225735,"date":"2026-08-25T12:17:18","date_gmt":"2026-08-25T12:17:18","guid":{"rendered":"https:\/\/www.europesays.com\/be-fr\/225735\/"},"modified":"2026-08-25T12:17:18","modified_gmt":"2026-08-25T12:17:18","slug":"deces-de-dodo-la-saumure-a-77-ans","status":"publish","type":"post","link":"https:\/\/www.europesays.com\/be-fr\/225735\/","title":{"rendered":"D\u00e9c\u00e8s de Dodo la Saumure\u00a0\u00e0 77 ans"},"content":{"rendered":"<p>  <img decoding=\"async\" class=\"r-img lazyloaded\" src=\"https:\/\/www.europesays.com\/be-fr\/wp-content\/uploads\/2026\/08\/1787660237_90_ruolo.jpg\" alt=\"Donatella Ruolo\"\/><\/p>\n<p>Par <a href=\"https:\/\/www.rtl.be\/341710\/dpi-authors\/donatella-ruolo\" rel=\"nofollow noopener\" target=\"_blank\">Donatella Ruolo<\/a><\/p>\n<p>\tPubli\u00e9 le 25 ao\u00fbt \u00e0 11h19\n<\/p>\n<p>  <a href=\"https:\/\/www.google.com\/preferences\/source?q=rtl%20info\" class=\"r-link--google-favorites\" role=\"button\">Ajoutez-nous \u00e0 vos favoris Google<\/a><br \/>\n\tDominique Alderweireld, plus connu sous le surnom de \u00ab\u00a0Dodo la Saumure\u00a0\u00bb, est d\u00e9c\u00e9d\u00e9 ce mardi 25 ao\u00fbt 2026 \u00e0 l\u2019\u00e2ge de 77 ans. L\u2019ancien prox\u00e9n\u00e8te, figure m\u00e9diatique notamment connue pour l\u2019affaire du Carlton de Lille, \u00e9tait hospitalis\u00e9 \u00e0 Tournai pour d\u2019importants probl\u00e8mes de sant\u00e9.<\/p>\n<p>&#13;<br \/>\n&#13;<\/p>\n<p>Dominique Alderweireld est d\u00e9c\u00e9d\u00e9 ce mardi 25 ao\u00fbt 2026, rapportent nos confr\u00e8res de La Voix du Nord. \u00c2g\u00e9 de 77 ans, il avait \u00e9t\u00e9 admis aux soins intensifs du CHwapi, \u00e0 Tournai. Il souffrait d\u2019importants probl\u00e8mes de sant\u00e9, notamment de troubles cardiaques. Personnage aussi sulfureux que m\u00e9diatique, celui que l\u2019on surnommait \u00ab\u00a0Dodo la Saumure\u00a0\u00bb avait fait de la Wallonie picarde son principal terrain d\u2019activit\u00e9 pendant plusieurs d\u00e9cennies.<\/p>\n<p>\n  &#13;<br \/>\n  \u00c0 lire aussi&#13;<br \/>\n  &#13;<\/p>\n<p>  <img decoding=\"async\" data-copyright=\"\u00a9 Isopix\" class=\"r-img\"  typeof=\"foaf:Image\" src=\"https:\/\/www.europesays.com\/be-fr\/wp-content\/uploads\/2026\/08\/6856790.jpg\" alt=\"0dodo-la-saumure\"\/><br \/>\n        <a class=\"r-stories--link\" href=\"https:\/\/www.rtl.be\/actu\/dodo-la-saumure-place-sous-mandat-darret-mons\/2019-03-29\/article\/198671\" rel=\"nofollow noopener\" target=\"_blank\">Dodo la Saumure plac\u00e9 sous mandat d&rsquo;arr\u00eat \u00e0 Mons<\/a>&#13;<br \/>\n  &#13;<br \/>\n&#13;\n<\/p>\n<p>N\u00e9 le 5 f\u00e9vrier 1949 \u00e0 Ann\u0153ullin, dans le Nord de la France, Dominique Alderweireld avait \u00e9t\u00e9 \u00e0 la t\u00eate de nombreux bars \u00e0 h\u00f4tesses et maisons closes, notamment \u00e0 Tournai et dans les communes voisines. Au fil des ann\u00e9es, ses activit\u00e9s et sa personnalit\u00e9 en avaient fait une figure particuli\u00e8rement connue dans la r\u00e9gion.<\/p>\n<p>&#13;<br \/>\n&#13;<\/p>\n<p>&#13;<br \/>\n&#13;<br \/>\nL\u2019affaire du Carlton de Lille<\/p>\n<p>Le surnom de \u00ab\u00a0Dodo la Saumure\u00a0\u00bb avait largement d\u00e9pass\u00e9 les fronti\u00e8res de la Wallonie picarde lors de l\u2019affaire tr\u00e8s m\u00e9diatis\u00e9e du Carlton de Lille. Dominique Alderweireld a \u00e9t\u00e9 poursuivi pour prox\u00e9n\u00e9tisme aggrav\u00e9 dans ce dossier, dans lequel le nom de Dominique Strauss-Kahn avait \u00e9galement \u00e9t\u00e9 cit\u00e9. Il a finalement \u00e9t\u00e9 relax\u00e9 par la justice fran\u00e7aise en 2015 pour cette affaire.<\/p>\n<p>Ses d\u00e9m\u00eal\u00e9s avec la justice ne se sont pas arr\u00eat\u00e9s l\u00e0. En janvier dernier, il avait notamment \u00e9t\u00e9 condamn\u00e9 \u00e0 six ans de prison et \u00e0 pr\u00e8s de 500.000 d\u2019euros d\u2019amende par le tribunal correctionnel de Tournai. Il avait comparu dans une affaire en lien avec 11 \u00e9tablissements r\u00e9partis sur toute la Wallonie picarde. Il devait r\u00e9pondre notamment de traite d\u2019\u00eatres humains, organisation criminelle, blanchiment d\u2019argent et usage de faux. Il avait d\u00e9cid\u00e9 de faire appel du jugement.<\/p>\n<p>Ces derniers mois, l\u2019\u00e9tat de sant\u00e9 de Dominique Alderweireld s\u2019\u00e9tait d\u00e9grad\u00e9. \u00c0 plusieurs reprises, il avait fait part de ses conditions de vie difficiles et de ses probl\u00e8mes de logement.<\/p>\n<p>&#13;<br \/>\n&#13;<\/p>\n<p>&#13;<br \/>\n&#13;<\/p>\n<p><a class=\"r-btn r-btn--tag\" href=\"https:\/\/www.rtl.be\/1642\/locations\/france\" title=\"France\" rel=\"nofollow noopener\" target=\"_blank\">France<\/a><br \/>\n<a class=\"r-btn r-btn--tag\" href=\"https:\/\/www.rtl.be\/335793\/locations\/tournai-hainaut\" title=\"Tournai (Hainaut)\" rel=\"nofollow noopener\" target=\"_blank\">Tournai (Hainaut)<\/a><\/p>\n","protected":false},"excerpt":{"rendered":"Par Donatella Ruolo Publi\u00e9 le 25 ao\u00fbt \u00e0 11h19 Ajoutez-nous \u00e0 vos favoris Google Dominique Alderweireld, plus connu&hellip;\n","protected":false},"author":2,"featured_media":225736,"comment_status":"","ping_status":"","sticky":false,"template":"","format":"standard","meta":{"footnotes":"","_share_on_mastodon":"0"},"categories":[8],"tags":[10,69097,12,13,18,17,69094,756,69092,69093,69096,69098,11,69095,2352,52012],"class_list":["post-225735","post","type-post","status-publish","format-standard","has-post-thumbnail","category-actualites","tag-actualites","tag-bars-a-hotesses","tag-be","tag-be-fr","tag-belgique","tag-belgium","tag-carlton-de-lille","tag-deces","tag-dodo-la-saumure","tag-dominique-alderweireld","tag-dominique-strauss-kahn","tag-maisons-closes","tag-news","tag-proxenetisme","tag-tournai","tag-wallonie-picarde"],"share_on_mastodon":{"url":"https:\/\/pubeurope.com\/@be_fr\/117156109067161723","error":""},"_links":{"self":[{"href":"https:\/\/www.europesays.com\/be-fr\/wp-json\/wp\/v2\/posts\/225735","targetHints":{"allow":["GET"]}}],"collection":[{"href":"https:\/\/www.europesays.com\/be-fr\/wp-json\/wp\/v2\/posts"}],"about":[{"href":"https:\/\/www.europesays.com\/be-fr\/wp-json\/wp\/v2\/types\/post"}],"author":[{"embeddable":true,"href":"https:\/\/www.europesays.com\/be-fr\/wp-json\/wp\/v2\/users\/2"}],"replies":[{"embeddable":true,"href":"https:\/\/www.europesays.com\/be-fr\/wp-json\/wp\/v2\/comments?post=225735"}],"version-history":[{"count":0,"href":"https:\/\/www.europesays.com\/be-fr\/wp-json\/wp\/v2\/posts\/225735\/revisions"}],"wp:featuredmedia":[{"embeddable":true,"href":"https:\/\/www.europesays.com\/be-fr\/wp-json\/wp\/v2\/media\/225736"}],"wp:attachment":[{"href":"https:\/\/www.europesays.com\/be-fr\/wp-json\/wp\/v2\/media?parent=225735"}],"wp:term":[{"taxonomy":"category","embeddable":true,"href":"https:\/\/www.europesays.com\/be-fr\/wp-json\/wp\/v2\/categories?post=225735"},{"taxonomy":"post_tag","embeddable":true,"href":"https:\/\/www.europesays.com\/be-fr\/wp-json\/wp\/v2\/tags?post=225735"}],"curies":[{"name":"wp","href":"https:\/\/api.w.org\/{rel}","templated":true}]}}