{"id":225925,"date":"2026-08-25T14:54:09","date_gmt":"2026-08-25T14:54:09","guid":{"rendered":"https:\/\/www.europesays.com\/be-fr\/225925\/"},"modified":"2026-08-25T14:54:09","modified_gmt":"2026-08-25T14:54:09","slug":"incendie-dans-les-hautes-fagnes-un-engin-agricole-dans-le-viseur-des-enqueteurs","status":"publish","type":"post","link":"https:\/\/www.europesays.com\/be-fr\/225925\/","title":{"rendered":"Incendie dans les Hautes Fagnes : un engin agricole dans le viseur des enqu\u00eateurs"},"content":{"rendered":"<p>La piste de l&rsquo;engin agricole examin\u00e9e<\/p>\n<p class=\"ap-StoryElement ap-StoryElement--mb ap-StoryText\">D\u00e8s la survenance du sinistre, les services de police comp\u00e9tents ont \u00e9t\u00e9 charg\u00e9s de proc\u00e9der aux constatations et de recueillir les diff\u00e9rents \u00e9l\u00e9ments susceptibles d&rsquo;\u00e9clairer les circonstances du d\u00e9part de feu.<\/p>\n<p class=\"ap-StoryElement ap-StoryElement--mb ap-StoryText\">Plusieurs hypoth\u00e8ses restent examin\u00e9es par les enqu\u00eateurs. La piste li\u00e9e \u00e0 l&rsquo;utilisation d&rsquo;un engin agricole \u00e0 proximit\u00e9 du lieu de d\u00e9part constitue d\u00e9sormais l&rsquo;un des \u00e9l\u00e9ments au c\u0153ur des v\u00e9rifications.<\/p>\n<p class=\"ap-StoryElement ap-StoryElement--mb ap-StoryText\">L&rsquo;information judiciaire ouverte par le parquet du procureur du Roi de Li\u00e8ge du chef d&rsquo;incendie involontaire se poursuit donc activement.<\/p>\n<p>Deux experts mandat\u00e9s<\/p>\n<p class=\"ap-StoryElement ap-StoryElement--mb ap-StoryText\">Plusieurs devoirs d&rsquo;investigation ont \u00e9t\u00e9 ordonn\u00e9s dans le cadre de l&rsquo;enqu\u00eate. Le parquet a notamment mandat\u00e9 deux experts : l&rsquo;un sp\u00e9cialis\u00e9 en incendie et l&rsquo;autre en roulage.<\/p>\n<p class=\"ap-StoryElement ap-StoryElement--mb ap-StoryText\">Leurs analyses techniques n\u00e9cessiteront du temps. Plusieurs mois seront n\u00e9cessaires avant le d\u00e9p\u00f4t de leurs rapports d\u00e9finitifs.<\/p>\n<p class=\"ap-StoryElement ap-StoryElement--mb ap-StoryText\">Une prudence qui reste donc de mise : si la piste de l&rsquo;engin agricole constitue un nouvel \u00e9l\u00e9ment dans le dossier, elle ne permet pas encore de d\u00e9terminer avec certitude l&rsquo;origine du feu.<\/p>\n<p class=\"ap-StoryElement ap-StoryElement--mb ap-StoryText\">L&rsquo;enqu\u00eate, qualifi\u00e9e de longue haleine, doit encore permettre d&rsquo;\u00e9tablir l&rsquo;ensemble des circonstances du sinistre.<\/p>\n","protected":false},"excerpt":{"rendered":"La piste de l&rsquo;engin agricole examin\u00e9e D\u00e8s la survenance du sinistre, les services de police comp\u00e9tents ont \u00e9t\u00e9&hellip;\n","protected":false},"author":2,"featured_media":225926,"comment_status":"","ping_status":"","sticky":false,"template":"","format":"standard","meta":{"footnotes":"","_share_on_mastodon":"0"},"categories":[8],"tags":[10,12,13,18,17,69132,11,2352],"class_list":["post-225925","post","type-post","status-publish","format-standard","has-post-thumbnail","category-actualites","tag-actualites","tag-be","tag-be-fr","tag-belgique","tag-belgium","tag-inattendues-annonce-haut","tag-news","tag-tournai"],"share_on_mastodon":{"url":"https:\/\/pubeurope.com\/@be_fr\/117156725768908920","error":""},"_links":{"self":[{"href":"https:\/\/www.europesays.com\/be-fr\/wp-json\/wp\/v2\/posts\/225925","targetHints":{"allow":["GET"]}}],"collection":[{"href":"https:\/\/www.europesays.com\/be-fr\/wp-json\/wp\/v2\/posts"}],"about":[{"href":"https:\/\/www.europesays.com\/be-fr\/wp-json\/wp\/v2\/types\/post"}],"author":[{"embeddable":true,"href":"https:\/\/www.europesays.com\/be-fr\/wp-json\/wp\/v2\/users\/2"}],"replies":[{"embeddable":true,"href":"https:\/\/www.europesays.com\/be-fr\/wp-json\/wp\/v2\/comments?post=225925"}],"version-history":[{"count":0,"href":"https:\/\/www.europesays.com\/be-fr\/wp-json\/wp\/v2\/posts\/225925\/revisions"}],"wp:featuredmedia":[{"embeddable":true,"href":"https:\/\/www.europesays.com\/be-fr\/wp-json\/wp\/v2\/media\/225926"}],"wp:attachment":[{"href":"https:\/\/www.europesays.com\/be-fr\/wp-json\/wp\/v2\/media?parent=225925"}],"wp:term":[{"taxonomy":"category","embeddable":true,"href":"https:\/\/www.europesays.com\/be-fr\/wp-json\/wp\/v2\/categories?post=225925"},{"taxonomy":"post_tag","embeddable":true,"href":"https:\/\/www.europesays.com\/be-fr\/wp-json\/wp\/v2\/tags?post=225925"}],"curies":[{"name":"wp","href":"https:\/\/api.w.org\/{rel}","templated":true}]}}