{"id":226057,"date":"2026-08-25T16:41:15","date_gmt":"2026-08-25T16:41:15","guid":{"rendered":"https:\/\/www.europesays.com\/be-fr\/226057\/"},"modified":"2026-08-25T16:41:15","modified_gmt":"2026-08-25T16:41:15","slug":"yellowstone-le-createur-de-la-serie-phenomene-taylor-sheridan-vise-par-une-plainte-pour-plagiat","status":"publish","type":"post","link":"https:\/\/www.europesays.com\/be-fr\/226057\/","title":{"rendered":"Yellowstone : le cr\u00e9ateur de la s\u00e9rie ph\u00e9nom\u00e8ne Taylor Sheridan vis\u00e9 par une plainte pour plagiat"},"content":{"rendered":"<p>    Kelly Reilly et Kevin Costner, fille et p\u00e8re dans Yellowstone, disponible sur Netflix et Paramount+.<br \/>\n                Capture d&rsquo;\u00e9cran<\/p>\n<p>\n    Une autrice am\u00e9ricaine reproche au cr\u00e9ateur et showrunner de la franchise et \u00e0 Paramount+ d\u2019avoir pill\u00e9 un projet de s\u00e9rie qu\u2019elle leur avait soumis en 2016.<\/p>\n<p class=\"fig-paragraph\">C\u2019est l\u2019un des ph\u00e9nom\u00e8nes s\u00e9riels les plus extraordinaires du moment. Et c\u2019est l\u2019un des showrunners les plus puissants du moment. Cette \u00e9pine qu\u2019une sc\u00e9nariste vient de planter dans le pied de\u00a0<a href=\"http:\/\/www.lefigaro.fr\/international\/taylor-sheridan-le-scenariste-pourfendeur-du-wokisme-qui-a-conquis-l-amerique-20250322\" target=\"_blank\" data-fig-type=\"Article\" rel=\"noopener nofollow\" data-gtm-custom-categorie=\"navigation\" data-gtm-custom-action=\"crossclick\" data-gtm-custom-label=\"Contextuel\" data-gtm-event=\"customEventSPE\" data-fig-domain=\"LEFIGARO\">Taylor Sheridan<\/a>, relative \u00e0 Yellowstone, \u00e9tonne et d\u00e9range d\u2019autant plus.<\/p>\n<p class=\"fig-paragraph\">Lauren J. Salkin accuse le showrunner, et dans la foul\u00e9e, la soci\u00e9t\u00e9 de productions 101 Studios et la plateforme Paramount+, de lui avoir litt\u00e9ralement vol\u00e9 son id\u00e9e. Ces gens-l\u00e0 sont pourtant entour\u00e9s de hordes d\u2019avocats, ch\u00e8rement pay\u00e9s pour \u00e9viter ce genre d\u2019\u00e9cueil.<\/p>\n<p class=\"fig-body-link\">\n            \u00c0 lire aussi<br \/>\n        <a class=\"fig-body-link__link fig-premium-mark\" href=\"http:\/\/www.lefigaro.fr\/international\/taylor-sheridan-le-scenariste-pourfendeur-du-wokisme-qui-a-conquis-l-amerique-20250322\" data-fig-type=\"Article\" data-gtm-custom-categorie=\"navigation\" data-gtm-custom-action=\"crossclick\" data-gtm-custom-label=\"Contextuel\" data-gtm-event=\"customEventSPE\" data-fig-domain=\"LEFIGARO\" rel=\"nofollow noopener\" target=\"_blank\"><br \/>\n                Taylor Sheridan, le sc\u00e9nariste pourfendeur du wokisme qui a conquis l\u2019Am\u00e9rique<br \/>\n    <\/a>\n<\/p>\n<p>                                                <a class=\"fig-a11y-skip\" href=\"#fig-a11y-skip-main-inarticle\" is=\"fig-a11y-skip\" data-trigger-mode=\"visible-once\"><br \/>\n    Passer la publicit\u00e9<br \/>\n<\/a>            <\/p>\n<p>                                                Trop de co\u00efncidences<\/p>\n<p class=\"fig-paragraph\">L\u2019autrice reproche au cr\u00e9ateur de la franchise\u00a0<a href=\"http:\/\/tvmag.lefigaro.fr\/programme-tv\/series\/de-dallas-a-succession-la-fortune-des-sagas-familiales-a-la-television-20230323\" target=\"_blank\" data-fig-type=\"Article\" rel=\"noopener nofollow\" data-gtm-custom-categorie=\"navigation\" data-gtm-custom-action=\"crossclick\" data-gtm-custom-label=\"Contextuel\" data-gtm-event=\"customEventSPE\" data-fig-domain=\"TVMAG\">Yellowstone<\/a> \u00a0&#8211; elle comprend Yellowstone, mais aussi\u00a0<a href=\"http:\/\/tvmag.lefigaro.fr\/programme-tv\/series\/1923-pourquoi-il-faut-voir-ou-revoir-la-serie-de-taylor-sheridan-prequelle-a-yellowstone-20260126\" target=\"_blank\" data-fig-type=\"Article\" rel=\"noopener nofollow\" data-gtm-custom-categorie=\"navigation\" data-gtm-custom-action=\"crossclick\" data-gtm-custom-label=\"Contextuel\" data-gtm-event=\"customEventSPE\" data-fig-domain=\"TVMAG\">Dutton Ranch<\/a>, 1923, The Maddison, 1883, Marshals\u00a0: A Yellowstone Story et bient\u00f4t Y\u00a0: Marshals &#8211; de s\u2019\u00eatre largement servi d\u2019une id\u00e9e de s\u00e9rie qu\u2019elle lui avait soumise en 2016, baptis\u00e9e Sovereign Nation.<\/p>\n<p class=\"fig-paragraph\">Selon la plaignante, la compagnie Elevate Entertainment, propri\u00e9t\u00e9 de Taylor Sheridan, lui avait alors simplement et poliment r\u00e9pondu qu\u2019il n\u2019\u00e9tait pas disponible pour ce genre de projets. Elle pr\u00e9cise que le d\u00e9veloppement de Yellowstone a \u00e9t\u00e9 officialis\u00e9 dans les mois qui ont suivi.<\/p>\n<p class=\"fig-body-link\">\n            \u00c0 lire aussi<br \/>\n        <a class=\"fig-body-link__link fig-premium-mark\" href=\"http:\/\/tvmag.lefigaro.fr\/programme-tv\/series\/django-the-english-le-western-nouvel-eldorado-des-series-20230209\" data-fig-type=\"Article\" data-gtm-custom-categorie=\"navigation\" data-gtm-custom-action=\"crossclick\" data-gtm-custom-label=\"Contextuel\" data-gtm-event=\"customEventSPE\" data-fig-domain=\"TVMAG\" rel=\"nofollow noopener\" target=\"_blank\"><br \/>\n                Django, The English&#8230; Le western, nouvel eldorado des s\u00e9ries<br \/>\n    <\/a>\n<\/p>\n<p class=\"fig-paragraph\">Lauren J. Salkin ajoute que le projet Sovereign Nation fait l\u2019objet d\u2019un copyright et pointe plusieurs choix narratifs sp\u00e9cifiques qui ne sauraient provenir d\u2019une autre source que la sienne. Selon Variety, la plainte stipule que \u00abla comparaison des deux projets ne fait aucun doute\u00bb.<\/p>\n<p class=\"fig-paragraph\">\u00abLorsque l\u2019on compare objectivement les deux travaux, les structures se superposent \u00e0 maintes reprises. Le casino comme lieu de pouvoir politique et \u00e9conomique. Les montages ill\u00e9gaux, forc\u00e9ment vecteurs de conflits, imagin\u00e9s par les colons dans le but de grignoter du terrain sur la r\u00e9serve conc\u00e9d\u00e9e aux autochtones. Un certain nombre de sc\u00e8nes \u00e9crites pour catalyser la tension dramatique. Jusqu\u2019au choix de certains com\u00e9diens\u00bb, d\u00e9taille le document.\u00a0\u00ab\u00c0 ce stade, on ne peut parler de co\u00efncidences\u00bb, estime la plaignante.<\/p>\n","protected":false},"excerpt":{"rendered":"Kelly Reilly et Kevin Costner, fille et p\u00e8re dans Yellowstone, disponible sur Netflix et Paramount+. Capture d&rsquo;\u00e9cran Une&hellip;\n","protected":false},"author":2,"featured_media":226058,"comment_status":"","ping_status":"","sticky":false,"template":"","format":"standard","meta":{"footnotes":"","_share_on_mastodon":"0"},"categories":[99],"tags":[12,13,18,17,96,95,35012,5877,52758,562,69182,112],"class_list":["post-226057","post","type-post","status-publish","format-standard","has-post-thumbnail","category-television","tag-be","tag-be-fr","tag-belgique","tag-belgium","tag-divertissement","tag-entertainment","tag-kevin-costner","tag-paramount","tag-plagiat","tag-serie","tag-taylor-sheridan","tag-television"],"share_on_mastodon":{"url":"https:\/\/pubeurope.com\/@be_fr\/117157146442226687","error":""},"_links":{"self":[{"href":"https:\/\/www.europesays.com\/be-fr\/wp-json\/wp\/v2\/posts\/226057","targetHints":{"allow":["GET"]}}],"collection":[{"href":"https:\/\/www.europesays.com\/be-fr\/wp-json\/wp\/v2\/posts"}],"about":[{"href":"https:\/\/www.europesays.com\/be-fr\/wp-json\/wp\/v2\/types\/post"}],"author":[{"embeddable":true,"href":"https:\/\/www.europesays.com\/be-fr\/wp-json\/wp\/v2\/users\/2"}],"replies":[{"embeddable":true,"href":"https:\/\/www.europesays.com\/be-fr\/wp-json\/wp\/v2\/comments?post=226057"}],"version-history":[{"count":0,"href":"https:\/\/www.europesays.com\/be-fr\/wp-json\/wp\/v2\/posts\/226057\/revisions"}],"wp:featuredmedia":[{"embeddable":true,"href":"https:\/\/www.europesays.com\/be-fr\/wp-json\/wp\/v2\/media\/226058"}],"wp:attachment":[{"href":"https:\/\/www.europesays.com\/be-fr\/wp-json\/wp\/v2\/media?parent=226057"}],"wp:term":[{"taxonomy":"category","embeddable":true,"href":"https:\/\/www.europesays.com\/be-fr\/wp-json\/wp\/v2\/categories?post=226057"},{"taxonomy":"post_tag","embeddable":true,"href":"https:\/\/www.europesays.com\/be-fr\/wp-json\/wp\/v2\/tags?post=226057"}],"curies":[{"name":"wp","href":"https:\/\/api.w.org\/{rel}","templated":true}]}}