{"id":226945,"date":"2026-08-26T10:35:11","date_gmt":"2026-08-26T10:35:11","guid":{"rendered":"https:\/\/www.europesays.com\/be-fr\/226945\/"},"modified":"2026-08-26T10:35:11","modified_gmt":"2026-08-26T10:35:11","slug":"a-la-tate-modern-de-londres-le-phenomene-frida-kahlo-sous-toutes-ses-coutures","status":"publish","type":"post","link":"https:\/\/www.europesays.com\/be-fr\/226945\/","title":{"rendered":"\u00c0 la Tate Modern de Londres, le ph\u00e9nom\u00e8ne Frida Kahlo sous toutes ses coutures"},"content":{"rendered":"<p class=\"editor-content__paragraph\"><a href=\"https:\/\/www.beauxarts.com\/grand-format\/frida-kahlo-en-3-minutes\/\" target=\"_blank\" rel=\"noopener nofollow\">Magdalena Carmen Frida Kahlo Calderon<\/a> (1907\u20131954) a fait de ses fragilit\u00e9s une force. Atteinte de poliomy\u00e9lite d\u00e8s l\u2019\u00e2ge de 6\u00a0ans, elle lutta contre la maladie \u00e0 grand renfort de beaut\u00e9, couvrant de dentelles, fleurs et fanfreluches son corps malade.<\/p>\n<p class=\"editor-content__paragraph\">Le tramway qui la percute en 1925\u00a0fait vaciller un peu plus sa vie. Mais jusque dans son lit d\u2019h\u00f4pital, la belle aux yeux de diamant noir ne quitte pas son pinceau. Une trentaine de ses c\u00e9l\u00e8bres autoportraits sont aujourd\u2019hui rassembl\u00e9s \u00e0 la Tate Modern, racontant comment l\u2019enfant de Mexico est devenue ic\u00f4ne ind\u00e9tr\u00f4nable.<\/p>\n<p>Portrait d\u2019une ic\u00f4ne<\/p>\n<p class=\"editor-content__paragraph\">La voil\u00e0, apparaissant en majest\u00e9, le regard ennuag\u00e9 de r\u00eaves, entour\u00e9e de statues pr\u00e9colombiennes, de paons et de singes aux yeux fous, de chiots xoloitzcuintle imberbes. Sa toile la plus c\u00e9l\u00e8bre, <a href=\"https:\/\/www.beauxarts.com\/grand-format\/la-colonne-brisee-de-frida-kahlo-manifeste-de-resilience\/\" target=\"_blank\" rel=\"noopener nofollow\">La Columna rota<\/a> (La Colonne bris\u00e9e, 1944), la montre poitrine ouverte, offrant au regard ses vert\u00e8bres en fragments. Prisonnier d\u2019un corsetage blanc, plant\u00e9 de clous tel un saint S\u00e9bastien moderne, le corps crie sa douleur. Mais le visage, avec ses sourcils en larges mouettes, continue de s\u2019adresser \u00e0 l\u2019avenir.<\/p>\n<p>        \u00c0 lire aussi :<br \/>\n        <a class=\"renvoi-explicite__link\" href=\"https:\/\/www.beauxarts.com\/grand-format\/la-colonne-brisee-de-frida-kahlo-manifeste-de-resilience\/\" rel=\"nofollow noopener\" target=\"_blank\">\u00ab La Colonne bris\u00e9e \u00bb de Frida Kahlo, manifeste de r\u00e9silience<\/a><\/p>\n<p>Tout sur la Fridamania<\/p>\n<p class=\"editor-content__paragraph\">Sa complicit\u00e9 avec <a href=\"https:\/\/www.beauxarts.com\/grand-format\/frida-kahlo-diego-rivera-une-legende-mexicaine\/\" target=\"_blank\" rel=\"noopener nofollow\">son \u00e9poux Diego Rivera<\/a>, ses aventures surr\u00e9alistes sont bien s\u00fbr \u00e9galement \u00e9voqu\u00e9es, entre bijoux, costumes et souvenirs. Ses pairs l\u2019entourent ici avec bienveillance, avec pr\u00e8s de 200 \u0153uvres qui c\u00e9l\u00e8brent son influence.<\/p>\n<p class=\"editor-content__paragraph\">Une Fridamania qui s\u2019\u00e9tend aujourd\u2019hui de mugs en tee-shirts. H\u00e9las, pourrait-on dire. On s\u2019\u00e9tonnera donc que la Tate expose ces babioles par centaines en fin de parcours. Car une ic\u00f4ne, quelle que soit la v\u00e9n\u00e9ration qu\u2019elle suscite, doit demeurer un brin sacr\u00e9e pour le rester.<\/p>\n<p>        \u00c0 lire aussi :<br \/>\n        <a class=\"renvoi-explicite__link\" href=\"https:\/\/www.beauxarts.com\/grand-format\/fast-fashion-cinema-expos-immersives-comment-frida-kahlo-est-devenue-un-produit-marketing\/\" rel=\"nofollow noopener\" target=\"_blank\">Fast fashion, cin\u00e9ma, expos immersives&#8230; Comment Frida Kahlo est devenue un produit marketing<\/a><\/p>\n<p>  Arrow<\/p>\n<p>Frida. The making of an icon<\/p>\n<p>Du 25 juin 2026 au 3 janvier 2027<\/p>\n<p class=\"url-expo\"><a href=\"https:\/\/www.tate.org.uk\/whats-on\/tate-modern\/frida-kahlo-the-making-of-an-icon\" rel=\"nofollow noopener\" target=\"_blank\">www.tate.org.uk<\/a><\/p>\n<p class=\"annexe-content__infos\">Tate Modern \u2022 Bankside \u2022 SE1 9TG<br \/><a href=\"http:\/\/www.tate.org.uk\" rel=\"nofollow noopener\" target=\"_blank\">www.tate.org.uk<\/a><\/p>\n","protected":false},"excerpt":{"rendered":"Magdalena Carmen Frida Kahlo Calderon (1907\u20131954) a fait de ses fragilit\u00e9s une force. Atteinte de poliomy\u00e9lite d\u00e8s l\u2019\u00e2ge&hellip;\n","protected":false},"author":2,"featured_media":226946,"comment_status":"","ping_status":"","sticky":false,"template":"","format":"standard","meta":{"footnotes":"","_share_on_mastodon":"0"},"categories":[101],"tags":[2728,126,124,125,12,13,18,17,127,96,95,3329,46691],"class_list":["post-226945","post","type-post","status-publish","format-standard","has-post-thumbnail","category-arts-et-design","tag-art-moderne","tag-arts","tag-arts-and-design","tag-arts-et-design","tag-be","tag-be-fr","tag-belgique","tag-belgium","tag-design","tag-divertissement","tag-entertainment","tag-londres","tag-tate-modern"],"share_on_mastodon":{"url":"https:\/\/pubeurope.com\/@be_fr\/117161369689320560","error":""},"_links":{"self":[{"href":"https:\/\/www.europesays.com\/be-fr\/wp-json\/wp\/v2\/posts\/226945","targetHints":{"allow":["GET"]}}],"collection":[{"href":"https:\/\/www.europesays.com\/be-fr\/wp-json\/wp\/v2\/posts"}],"about":[{"href":"https:\/\/www.europesays.com\/be-fr\/wp-json\/wp\/v2\/types\/post"}],"author":[{"embeddable":true,"href":"https:\/\/www.europesays.com\/be-fr\/wp-json\/wp\/v2\/users\/2"}],"replies":[{"embeddable":true,"href":"https:\/\/www.europesays.com\/be-fr\/wp-json\/wp\/v2\/comments?post=226945"}],"version-history":[{"count":0,"href":"https:\/\/www.europesays.com\/be-fr\/wp-json\/wp\/v2\/posts\/226945\/revisions"}],"wp:featuredmedia":[{"embeddable":true,"href":"https:\/\/www.europesays.com\/be-fr\/wp-json\/wp\/v2\/media\/226946"}],"wp:attachment":[{"href":"https:\/\/www.europesays.com\/be-fr\/wp-json\/wp\/v2\/media?parent=226945"}],"wp:term":[{"taxonomy":"category","embeddable":true,"href":"https:\/\/www.europesays.com\/be-fr\/wp-json\/wp\/v2\/categories?post=226945"},{"taxonomy":"post_tag","embeddable":true,"href":"https:\/\/www.europesays.com\/be-fr\/wp-json\/wp\/v2\/tags?post=226945"}],"curies":[{"name":"wp","href":"https:\/\/api.w.org\/{rel}","templated":true}]}}