{"id":227125,"date":"2026-08-26T13:23:28","date_gmt":"2026-08-26T13:23:28","guid":{"rendered":"https:\/\/www.europesays.com\/be-fr\/227125\/"},"modified":"2026-08-26T13:23:28","modified_gmt":"2026-08-26T13:23:28","slug":"le-conseil-des-ministres-une-coquille-vide-les-grandes-decisions-se-prennent-en-kern-ou-les-ministres-de-ligue-2-sont-rarement-convies","status":"publish","type":"post","link":"https:\/\/www.europesays.com\/be-fr\/227125\/","title":{"rendered":"Le Conseil des ministres, une coquille vide\u00a0? \u00ab\u00a0Les grandes d\u00e9cisions se prennent en kern, o\u00f9 les ministres de Ligue 2 sont rarement convi\u00e9s\u2026\u00a0\u00bb"},"content":{"rendered":"<p class=\"ap-StoryElement ap-StoryElement--mb ap-StoryText\">C&rsquo;est en effet au sein du kern que se jouent les principaux arbitrages politiques et que le chef du gouvernement doit trouver les compromis entre les partis de sa majorit\u00e9, repr\u00e9sent\u00e9s par leurs vice-Premiers ministres. Apparue dans la pratique gouvernementale au d\u00e9but des ann\u00e9es 1960, cette instance sans base l\u00e9gale s&rsquo;est progressivement install\u00e9e au c\u0153ur du pouvoir. Le Conseil des ministres, pourtant consacr\u00e9 par la Constitution, tend d\u00e8s lors \u00e0 se r\u00e9duire \u00e0 une chambre d&rsquo;ent\u00e9rinement des d\u00e9cisions prises au sein du kern.<\/p>\n<p><a href=\"https:\/\/www.lalibre.be\/belgique\/2023\/07\/05\/le-kern-coeur-secret-de-letat-et-jouet-des-presidents-de-parti-les-ministres-qui-ne-font-pas-partie-de-ce-cabinet-restreint-se-sentent-frustres-2I3XJUGBQZGSHOM6YRU4GB5G3I\/\" target=\"_self\" class=\"ap-StoryInterstitialLink ap-StoryElement ap-StoryElement--mb\" rel=\"nofollow noopener\">Le kern, c\u0153ur secret de l&rsquo;\u00c9tat et jouet des pr\u00e9sidents de parti : \u00ab\u00a0Les ministres qui ne font pas partie de ce cabinet restreint se sentent frustr\u00e9s\u00a0\u00bb<\/a>\u00ab\u00a0Pouvoir excessif des vice-Premiers\u00a0\u00bb<\/p>\n<p class=\"ap-StoryElement ap-StoryElement--mb ap-StoryText\">Cette discr\u00e8te mais r\u00e9elle confiscation du pouvoir d\u00e9range certaines personnalit\u00e9s politiques. \u00ab\u00a0Ce n&rsquo;est pas correct comme fonctionnement, d\u00e9plore un ancien vice-Premier ministre qui a marqu\u00e9 son \u00e9poque. L&#8217;emprise du kern minimise et d\u00e9responsabilise les ministres qui n&rsquo;y si\u00e8gent pas et donne un pouvoir excessif aux vice-Premiers ministres. Cela rend opaque les d\u00e9bats et les d\u00e9cisions et les particratise \u00e0 l&rsquo;exc\u00e8s.\u00a0\u00bb<\/p>\n<p class=\"ap-StoryElement ap-StoryElement--mb ap-StoryText\">Le r\u00f4le jou\u00e9 par le Conseil des ministres varie toutefois d&rsquo;une l\u00e9gislature \u00e0 l&rsquo;autre. Sous le gouvernement De Croo (2020-2025), l&rsquo;une des critiques r\u00e9currentes \u00e0 son encontre portait sur la taille du kern. Sept partis composaient alors la <a href=\"https:\/\/www.lalibre.be\/belgique\/politique-belge\/2022\/06\/27\/la-vivaldi-est-elle-de-gauche-ou-de-droite-lavis-de-trois-politologues-WEYI34IMCRHPDOKPHOPROP36XU\/\" target=\"_self\" rel=\"nofollow noopener\">coalition Vivaldi<\/a>, ce qui \u00e9levait donc \u00e0 sept le nombre de vice-Premiers, auxquels s&rsquo;ajoutait le Premier ministre. Ce \u00ab\u00a0super-kern\u00a0\u00bb, r\u00e9unissant les huit poids lourds du gouvernement, accentuait encore le d\u00e9calage entre le v\u00e9ritable centre de d\u00e9cision et l&rsquo;organe ex\u00e9cutif officiel.<\/p>\n<p class=\"ap-StoryElement ap-StoryElement--mb ap-StoryText\">Un ancien ministre de la Vivaldi nuance toutefois ce tableau. \u00ab\u00a0Lorsqu&rsquo;Alexander De Croo \u00e9tait Premier, il y avait tout de m\u00eame de vraies r\u00e9unions du Conseil des ministres. Je me souviens avoir assist\u00e9 \u00e0 de vifs d\u00e9bats entre Zakia Khattabi (alors ministre f\u00e9d\u00e9rale de l&rsquo;Environnement, Ecolo) et David Clarinval (vice-Premier ministre MR \u00e0 partir de 2022). Aujourd&rsquo;hui, dans le gouvernement De Wever, les s\u00e9ances du Conseil des ministres se font plus rares et sont souvent organis\u00e9es \u00e0 distance.\u00a0\u00bb<\/p>\n<p><a href=\"https:\/\/www.lalibre.be\/belgique\/politique-belge\/2021\/03\/25\/ca-ne-peut-plus-durer-alexander-de-croo-tacle-le-mr-en-kern-ZNBQKOHLAFFQ5FPSIXOPHQ62HE\/\" target=\"_self\" class=\"ap-StoryInterstitialLink ap-StoryElement ap-StoryElement--mb\" rel=\"nofollow noopener\">\u00ab\u00a0\u00c7a ne peut plus durer\u00a0\u00bb : Alexander De Croo tacle le MR en kern<\/a>Arizona : le cas Verlinden<\/p>\n<p class=\"ap-StoryElement ap-StoryElement--mb ap-StoryText\">Cette m\u00eame source, d\u00e9sormais dans l&rsquo;opposition, consid\u00e8re que la coalition Arizona est all\u00e9e plus loin encore dans l&rsquo;effacement du Conseil des ministres. Comme preuve : les divisions de la majorit\u00e9 autour de plusieurs dossiers port\u00e9s par la ministre de la Justice, Annelies Verlinden (CD &amp; V). Celle-ci s&rsquo;\u00e9tait notamment montr\u00e9e rigide dans la recherche d&rsquo;un accord destin\u00e9 \u00e0 rem\u00e9dier \u00e0 la surpopulation carc\u00e9rale. Annelies Verlinden avait \u00e9galement pris de court ses coll\u00e8gues en proposant <a href=\"https:\/\/www.lalibre.be\/belgique\/politique-belge\/2026\/06\/06\/la-belgique-envisage-dallonger-le-delai-legal-davortement-a-14-semaines-VJ6NUJTAYZE3JEJF63K7O23AQ4\/\" target=\"_self\" rel=\"nofollow noopener\">de porter \u00e0 14 semaines le d\u00e9lai l\u00e9gal pour pratiquer une IVG<\/a>, alors que certains partenaires des chr\u00e9tiens-d\u00e9mocrates flamands esp\u00e9raient une p\u00e9riode plus longue.<\/p>\n<p class=\"ap-StoryElement ap-StoryElement--mb ap-StoryText\">\u00ab\u00a0Annelies, qui ne si\u00e8ge pas au kern (c&rsquo;est Vincent Van Peteghem qui y repr\u00e9sente le CD &amp; V), n&rsquo;a pas de c\u00e9nacle o\u00f9 se faire entendre et d\u00e9battre. Alors elle sort dans la presse, d\u00e9code le m\u00eame informateur \u00ab\u00a0vivaldien\u00a0\u00bb. Je trouve cela dommage. Chaque ministre devrait pouvoir d\u00e9fendre sa tartine, d\u00e9fendre en Conseil des ministres les dossiers qu&rsquo;il porte. Le r\u00e9sultat, c&rsquo;est que la charge des vice-Premiers ministres augmente encore un peu plus puisque ce sont eux qui doivent n\u00e9gocier les points de leurs coll\u00e8gues qui ma\u00eetrisent pourtant mieux les dossiers. Cela ab\u00eeme la d\u00e9mocratie.\u00a0\u00bb<\/p>\n<p class=\"ap-StoryElement ap-StoryElement--mb ap-StoryText\">C&rsquo;est presque une tradition du microcosme politique belge : les kerns les plus d\u00e9licats s&rsquo;ach\u00e8vent souvent \u00e0 l&rsquo;aube, apr\u00e8s une nuit de n\u00e9gociations tendues, avec des vice-Premiers ministres sur les rotules. Il est \u00e0 parier que les arbitrages budg\u00e9taires, particuli\u00e8rement complexes, de la rentr\u00e9e reproduiront ce sc\u00e9nario.<\/p>\n<p class=\"ap-StoryQuote-text\">\u00ab\u00a0Le r\u00e9sultat, c&rsquo;est que la charge des vice-Premiers ministres augmente encore un peu plus puisque ce sont eux qui doivent n\u00e9gocier les points de leurs coll\u00e8gues qui ma\u00eetrisent pourtant mieux les dossiers. Cela ab\u00eeme la d\u00e9mocratie.\u00a0\u00bb<\/p>\n<p><a href=\"https:\/\/www.lalibre.be\/belgique\/politique-belge\/2026\/02\/03\/prisons-bondees-soupcons-de-conflit-dinterets-annelies-verlinden-traverse-une-tempete-politique-GAOM3TXCM5CTFL6IOYPBEA2YXQ\/\" target=\"_self\" class=\"ap-StoryInterstitialLink ap-StoryElement ap-StoryElement--mb\" rel=\"nofollow noopener\">Annelies Verlinden traverse une temp\u00eate politique<\/a>De Wever assume<\/p>\n<p class=\"ap-StoryElement ap-StoryElement--mb ap-StoryText\">Bart De Wever semble assumer le d\u00e9clin du Conseil des ministres face \u00e0 la pr\u00e9\u00e9minence du kern. Au sein de l&rsquo;Arizona, celui-ci r\u00e9unit le Premier ministre et cinq vice-Premiers, un par parti : MR, N-VA, CD &amp; V, Engag\u00e9s et Vooruit. Les r\u00e9unions du gouvernement au complet ne sont pas syst\u00e9matiquement organis\u00e9es en \u00ab\u00a0pr\u00e9sentiel\u00a0\u00bb. Et, \u00e0 son arriv\u00e9e au \u00ab\u00a016\u00a0\u00bb, le nationaliste<a href=\"https:\/\/www.lalibre.be\/belgique\/politique-belge\/2026\/07\/25\/cetait-risque-pour-bart-de-wever-de-tenir-une-conference-de-presse-pour-presenter-son-accord-il-craint-certaines-questions-KDU7OIBW2BAUVN32TDHESOHPYM\/\" target=\"_blank\" rel=\"noreferrer noopener nofollow\"> a mis fin \u00e0 la conf\u00e9rence de presse hebdomadaire<\/a> qui, organis\u00e9e dans la foul\u00e9e du Conseil des ministres, permettait \u00e0 ses membres de d\u00e9tailler les d\u00e9cisions prises.<\/p>\n<p class=\"ap-StoryElement ap-StoryElement--mb ap-StoryText\">Un \u00ab\u00a0simple\u00a0\u00bb ministre f\u00e9d\u00e9ral de l&rsquo;Arizona confirme la d\u00e9ch\u00e9ance du Conseil des ministres : \u00ab\u00a0La majorit\u00e9 des d\u00e9cisions sont prises en kern o\u00f9 les ministres de Ligue 2 \u2013 comme certains les nomment \u2013 ne sont que rarement convi\u00e9s. Beaucoup se r\u00e8gle \u00e0 l&rsquo;avance, en intercabinets. Il y a parfois, tout de m\u00eame, des prises de bec en Conseil des ministres. Donc, il existe encore un ring politique o\u00f9 batailler !\u00a0\u00bb<\/p>\n<p class=\"ap-StoryElement ap-StoryElement--mb ap-StoryText\">Un autre membre de l&rsquo;\u00e9quipe gouvernementale estime \u00e9galement que le kern ne concentre pas \u00e0 lui seul l&rsquo;ensemble des d\u00e9bats. S&rsquo;il existe une c\u00e9sure nette entre deux mondes, celui des ministres qui si\u00e8gent au kern et celui des autres, \u00ab\u00a0il y a souvent des d\u00e9bats en Conseil des ministres, de plus en plus d&rsquo;ailleurs, car certains veulent aborder des questions politiques dans un cadre plus large que le kern\u00a0\u00bb.<\/p>\n<p><a href=\"https:\/\/www.lalibre.be\/belgique\/2026\/08\/26\/le-dab-le-coeur-tres-discret-du-pouvoir-politique-federal-PYTZJHL265ETNDVAUA5XY6S43Q\/\" target=\"_self\" class=\"ap-StoryInterstitialLink ap-StoryElement ap-StoryElement--mb\" rel=\"nofollow noopener\">Le DAB, le c\u0153ur tr\u00e8s discret du pouvoir politique f\u00e9d\u00e9ral<\/a>guillement<\/p>\n<p class=\"ap-StoryQuote-text\"> \u00ab\u00a0Il y a parfois, tout de m\u00eame, des prises de bec en Conseil des ministres. Donc, il existe encore un ring politique o\u00f9 batailler !\u00a0\u00bb<\/p>\n<p>L&rsquo;atout du kern<\/p>\n<p class=\"ap-StoryElement ap-StoryElement--mb ap-StoryText\">La mont\u00e9e en puissance du kern, malgr\u00e9 son absence de l\u00e9gitimit\u00e9 juridique, r\u00e9pond surtout \u00e0 une n\u00e9cessit\u00e9 politique qui va s&rsquo;imposer encore plus \u00e0 la rentr\u00e9e. Les <a href=\"https:\/\/www.lalibre.be\/belgique\/politique-belge\/2026\/01\/05\/les-sept-grands-enjeux-qui-rythmeront-lannee-politique-en-2026-VYETFRVXZJAMTC4JTPQDO5QK7M\/\" target=\"_self\" rel=\"nofollow noopener\">enjeux budg\u00e9taires <\/a>auxquels l&rsquo;actuelle coalition est confront\u00e9e sont d&rsquo;une telle ampleur que chaque d\u00e9cision rev\u00eat une port\u00e9e politique qui la d\u00e9passe. Pour assurer la survie de son gouvernement, Bart De Wever doit avancer avec pr\u00e9caution. Dans cette \u00e9quation, la discr\u00e9tion qui entoure les discussions du kern appara\u00eet comme un atout.<\/p>\n<p class=\"ap-StoryElement ap-StoryElement--mb ap-StoryText\">\u00ab\u00a0Les dossiers strat\u00e9giques et \u00e9pineux sont discut\u00e9s en kern, avec le ministre comp\u00e9tent pr\u00e9sent selon les sujets abord\u00e9s, relativise un informateur f\u00e9d\u00e9ral. Discuter \u00e0 six (le Premier ministre et ses cinq vice-Premiers) plut\u00f4t qu&rsquo;\u00e0 quinze (le nombre de ministres f\u00e9d\u00e9raux) autour de la table est une mani\u00e8re plus efficace de travailler, c&rsquo;est \u00e9vident. Et les ministres qui ne font pas partie du kern peuvent toujours se manifester s&rsquo;ils constatent un probl\u00e8me dans un dossier.\u00a0\u00bb<\/p>\n","protected":false},"excerpt":{"rendered":"C&rsquo;est en effet au sein du kern que se jouent les principaux arbitrages politiques et que le chef&hellip;\n","protected":false},"author":2,"featured_media":227126,"comment_status":"","ping_status":"","sticky":false,"template":"","format":"standard","meta":{"footnotes":"","_share_on_mastodon":"0"},"categories":[2],"tags":[6615,12503,334,12,13,18,17,2698,3843],"class_list":["post-227125","post","type-post","status-publish","format-standard","has-post-thumbnail","category-belgique","tag-alexander-de-croo","tag-annelies-verlinden","tag-bart-de-wever","tag-be","tag-be-fr","tag-belgique","tag-belgium","tag-david-clarinval","tag-vincent-van-peteghem"],"share_on_mastodon":{"url":"https:\/\/pubeurope.com\/@be_fr\/117162030425742897","error":""},"_links":{"self":[{"href":"https:\/\/www.europesays.com\/be-fr\/wp-json\/wp\/v2\/posts\/227125","targetHints":{"allow":["GET"]}}],"collection":[{"href":"https:\/\/www.europesays.com\/be-fr\/wp-json\/wp\/v2\/posts"}],"about":[{"href":"https:\/\/www.europesays.com\/be-fr\/wp-json\/wp\/v2\/types\/post"}],"author":[{"embeddable":true,"href":"https:\/\/www.europesays.com\/be-fr\/wp-json\/wp\/v2\/users\/2"}],"replies":[{"embeddable":true,"href":"https:\/\/www.europesays.com\/be-fr\/wp-json\/wp\/v2\/comments?post=227125"}],"version-history":[{"count":0,"href":"https:\/\/www.europesays.com\/be-fr\/wp-json\/wp\/v2\/posts\/227125\/revisions"}],"wp:featuredmedia":[{"embeddable":true,"href":"https:\/\/www.europesays.com\/be-fr\/wp-json\/wp\/v2\/media\/227126"}],"wp:attachment":[{"href":"https:\/\/www.europesays.com\/be-fr\/wp-json\/wp\/v2\/media?parent=227125"}],"wp:term":[{"taxonomy":"category","embeddable":true,"href":"https:\/\/www.europesays.com\/be-fr\/wp-json\/wp\/v2\/categories?post=227125"},{"taxonomy":"post_tag","embeddable":true,"href":"https:\/\/www.europesays.com\/be-fr\/wp-json\/wp\/v2\/tags?post=227125"}],"curies":[{"name":"wp","href":"https:\/\/api.w.org\/{rel}","templated":true}]}}