{"id":227145,"date":"2026-08-26T13:36:14","date_gmt":"2026-08-26T13:36:14","guid":{"rendered":"https:\/\/www.europesays.com\/be-fr\/227145\/"},"modified":"2026-08-26T13:36:14","modified_gmt":"2026-08-26T13:36:14","slug":"une-sortie-du-ring-de-bruxelles-sera-bientot-fermee-pour-toujours-cest-en-flandre-donc-on-ne-peut-rien-dire-on-est-mis-devant-le-fait-accompli","status":"publish","type":"post","link":"https:\/\/www.europesays.com\/be-fr\/227145\/","title":{"rendered":"Une sortie du Ring de Bruxelles sera bient\u00f4t ferm\u00e9e pour toujours\u00a0: \u00ab\u00a0C&rsquo;est en Flandre donc on ne peut rien dire, on est mis devant le fait accompli\u00a0\u00bb"},"content":{"rendered":"<p><a href=\"https:\/\/www.dhnet.be\/regions\/bruxelles\/bruxelles-mobilite\/2026\/08\/26\/enfin-la-fin-de-certains-travaux-de-tram-a-bruxelles-plusieurs-lignes-restent-encore-perturbees-pendant-de-longs-mois-Y64QLUHPTNED3A5DK4YQ2U2ZGM\/\" target=\"_self\" class=\"ap-StoryInterstitialLink ap-StoryElement ap-StoryElement--mb\" rel=\"nofollow noopener\">Enfin la fin de certains travaux de tram \u00e0 Bruxelles : plusieurs lignes restent encore perturb\u00e9es pendant de longs mois<\/a><\/p>\n<p class=\"ap-StoryElement ap-StoryElement--mb ap-StoryText\">En contrepartie de ce projet, l&rsquo;entr\u00e9e-sortie 12 du Ring (\u00ab\u00a0Kattebroek\u00a0\u00bb) va dispara\u00eetre d\u00e9finitivement.<\/p>\n<p class=\"ap-StoryElement ap-StoryElement--mb ap-StoryText\">La Werkvennootschap, organisme flamand en charge du chantier, nous confirme que cette fermeture interviendra d\u00e8s octobre. Il avait autrefois \u00e9t\u00e9 entendu que cette sortie reste ouverte jusqu&rsquo;aux derni\u00e8res phases du chantier.<\/p>\n<p>\u00ab\u00a0Mis devant le fait accompli\u00a0\u00bb<\/p>\n<p class=\"ap-StoryElement ap-StoryElement--mb ap-StoryText\">Contact\u00e9e par Ring TV, l&rsquo;\u00e9chevine de la Mobilit\u00e9 de Dilbeek d\u00e9fend cette fermeture : \u00ab\u00a0nous craignons qu&rsquo;un trafic tr\u00e8s important en provenance de Molenbeek ne se dirige vers le quartier de Paloke et g\u00e9n\u00e8re un engorgement.\u00a0\u00bb<\/p>\n<p><a href=\"https:\/\/www.dhnet.be\/regions\/bruxelles\/bruxelles-mobilite\/2026\/08\/25\/une-place-de-bruxelles-va-etre-totalement-reamenagee-lechevine-vooruit-refuse-de-communiquer-le-nombre-de-places-de-parking-supprimees-3ENWG6A5MRH6TB6AI4SS6KGT4E\/\" target=\"_self\" class=\"ap-StoryInterstitialLink ap-StoryElement ap-StoryElement--mb\" rel=\"nofollow noopener\">Une place de Bruxelles va \u00eatre r\u00e9am\u00e9nag\u00e9e sans voiture : l&rsquo;\u00e9chevine Vooruit refuse de communiquer le nombre de places de parking supprim\u00e9es<\/a><\/p>\n<p class=\"ap-StoryElement ap-StoryElement--mb ap-StoryText\">Une posture radicalement oppos\u00e9e \u00e0 celle de Berchem-Sainte-Agathe, o\u00f9 on abhorre la suppression de l&rsquo;acc\u00e8s 12. \u00ab\u00a0Je ne voulais pas, par principe, cette fermeture. Cette sortie permet aux Berchemois de rejoindre le Ring facilement sans devoir prendre des axes surcharg\u00e9s comme l&rsquo;avenue Charles Quint\u00a0\u00bb, indique le bourgmestre de Berchem, Christian Lamouline (Les Engag\u00e9s). \u00ab\u00a0C&rsquo;est en Flandre donc on ne peut rien dire. On est mis devant le fait accompli.\u00a0\u00bb<\/p>\n<p class=\"ap-StoryElement ap-StoryElement--mb ap-StoryText\">Le bourgmestre mentionne toutefois un effet positif sur le trafic de transit dans les quartiers. Ce qui pourrait rouvrir certains dossiers, comme la mise \u00e0 sens unique de la rue de Dilbeek. \u00ab\u00a0C&rsquo;\u00e9tait avant une v\u00e9ritable autoroute. Mais si la sortie 12 est ferm\u00e9e, on remettra la question sur la table du coll\u00e8ge.\u00a0\u00bb<\/p>\n<p><a href=\"https:\/\/www.dhnet.be\/regions\/bruxelles\/bruxelles-mobilite\/2026\/08\/22\/chaos-au-carrefour-leonard-le-retour-les-tunnels-a-peine-renoves-la-flandre-va-relancer-de-longs-travaux-a-ce-croisement-ring-e411-SWSX7JQAWVAQXCIMXH25O3UH7I\/\" target=\"_self\" class=\"ap-StoryInterstitialLink ap-StoryElement ap-StoryElement--mb\" rel=\"nofollow noopener\">Chaos au carrefour L\u00e9onard, le retour: les tunnels \u00e0 peine r\u00e9nov\u00e9s, la Flandre va relancer de longs travaux \u00e0 ce croisement Ring-E411<\/a>\u00ab\u00a0Autant que possible 2&#215;3 bandes de circulation\u00a0\u00bb<\/p>\n<p class=\"ap-StoryElement ap-StoryElement--mb ap-StoryText\">Lors du chantier, l&rsquo;organisme flamand assure que le Ring restera \u00ab\u00a0ouvert \u00e0 la circulation\u00a0\u00bb. \u00ab\u00a0Nous maintenons autant que possible 2&#215;3 bandes de circulation.\u00a0\u00bb<\/p>\n<p class=\"ap-StoryElement ap-StoryElement--mb ap-StoryText\">Dans le cadre du projet autoroutier, une \u00ab\u00a0autoroute cyclable\u00a0\u00bb verra le jour, le long du Ring c\u00f4t\u00e9 dilbeekois. Cette passerelle, qui surplombera la N8, prendra place entre la Berghaagstraat et la Lamartinestraat. \u00ab\u00a0Le Ringfietspad au nord de la Berghaagstraat, en direction de Groot-Bijgaarden, sera d\u00e9velopp\u00e9 dans un projet ult\u00e9rieur. L&rsquo;extension vers le sud doit encore \u00eatre \u00e9tudi\u00e9e.\u00a0\u00bb<\/p>\n<p><a href=\"https:\/\/www.dhnet.be\/regions\/bruxelles\/bruxelles-mobilite\/2026\/07\/10\/fini-le-rond-point-meiser-le-gouvernement-donne-un-feu-vert-pour-metamorphoser-la-place-misere-ainsi-que-la-chaussee-de-ninove-7DGWSR2IURBOZFPG43PCFNOGGM\/\" target=\"_self\" class=\"ap-StoryInterstitialLink ap-StoryElement ap-StoryElement--mb\" rel=\"nofollow noopener\">Fini le rond-point Meiser : le gouvernement donne un feu vert pour m\u00e9tamorphoser la \u00ab\u00a0place Mis\u00e8re\u00a0\u00bb ainsi que la chauss\u00e9e de Ninove<\/a><\/p>\n<p class=\"ap-StoryElement ap-StoryElement--mb ap-StoryText\">Rappelons \u00e9galement qu&rsquo;un autre chantier s&rsquo;annonce chauss\u00e9e de Ninove mais en r\u00e9gion bruxelloise. Au d\u00e9but de l&rsquo;\u00e9t\u00e9, <a href=\"https:\/\/www.dhnet.be\/regions\/bruxelles\/bruxelles-mobilite\/2026\/07\/10\/fini-le-rond-point-meiser-le-gouvernement-donne-un-feu-vert-pour-metamorphoser-la-place-misere-ainsi-que-la-chaussee-de-ninove-7DGWSR2IURBOZFPG43PCFNOGGM\/\" target=\"_self\" rel=\"nofollow noopener\">le gouvernement bruxellois a en effet donn\u00e9 son feu vert pour poursuivre le projet de r\u00e9novation de l&rsquo;axe entre la fronti\u00e8re flamande et le boulevard Louis Mettewie<\/a>. Un projet qui a d\u00e9j\u00e0 fait couler beaucoup d&rsquo;encre \u00e0 Anderlecht et Molenbeek en raison de la disparition d&#8217;emplacements de stationnement.<\/p>\n<p><img loading=\"lazy\" decoding=\"async\" class=\"w-full lazyload lazyload--opacity object-contain\" style=\"aspect-ratio:150 \/ 100;opacity:1\" alt=\"Chauss\u00e9e de Ninove\" width=\"768\" height=\"512\" fetchpriority=\"auto\" src=\"https:\/\/www.europesays.com\/be-fr\/wp-content\/uploads\/2026\/08\/1787751374_725_S5VKD3X55FFF3BW6V4SEHXNP7I.png\"  data- data-optimumx=\"1\"\/><img loading=\"lazy\" decoding=\"async\" src=\"https:\/\/www.dhnet.be\/resizer\/v2\/https%3A%2F%2Fcloudfront-eu-central-1.images.arcpublishing.com%2Fipmgroup%2FVMIWJ7RJ6BC7LDGN4GITL5ZT3A.webp?auth=3471259e9c954da9d91d0e56bfa9394cb58abccb9f419e1b84ef17af31c31068&amp;width=1200&amp;height=801&amp;quality=85&amp;focal=320%2C213\" width=\"768\" height=\"512\" alt=\"Chauss\u00e9e de Ninove\" class=\"absolute inset-0 w-full\"\/>Projet chauss\u00e9e de Ninove \u00a9D.R.<\/p>\n","protected":false},"excerpt":{"rendered":"Enfin la fin de certains travaux de tram \u00e0 Bruxelles : plusieurs lignes restent encore perturb\u00e9es pendant de&hellip;\n","protected":false},"author":2,"featured_media":227146,"comment_status":"","ping_status":"","sticky":false,"template":"","format":"standard","meta":{"footnotes":"","_share_on_mastodon":"0"},"categories":[2],"tags":[69417,6632,761,35068,12,13,18,17,128,133,442,103],"class_list":["post-227145","post","type-post","status-publish","format-standard","has-post-thumbnail","category-belgique","tag-academy-awards","tag-art-and-culture","tag-award","tag-award-and-decoration-cinema","tag-be","tag-be-fr","tag-belgique","tag-belgium","tag-celebrity","tag-cinema","tag-film","tag-horizontal"],"share_on_mastodon":{"url":"https:\/\/pubeurope.com\/@be_fr\/117162081405743113","error":""},"_links":{"self":[{"href":"https:\/\/www.europesays.com\/be-fr\/wp-json\/wp\/v2\/posts\/227145","targetHints":{"allow":["GET"]}}],"collection":[{"href":"https:\/\/www.europesays.com\/be-fr\/wp-json\/wp\/v2\/posts"}],"about":[{"href":"https:\/\/www.europesays.com\/be-fr\/wp-json\/wp\/v2\/types\/post"}],"author":[{"embeddable":true,"href":"https:\/\/www.europesays.com\/be-fr\/wp-json\/wp\/v2\/users\/2"}],"replies":[{"embeddable":true,"href":"https:\/\/www.europesays.com\/be-fr\/wp-json\/wp\/v2\/comments?post=227145"}],"version-history":[{"count":0,"href":"https:\/\/www.europesays.com\/be-fr\/wp-json\/wp\/v2\/posts\/227145\/revisions"}],"wp:featuredmedia":[{"embeddable":true,"href":"https:\/\/www.europesays.com\/be-fr\/wp-json\/wp\/v2\/media\/227146"}],"wp:attachment":[{"href":"https:\/\/www.europesays.com\/be-fr\/wp-json\/wp\/v2\/media?parent=227145"}],"wp:term":[{"taxonomy":"category","embeddable":true,"href":"https:\/\/www.europesays.com\/be-fr\/wp-json\/wp\/v2\/categories?post=227145"},{"taxonomy":"post_tag","embeddable":true,"href":"https:\/\/www.europesays.com\/be-fr\/wp-json\/wp\/v2\/tags?post=227145"}],"curies":[{"name":"wp","href":"https:\/\/api.w.org\/{rel}","templated":true}]}}