{"id":227333,"date":"2026-08-26T16:03:38","date_gmt":"2026-08-26T16:03:38","guid":{"rendered":"https:\/\/www.europesays.com\/be-fr\/227333\/"},"modified":"2026-08-26T16:03:38","modified_gmt":"2026-08-26T16:03:38","slug":"une-place-a-evere-renommee-en-hommage-a-driss-atounane-assassine-dans-le-tram-55-le-ps-a-depose-une-motion","status":"publish","type":"post","link":"https:\/\/www.europesays.com\/be-fr\/227333\/","title":{"rendered":"Une place \u00e0 Evere renomm\u00e9e en hommage \u00e0 Driss Atounane, assassin\u00e9 dans le tram 55\u00a0: le PS a d\u00e9pos\u00e9 une motion"},"content":{"rendered":"<p><a href=\"https:\/\/www.dhnet.be\/regions\/bruxelles\/2026\/07\/28\/comment-une-telle-violence-est-elle-possible-le-quartier-de-bruxelles-nord-sous-le-choc-apres-le-meurtre-de-driss-atounane-tue-dans-un-tram-SUZ4A7QNSNGG7NN6KMZNVXMUMY\/\" target=\"_self\" class=\"ap-StoryInterstitialLink ap-StoryElement ap-StoryElement--mb js-paywall-target\" rel=\"nofollow noopener\">\u00ab\u00a0Comment une telle violence est-elle possible ?\u00a0\u00bb : le quartier de Bruxelles Nord sous le choc apr\u00e8s le meurtre de Driss Atounane, tu\u00e9 dans un tram<\/a><\/p>\n<p class=\"ap-StoryElement ap-StoryElement--mb ap-StoryText\">Un mois apr\u00e8s les faits, le d\u00e9put\u00e9 socialiste r\u00e9it\u00e8re sa demande et a \u00e9galement introduit une motion au conseil communal d&rsquo;Evere, dont il est le pr\u00e9sident. Le texte propose de rebaptiser le croisement de la rue du Tilleul, de la rue Henri Van Hamme et de la rue \u00c9douard Stuckens en \u00ab\u00a0place Driss Atounane\u00a0\u00bb ou \u00ab\u00a0placette Driss Atounane\u00a0\u00bb. Il s&rsquo;agit l\u00e0 des environs o\u00f9 a eu lieu l&rsquo;agression mortelle.<\/p>\n<p><img loading=\"lazy\" decoding=\"async\" class=\"w-full lazyload lazyload--opacity object-contain\" style=\"aspect-ratio:150 \/ 100;opacity:1\" alt=\"Tram 55 \u00e0 Schaerbeek et Evere\" width=\"768\" height=\"512\" fetchpriority=\"auto\" src=\"https:\/\/www.europesays.com\/be-fr\/wp-content\/uploads\/2026\/08\/1787760215_456_S5VKD3X55FFF3BW6V4SEHXNP7I.png\"  data- data-optimumx=\"1\"\/><img loading=\"lazy\" decoding=\"async\" src=\"https:\/\/www.europesays.com\/be-fr\/wp-content\/uploads\/2026\/08\/D6WU7KCU2RCC3K3TUW7X5D2UQQ.jpg\" width=\"768\" height=\"512\" alt=\"Tram 55 \u00e0 Schaerbeek et Evere\" class=\"absolute inset-0 w-full\"\/> \u00a9Jean Luc FLEMAL<a href=\"https:\/\/www.dhnet.be\/regions\/bruxelles\/2026\/07\/28\/cest-un-meurtre-raciste-lhomme-a-crie-a-ma-mere-je-vais-te-tuer-sale-arabe-la-fille-de-la-dame-agressee-dans-le-tram-55-temoigne-5D5FAZJQ4RDDVODSTQM2GYZXY4\/\" target=\"_self\" class=\"ap-StoryInterstitialLink ap-StoryElement ap-StoryElement--mb\" rel=\"nofollow noopener\">\u00ab\u00a0C&rsquo;est un meurtre raciste, l&rsquo;homme a cri\u00e9 \u00e0 ma m\u00e8re : je vais te tuer sale Arabe\u00a0\u00bb : la fille de la dame agress\u00e9e dans le tram 55 t\u00e9moigne<\/a><\/p>\n<p class=\"ap-StoryElement ap-StoryElement--mb ap-StoryText\">Si une telle d\u00e9nomination n&rsquo;est gu\u00e8re possible, il est demand\u00e9 d'\u00a0\u00bb \u00e9tudier la possibilit\u00e9 de donner le nom de Driss Atounane \u00e0 un espace vert ou \u00e0 un espace public communal situ\u00e9 dans le m\u00eame quartier\u00a0\u00bb. Une plaque ou un panneau est \u00e9galement pr\u00e9vu, \u00ab\u00a0rappelant bri\u00e8vement que Driss Atounane est honor\u00e9 pour son courage civique et pour \u00eatre intervenu afin de porter secours \u00e0 une personne victime d&rsquo;une agression, ainsi que pour les valeurs de solidarit\u00e9 et de refus du racisme incarn\u00e9es par son geste\u00a0\u00bb.<\/p>\n<p><a href=\"https:\/\/www.dhnet.be\/regions\/bruxelles\/2026\/07\/30\/une-fresque-en-hommage-a-driss-atounane-tue-dans-le-tram-a-schaerbeek-pour-avoir-aide-une-femme-il-merite-hommage-et-distinction-4O5BUDTDZZA73IIDVLIPUWAMYI\/\" target=\"_self\" class=\"ap-StoryInterstitialLink ap-StoryElement ap-StoryElement--mb\" rel=\"nofollow noopener\">Une fresque en hommage \u00e0 Driss Atounane tu\u00e9 dans le tram \u00e0 Schaerbeek pour avoir aid\u00e9 une femme : \u00ab\u00a0il m\u00e9rite hommage et distinction\u00a0\u00bb<\/a><\/p>\n<p class=\"ap-StoryElement ap-StoryElement--mb ap-StoryText\">Cette motion de Ridouane Chahid sera d\u00e9battue au conseil communal de ce mercredi \u00e0 Evere. Le PS ayant la majorit\u00e9 absolue au sein de l&rsquo;assembl\u00e9e, le rejet du texte appara\u00eet improbable.<\/p>\n","protected":false},"excerpt":{"rendered":"\u00ab\u00a0Comment une telle violence est-elle possible ?\u00a0\u00bb : le quartier de Bruxelles Nord sous le choc apr\u00e8s le&hellip;\n","protected":false},"author":2,"featured_media":227334,"comment_status":"","ping_status":"","sticky":false,"template":"","format":"standard","meta":{"footnotes":"","_share_on_mastodon":"0"},"categories":[2],"tags":[334,12,13,18,17,28,3934],"class_list":["post-227333","post","type-post","status-publish","format-standard","has-post-thumbnail","category-belgique","tag-bart-de-wever","tag-be","tag-be-fr","tag-belgique","tag-belgium","tag-bruxelles-villes","tag-evere"],"share_on_mastodon":{"url":"https:\/\/pubeurope.com\/@be_fr\/117162660180066482","error":""},"_links":{"self":[{"href":"https:\/\/www.europesays.com\/be-fr\/wp-json\/wp\/v2\/posts\/227333","targetHints":{"allow":["GET"]}}],"collection":[{"href":"https:\/\/www.europesays.com\/be-fr\/wp-json\/wp\/v2\/posts"}],"about":[{"href":"https:\/\/www.europesays.com\/be-fr\/wp-json\/wp\/v2\/types\/post"}],"author":[{"embeddable":true,"href":"https:\/\/www.europesays.com\/be-fr\/wp-json\/wp\/v2\/users\/2"}],"replies":[{"embeddable":true,"href":"https:\/\/www.europesays.com\/be-fr\/wp-json\/wp\/v2\/comments?post=227333"}],"version-history":[{"count":0,"href":"https:\/\/www.europesays.com\/be-fr\/wp-json\/wp\/v2\/posts\/227333\/revisions"}],"wp:featuredmedia":[{"embeddable":true,"href":"https:\/\/www.europesays.com\/be-fr\/wp-json\/wp\/v2\/media\/227334"}],"wp:attachment":[{"href":"https:\/\/www.europesays.com\/be-fr\/wp-json\/wp\/v2\/media?parent=227333"}],"wp:term":[{"taxonomy":"category","embeddable":true,"href":"https:\/\/www.europesays.com\/be-fr\/wp-json\/wp\/v2\/categories?post=227333"},{"taxonomy":"post_tag","embeddable":true,"href":"https:\/\/www.europesays.com\/be-fr\/wp-json\/wp\/v2\/tags?post=227333"}],"curies":[{"name":"wp","href":"https:\/\/api.w.org\/{rel}","templated":true}]}}