{"id":227443,"date":"2026-08-26T17:08:13","date_gmt":"2026-08-26T17:08:13","guid":{"rendered":"https:\/\/www.europesays.com\/be-fr\/227443\/"},"modified":"2026-08-26T17:08:13","modified_gmt":"2026-08-26T17:08:13","slug":"enfin-la-fin-de-certains-travaux-de-tram-a-bruxelles-plusieurs-lignes-restent-encore-perturbees-pendant-de-longs-mois","status":"publish","type":"post","link":"https:\/\/www.europesays.com\/be-fr\/227443\/","title":{"rendered":"Enfin la fin de certains travaux de tram \u00e0 Bruxelles\u00a0: plusieurs lignes restent encore perturb\u00e9es pendant de longs mois"},"content":{"rendered":"<p class=\"ap-StoryElement ap-StoryElement--mb ap-StoryText\">Cet \u00e9t\u00e9, les usagers du tram ont subi bien des d\u00e9sagr\u00e9ments. <a href=\"https:\/\/www.dhnet.be\/regions\/bruxelles\/bruxelles-mobilite\/2026\/05\/29\/encore-plus-de-lignes-de-tram-interrompues-a-bruxelles-des-juin-des-perturbations-supplementaires-avenue-louise-et-chaussee-de-haecht-TH5M2O323JCRFNR6ULM5AJDGRA\/\" target=\"_self\" rel=\"nofollow noopener\">Pr\u00e8s de la moiti\u00e9 des lignes de tram bruxelloises \u00e9taient perturb\u00e9es<\/a>.<\/p>\n<p class=\"ap-StoryElement ap-StoryElement--mb ap-StoryText\">En cette p\u00e9riode de rentr\u00e9e, des travaux arrivent \u00e0 terme. \u00ab\u00a0Les trams des lignes 8 et 93 peuvent \u00e0 nouveau desservir totalement l&rsquo;avenue Louise \u00e0 partir du samedi 29 ao\u00fbt. La ligne de bus temporaire 96 est de ce fait de nouveau limit\u00e9e \u00e0 son trajet entre la Gare du Midi et Trinit\u00e9\u00a0\u00bb, annonce la Stib. \u00ab\u00a0Les trams 7 et 35 reprennent leur itin\u00e9raire habituel sur l&rsquo;avenue des Croix du Feu et Van Praet d\u00e8s le lundi 31 ao\u00fbt. Les travaux de Vivaqua sur la chauss\u00e9e de Haecht \u00e0 Schaerbeek sont termin\u00e9s, ce qui permet au tram 92 de relier \u00e0 nouveau la gare de Schaerbeek depuis l&rsquo;\u00e9glise Sainte-Marie \u00e0 partir du 31 ao\u00fbt.\u00a0\u00bb<\/p>\n<p>Pour acc\u00e9der \u00e0 cet article, veuillez vous connecter au r\u00e9seau internet.<\/p>\n","protected":false},"excerpt":{"rendered":"Cet \u00e9t\u00e9, les usagers du tram ont subi bien des d\u00e9sagr\u00e9ments. Pr\u00e8s de la moiti\u00e9 des lignes de&hellip;\n","protected":false},"author":2,"featured_media":227444,"comment_status":"","ping_status":"","sticky":false,"template":"","format":"standard","meta":{"footnotes":"","_share_on_mastodon":"0"},"categories":[2],"tags":[12,13,18,17,28,3934,3016],"class_list":["post-227443","post","type-post","status-publish","format-standard","has-post-thumbnail","category-belgique","tag-be","tag-be-fr","tag-belgique","tag-belgium","tag-bruxelles-villes","tag-evere","tag-schaerbeek"],"share_on_mastodon":{"url":"https:\/\/pubeurope.com\/@be_fr\/117162914755310072","error":""},"_links":{"self":[{"href":"https:\/\/www.europesays.com\/be-fr\/wp-json\/wp\/v2\/posts\/227443","targetHints":{"allow":["GET"]}}],"collection":[{"href":"https:\/\/www.europesays.com\/be-fr\/wp-json\/wp\/v2\/posts"}],"about":[{"href":"https:\/\/www.europesays.com\/be-fr\/wp-json\/wp\/v2\/types\/post"}],"author":[{"embeddable":true,"href":"https:\/\/www.europesays.com\/be-fr\/wp-json\/wp\/v2\/users\/2"}],"replies":[{"embeddable":true,"href":"https:\/\/www.europesays.com\/be-fr\/wp-json\/wp\/v2\/comments?post=227443"}],"version-history":[{"count":0,"href":"https:\/\/www.europesays.com\/be-fr\/wp-json\/wp\/v2\/posts\/227443\/revisions"}],"wp:featuredmedia":[{"embeddable":true,"href":"https:\/\/www.europesays.com\/be-fr\/wp-json\/wp\/v2\/media\/227444"}],"wp:attachment":[{"href":"https:\/\/www.europesays.com\/be-fr\/wp-json\/wp\/v2\/media?parent=227443"}],"wp:term":[{"taxonomy":"category","embeddable":true,"href":"https:\/\/www.europesays.com\/be-fr\/wp-json\/wp\/v2\/categories?post=227443"},{"taxonomy":"post_tag","embeddable":true,"href":"https:\/\/www.europesays.com\/be-fr\/wp-json\/wp\/v2\/tags?post=227443"}],"curies":[{"name":"wp","href":"https:\/\/api.w.org\/{rel}","templated":true}]}}