{"id":227515,"date":"2026-08-26T18:03:17","date_gmt":"2026-08-26T18:03:17","guid":{"rendered":"https:\/\/www.europesays.com\/be-fr\/227515\/"},"modified":"2026-08-26T18:03:17","modified_gmt":"2026-08-26T18:03:17","slug":"bonjour-patrimoine-jean-debo-et-les-bustes-de-la-famille-devaux-telle","status":"publish","type":"post","link":"https:\/\/www.europesays.com\/be-fr\/227515\/","title":{"rendered":"Bonjour Patrimoine |Jean Debo et les bustes de la famille Devaux-Telle"},"content":{"rendered":"<p><img loading=\"lazy\" decoding=\"async\" class=\"w-full lazyload lazyload--opacity object-contain\" style=\"aspect-ratio:75 \/ 100;opacity:1\" alt=\"Le buste de Martine Devaux.\" width=\"768\" height=\"1023\" fetchpriority=\"auto\" src=\"https:\/\/www.europesays.com\/be-fr\/wp-content\/uploads\/2026\/08\/1787767396_979_S5VKD3X55FFF3BW6V4SEHXNP7I.png\"  data- data-optimumx=\"1\"\/><img loading=\"lazy\" decoding=\"async\" src=\"https:\/\/www.europesays.com\/be-fr\/wp-content\/uploads\/2026\/08\/OQMA7XTBAFBYBIK6TF4OL7ZOCA.JPG\" width=\"768\" height=\"1023\" alt=\"Le buste de Martine Devaux.\" class=\"absolute inset-0 w-full\"\/>Le buste de Martine Devaux. \u00a9<\/p>\n<p class=\"ap-StoryElement ap-StoryElement--mb ap-StoryText\">Les enfants d\u00e9sirent profiter de l&rsquo;absence maternelle pour s&rsquo;adonner au chahut, d&rsquo;autant plus que le p\u00e8re, la cigarette aux l\u00e8vres, s&rsquo;adonne \u00e0 l&rsquo;\u00e9criture, n\u00e9gligeant sa prog\u00e9niture. Mais le buste veille gr\u00e2ce \u00e0 un d\u00e9licat fondu enchain\u00e9 par lequel le cin\u00e9aste amateur remplace durant quelques secondes ledit buste par le v\u00e9ritable portrait de la m\u00e8re. Tout rentre imm\u00e9diatement dans l&rsquo;ordre et la tentative de chahut se termine aussit\u00f4t. Lucy revient dans la pi\u00e8ce, constate que tout s&rsquo;est bien d\u00e9roul\u00e9 en son absence et va se pencher pour embrasser son \u00e9poux. Celui-ci lui montre le texte qu&rsquo;il \u00e9tait en train de r\u00e9diger, il s&rsquo;agit du script de l&rsquo;histoire que vous venez de lire, avec son titre: L&rsquo;ange gardien.<\/p>\n<p class=\"ap-StoryElement ap-StoryElement--mb ap-StoryText\">Ce court-m\u00e9trage a \u00e9t\u00e9 enregistr\u00e9 sur un nouveau support par Not\u00e9l\u00e9, la t\u00e9l\u00e9vision r\u00e9gionale de Wallonie picarde, et permet de donner \u00e0 un support priv\u00e9 un caract\u00e8re public.<\/p>\n<p><a href=\"https:\/\/www.lavenir.net\/dossier\/regions\/wallonie-picarde\/2025\/10\/06\/bonjour-patrimoine-KL3T3E5EEJALRKZPU56SN67EIM\/\" target=\"_self\" class=\"ap-StoryInterstitialLink ap-StoryElement ap-StoryElement--mb\" rel=\"nofollow noopener\">Notre dossier \u00ab\u00a0Bonjour Patrimoine\u00a0\u00bb<\/a><\/p>\n<p class=\"ap-StoryElement ap-StoryElement--mb ap-StoryText\">Paru le 18 mars 2026 dans Le Courrier de l&rsquo;Escaut,<a href=\"https:\/\/www.lavenir.net\/regions\/wallonie-picarde\/tournai\/2026\/03\/26\/bonjour-patrimoine-le-sculpteur-jean-jan-debo-un-beau-lien-entre-tournai-et-renaix-X4ECX6IQZZECBJQFHY2KCNIHAM\/\" target=\"_self\" rel=\"nofollow noopener\"> le \u00ab\u00a0Bonjour Patrimoine &#8211; Jean Debo, entre Renaix et Tournai\u00a0\u00bb<\/a> signalait que les collections du Mufim disposaient de trois \u0153uvres de l&rsquo;artiste: le buste de Jules Messiaen (1869-1956), photographe et conservateur-adjoint de la Maison tournaisienne, ainsi que deux bustes d&rsquo;enfants exprimant, l&rsquo;un la joie, l&rsquo;autre la tristesse, sans qu&rsquo;ils ne forment un duo.<\/p>\n<p class=\"ap-StoryElement ap-StoryElement--mb ap-StoryText\">En juillet 2026, lors du march\u00e9 aux puces \u00e0 la rue Jean Cousin, les Amis du MuFIm ont acquis une plaque en pl\u00e2tre blanc consacr\u00e9e au profil des enfants royaux trait\u00e9s \u00e0 la patine vert-de-gris: L\u00e9opold, Charles et Jos\u00e9phine-Charlotte, futurs roi de Belgique, prince-r\u00e9gent, grande-duchesse du Luxembourg. Cette \u0153uvre de Jean Debo enrichit les collections du MuFIm et vient renforcer la pr\u00e9sence des artistes form\u00e9s \u00e0 l&rsquo;\u00c9cole Saint-Luc de Tournai ou des professeurs: Henri Daumerie, Marcel Marlier, Prudent Momirel, Jos Speybrouck, Carlos Surquin, Camille Wybo\u2026<\/p>\n","protected":false},"excerpt":{"rendered":"Le buste de Martine Devaux. \u00a9 Les enfants d\u00e9sirent profiter de l&rsquo;absence maternelle pour s&rsquo;adonner au chahut, d&rsquo;autant&hellip;\n","protected":false},"author":2,"featured_media":227516,"comment_status":"","ping_status":"","sticky":false,"template":"","format":"standard","meta":{"footnotes":"","_share_on_mastodon":"0"},"categories":[101],"tags":[126,124,125,12,13,18,17,46274,127,96,95,2352],"class_list":["post-227515","post","type-post","status-publish","format-standard","has-post-thumbnail","category-arts-et-design","tag-arts","tag-arts-and-design","tag-arts-et-design","tag-be","tag-be-fr","tag-belgique","tag-belgium","tag-bonjour-patrimoine","tag-design","tag-divertissement","tag-entertainment","tag-tournai"],"share_on_mastodon":{"url":"https:\/\/pubeurope.com\/@be_fr\/117163131844276518","error":""},"_links":{"self":[{"href":"https:\/\/www.europesays.com\/be-fr\/wp-json\/wp\/v2\/posts\/227515","targetHints":{"allow":["GET"]}}],"collection":[{"href":"https:\/\/www.europesays.com\/be-fr\/wp-json\/wp\/v2\/posts"}],"about":[{"href":"https:\/\/www.europesays.com\/be-fr\/wp-json\/wp\/v2\/types\/post"}],"author":[{"embeddable":true,"href":"https:\/\/www.europesays.com\/be-fr\/wp-json\/wp\/v2\/users\/2"}],"replies":[{"embeddable":true,"href":"https:\/\/www.europesays.com\/be-fr\/wp-json\/wp\/v2\/comments?post=227515"}],"version-history":[{"count":0,"href":"https:\/\/www.europesays.com\/be-fr\/wp-json\/wp\/v2\/posts\/227515\/revisions"}],"wp:featuredmedia":[{"embeddable":true,"href":"https:\/\/www.europesays.com\/be-fr\/wp-json\/wp\/v2\/media\/227516"}],"wp:attachment":[{"href":"https:\/\/www.europesays.com\/be-fr\/wp-json\/wp\/v2\/media?parent=227515"}],"wp:term":[{"taxonomy":"category","embeddable":true,"href":"https:\/\/www.europesays.com\/be-fr\/wp-json\/wp\/v2\/categories?post=227515"},{"taxonomy":"post_tag","embeddable":true,"href":"https:\/\/www.europesays.com\/be-fr\/wp-json\/wp\/v2\/tags?post=227515"}],"curies":[{"name":"wp","href":"https:\/\/api.w.org\/{rel}","templated":true}]}}