{"id":227839,"date":"2026-08-27T00:19:22","date_gmt":"2026-08-27T00:19:22","guid":{"rendered":"https:\/\/www.europesays.com\/be-fr\/227839\/"},"modified":"2026-08-27T00:19:22","modified_gmt":"2026-08-27T00:19:22","slug":"fiat-multiplina-concept-2026-le-futur-de-la-micromobilite-familiale","status":"publish","type":"post","link":"https:\/\/www.europesays.com\/be-fr\/227839\/","title":{"rendered":"Fiat Multiplina concept 2026 : le futur de la micromobilit\u00e9 familiale"},"content":{"rendered":"<p class=\"wp-block-paragraph\">Fiat a d\u00e9voil\u00e9 le Multiplina concept le 30 juin 2026 \u00e0 Rome. La marque pr\u00e9sente cette city car \u00e9lectrique multiplace comme le troisi\u00e8me pilier de sa gamme urbaine, aux c\u00f4t\u00e9s de la Topolino et du TRIS. Le constructeur en revendique la filiation avec la 600 Multipla de 1956. Il ne communique en revanche ni motorisation, ni autonomie, ni tarif.<\/p>\n<p><img fetchpriority=\"high\" decoding=\"async\" width=\"1600\" height=\"900\" data-id=\"84357\" src=\"https:\/\/www.europesays.com\/be-fr\/wp-content\/uploads\/2026\/08\/fiat-multiplina-concept-2026-vue-34-avant-studio-Mondial-de-lAuto.jpg\" alt=\"Fiat Multiplina Concept 2026 en vue 3\/4 avant, r\u00e9interpr\u00e9tation \u00e9lectrique de la Fiat 600 Multipla de 1956\" class=\"wp-image-84357\" title=\"Fiat Multiplina Concept 2026\"  \/>Le Fiat Multiplina Concept r\u00e9interpr\u00e8te la Fiat 600 Multipla de 1956 dans un format urbain multiplace. \u00a9 Stellantis<\/p>\n<p class=\"wp-block-paragraph\">Notre article revient sur l\u2019h\u00e9ritage que Fiat revendique, sur la place de ce futur mod\u00e8le dans la gamme sans permis de la marque et sur le cr\u00e9neau qu\u2019il viserait en Europe. Voici tout ce que l\u2019on sait d\u00e9j\u00e0 sur le Multiplina concept.<\/p>\n<p>Fiat Multiplina concept : l\u2019h\u00e9ritage revendiqu\u00e9 de la Multipla 1956<\/p>\n<p class=\"wp-block-paragraph\">La filiation entre la 600 Multipla de 1956 et le Fiat Multiplina concept 2026 n\u2019est pas un argument nostalgique. Il s\u2019agit plut\u00f4t d\u2019une continuit\u00e9 de m\u00e9thode : optimiser l\u2019espace int\u00e9rieur dans une empreinte compacte, au service des usagers urbains.<\/p>\n<p>Multipla 1956 : une r\u00e9volution de l\u2019habitabilit\u00e9 compacte<\/p>\n<p class=\"wp-block-paragraph\">La Fiat 600 Multipla, lanc\u00e9e en 1956, a pos\u00e9 un d\u00e9fi que peu de constructeurs ont relev\u00e9 depuis. Il s\u2019agissait de loger six personnes dans un volume de citadine. Ce monospace compact a incarn\u00e9 la conviction que la mobilit\u00e9 familiale urbaine pouvait allier praticit\u00e9, accessibilit\u00e9 et ing\u00e9niosit\u00e9. Fiat ne vendait donc pas seulement une voiture. Elle proposait une solution \u00e0 la densification des villes europ\u00e9ennes d\u2019apr\u00e8s-guerre.<\/p>\n<p class=\"wp-block-paragraph\">Cette approche privil\u00e9gie l\u2019efficacit\u00e9 spatiale plut\u00f4t que la puissance ou le prestige. Elle a construit une identit\u00e9 de marque durable. La Multipla n\u2019\u00e9tait pas la plus rapide ni la plus grande. En revanche, elle \u00e9tait la plus ing\u00e9nieuse.<\/p>\n<p>Fiat Multiplina concept : la vision strat\u00e9gique en 3 piliers<\/p>\n<p class=\"wp-block-paragraph\">Cette strat\u00e9gie tripartite r\u00e9v\u00e8le une ambition claire : couvrir l\u2019int\u00e9gralit\u00e9 de la mobilit\u00e9 urbaine compacte avec des produits compl\u00e9mentaires. Topolino couvre la mobilit\u00e9 individuelle, TRIS le transport utilitaire, Multiplina la mobilit\u00e9 familiale et multipassagers.<\/p>\n<p>Fiat Multiplina : sa place dans la gamme sans permis de la marque<\/p>\n<p><img loading=\"lazy\" decoding=\"async\" width=\"1600\" height=\"1065\" data-id=\"84358\" src=\"https:\/\/www.europesays.com\/be-fr\/wp-content\/uploads\/2026\/08\/fiat-topolino-2026-vue-34-avant-premier-pilier-micromobilite-Mondial-de-lAuto.jpg\" alt=\"Topolino 2026 en vue 3\/4 avant, premier pilier de l\u2019\u00e9cosyst\u00e8me micromobilit\u00e9\" class=\"wp-image-84358\" title=\"Fiat Topolino 2026\"  \/>Le Topolino ouvre l\u2019\u00e9cosyst\u00e8me micromobilit\u00e9 de Fiat \u00a9 Stellantis<\/p>\n<p><img loading=\"lazy\" decoding=\"async\" width=\"1600\" height=\"1067\" data-id=\"84359\" src=\"https:\/\/www.europesays.com\/be-fr\/wp-content\/uploads\/2026\/08\/fiat-topolino-2026-flotte-europe-vue-34-avant-Mondial-de-lAuto.jpg\" alt=\"Flotte de Topolino 2026 en vue 3\/4 avant, quadricycle \u00e9lectrique de l\u2019\u00e9cosyst\u00e8me de la marque\" class=\"wp-image-84359\" title=\"Fiat Topolino 2026 en Europe\"  \/>Lanc\u00e9e en 2024, la Topolino progresse en Europe \u00a9 Stellantis<\/p>\n<p><img loading=\"lazy\" decoding=\"async\" width=\"1600\" height=\"1065\" data-id=\"84360\" src=\"https:\/\/www.europesays.com\/be-fr\/wp-content\/uploads\/2026\/08\/fiat-tris-dolcevita-2026-cafe-mobile-vue-34-avant-Mondial-de-lAuto.jpg\" alt=\"Fiat TRIS Dolcevita 2026 en vue 3\/4 avant, tricycle utilitaire qui pr\u00e9c\u00e8de le Fiat Multiplina Concept\" class=\"wp-image-84360\" title=\"Fiat TRIS Dolcevita 2026\"  \/>Le TRIS est le deuxi\u00e8me pilier micromobilit\u00e9 de Fiat \u00a9 Stellantis<\/p>\n<p class=\"wp-block-paragraph\">Fiat appuie cette vision sur une gamme sans permis d\u00e9j\u00e0 commercialis\u00e9e. Le Topolino, quadricycle \u00e9lectrique lanc\u00e9 en 2024, d\u00e9marre \u00e0 moins de 10 000 euros et progresse en Europe. <a href=\"https:\/\/mondial.paris\/actualites\/auto-b2b\/livraison-du-dernier-kilometre-le-defi-des-constructeurs-automobiles-56818.html\" data-type=\"link\" data-id=\"https:\/\/mondial.paris\/actualites\/auto-b2b\/livraison-du-dernier-kilometre-le-defi-des-constructeurs-automobiles-56818.html\" rel=\"nofollow noopener\" target=\"_blank\">Le TRIS vise pour sa part les professionnels, avec un tricycle utilitaire <\/a>d\u00e9clin\u00e9 en version logistique et en caf\u00e9 mobile baptis\u00e9 \u00ab Dolcevita \u00bb.<\/p>\n<p>Fiat Multiplina : le troisi\u00e8me pilier strat\u00e9gique de l\u2019\u00e9cosyst\u00e8me<\/p>\n<p class=\"wp-block-paragraph\">Le Fiat Multiplina Concept devrait venir occuper l\u2019espace entre la Topolino, d\u00e9di\u00e9e \u00e0 la mobilit\u00e9 individuelle, et la city car traditionnelle cinq places. Pr\u00e9sent\u00e9 comme \u00ab le cha\u00eenon manquant \u00bb, il cible la mobilit\u00e9 familiale urbaine compacte. Il propose donc une configuration multiplace dans une empreinte r\u00e9duite, r\u00e9activant l\u2019ADN de la Multipla 1956. Stellantis pr\u00e9cise toutefois qu\u2019il s\u2019agit d\u2019un concept en exploration design, sans calendrier de production.<\/p>\n<p>Une vision de long terme pour les villes de demain<\/p>\n<p class=\"wp-block-paragraph\">Olivier Fran\u00e7ois, PDG de la marque, a formul\u00e9 cette ambition dans un communiqu\u00e9 datant du 1er juillet 2026. \u00ab FIAT fa\u00e7onne la micromobilit\u00e9 bien avant m\u00eame que ce terme n\u2019existe. Nous nous appuyons sur notre h\u00e9ritage pour cr\u00e9er un \u00e9cosyst\u00e8me complet au service des villes de demain : convivial, ing\u00e9nieux, durable et r\u00e9solument FIAT. \u00bb<\/p>\n<p><img loading=\"lazy\" decoding=\"async\" width=\"1600\" height=\"1067\" data-id=\"84361\" src=\"https:\/\/www.europesays.com\/be-fr\/wp-content\/uploads\/2026\/08\/olivier-francois-fiat-ceo-vision-micromobilite-Mondial-de-lAuto.jpg\" alt=\"Olivier Fran\u00e7ois, CEO de Fiat, pr\u00e9sente la vision micromobilit\u00e9 dont fait partie le Fiat Multiplina Concept\" class=\"wp-image-84361\" title=\"Olivier Fran\u00e7ois, CEO Fiat\"  \/>Olivier Fran\u00e7ois, PDG de Fiat, a d\u00e9voil\u00e9 la vision micromobilit\u00e9 \u00e0 Rome le 30 juin 2026 \u00a9 Stellantis<\/p>\n<p class=\"wp-block-paragraph\">Cette d\u00e9claration ancre le Fiat Multiplina Concept dans une temporalit\u00e9 longue. Le constructeur ne r\u00e9agit donc pas \u00e0 une tendance de march\u00e9. La marque italienne affirme avoir anticip\u00e9 les besoins de mobilit\u00e9 urbaine depuis soixante-dix ans. <\/p>\n<p>Fiat Multiplina concept : une architecture centr\u00e9e passagers au service de l\u2019habitabilit\u00e9<\/p>\n<p class=\"wp-block-paragraph\">Le peu que Fiat a communiqu\u00e9 sur le Multiplina Concept porte sur la conception. La marque d\u00e9crit une architecture pens\u00e9e d\u2019abord pour les passagers, et non autour de la m\u00e9canique.<\/p>\n<p>Priorit\u00e9 \u00e0 l\u2019espace et \u00e0 l\u2019usage urbain<\/p>\n<p class=\"wp-block-paragraph\">Le communiqu\u00e9 officiel Stellantis r\u00e9sume la philosophie de conception du Fiat Multiplina Concept en une formule. \u00ab Space efficiency through an intelligent, human-centric architecture \u00bb, est-il \u00e9crit. Concr\u00e8tement, chaque choix de conception vise \u00e0 maximiser le confort et la praticit\u00e9 des occupants. Le positionnement des si\u00e8ges, l\u2019acc\u00e8s int\u00e9rieur et la modularit\u00e9 servent donc un volume ext\u00e9rieur minimal.<\/p>\n<p class=\"wp-block-paragraph\">Cette logique d\u00e9coule directement de la Multipla 1956. Elle part de l\u2019usage r\u00e9el des passagers pour d\u00e9finir la forme du v\u00e9hicule, et non l\u2019inverse. En 2026, la plupart des city cars \u00e9lectriques proposent des int\u00e9rieurs standardis\u00e9s autour de cinq places. Or cette approche centr\u00e9e sur les passagers constitue un positionnement diff\u00e9renciant face aux r\u00e9f\u00e9rences du segment.<\/p>\n<p>Fiat Multiplina : aucune sp\u00e9cification technique communiqu\u00e9e<\/p>\n<p class=\"wp-block-paragraph\">Stellantis n\u2019a en effet communiqu\u00e9 aucune donn\u00e9e technique pour le Fiat Multiplina Concept. Le constructeur ne donne ni dimensions, ni motorisation, ni capacit\u00e9 de batterie. Il ne communique pas davantage d\u2019autonomie, de prix ou de date de production. Cette absence n\u2019est pourtant pas un oubli. Il s\u2019agit d\u2019une posture \u00e9ditoriale de Stellantis.<\/p>\n<p class=\"wp-block-paragraph\">\u00c0 ce stade, <a href=\"https:\/\/mondial.paris\/?s=fiat&amp;e_search_props=1314919c-72375\" data-type=\"link\" data-id=\"https:\/\/mondial.paris\/?s=fiat&amp;e_search_props=1314919c-72375\" rel=\"nofollow noopener\" target=\"_blank\">le constructeur communique sur la vision plut\u00f4t que sur le produit<\/a>. Il explique pourquoi un tel v\u00e9hicule existe, sans d\u00e9tailler ses sp\u00e9cifications. Les concepts automobiles fonctionnent ainsi. Ils valident la pertinence d\u2019un positionnement aupr\u00e8s du march\u00e9, avant d\u2019engager les investissements d\u2019une production industrielle. Fiat teste donc une id\u00e9e, pas un calendrier.<\/p>\n<p>Fiat Multiplina concept : le cr\u00e9neau vacant des city cars \u00e9lectriques multiplace en 2026<\/p>\n<p class=\"wp-block-paragraph\">Reste \u00e0 savoir o\u00f9 ce Fiat Multiplina concept se placerait s\u2019il arrivait un jour en concession. Le segment des city cars \u00e9lectriques europ\u00e9ennes offre un point de comparaison pr\u00e9cis.<\/p>\n<p>Fiat Multiplina : la r\u00e9ponse au cr\u00e9neau six places inexplor\u00e9<\/p>\n<p class=\"wp-block-paragraph\">Aucun constructeur grand public europ\u00e9en ne propose aujourd\u2019hui de city car six places<a href=\"https:\/\/mondial.paris\/actualites\/auto-news\/projet-fiat-e-car-ce-que-lon-sait-de-la-future-electrique-abordable-80951.html\" data-type=\"link\" data-id=\"https:\/\/mondial.paris\/actualites\/auto-news\/projet-fiat-e-car-ce-que-lon-sait-de-la-future-electrique-abordable-80951.html\" rel=\"nofollow noopener\" target=\"_blank\"> sous 25 000 euros en \u00e9lectrique. <\/a>Le constat vaut \u00e9galement pour les minivans compacts. Les grilles tarifaires 2026 le confirment. Le Fiat Multiplina Concept viendrait ainsi nommer ce positionnement vacant.<\/p>\n<p class=\"wp-block-paragraph\">Si le concept entrait en production, il occuperait un segment aujourd\u2019hui non servi. Il viserait les familles urbaines \u00e0 mobilit\u00e9 contrainte et les professionnels du transport de passagers \u00e0 courte distance. Il s\u2019adresserait aussi aux usagers cherchant une alternative au monospace traditionnel, avec des \u00e9missions r\u00e9duites. Le Fiat Multiplina Concept nomme donc cette demande potentielle, sans y r\u00e9pondre encore avec un produit finalis\u00e9.<\/p>\n<p>Fiat Multiplina Concept : quelle place sur le march\u00e9 en 2026 ?<\/p>\n<p class=\"wp-block-paragraph\">Le Fiat Multiplina Concept 2026 reste un concept strat\u00e9gique. Il ne constitue pas un produit pr\u00eat \u00e0 commercialiser. Au total, trois points essentiels ressortent de l\u2019annonce officielle.<\/p>\n<p>Un \u00e9cosyst\u00e8me \u00e0 trois piliers qui gagne en coh\u00e9rence<\/p>\n<p class=\"wp-block-paragraph\">L\u2019\u00e9cosyst\u00e8me \u00e0 trois piliers de la marque gagne d\u2019abord en coh\u00e9rence. la Fiat Topolino progresse, TRIS se d\u00e9ploie, et le Multiplina concept compl\u00e8te cette vision de la mobilit\u00e9 urbaine compacte. Chaque pilier adresse un usage distinct, sans se concurrencer.<\/p>\n<p>Fiat Multiplina concept : ce qui reste \u00e0 confirmer<\/p>\n<p class=\"wp-block-paragraph\">Enfin, l\u2019absence de sp\u00e9cifications technique est assum\u00e9e. Stellantis ne promet pas un lancement : il pose une intention de marque. L\u2019horizon de production, s\u2019il existe, n\u2019est pas encore communiqu\u00e9. Une question se posera donc dans les prochains mois. Fiat peut franchir l\u2019\u00e9tape de la production sur la base de ce concept. Le Multiplina peut aussi rester une vision de long terme.<\/p>\n<p class=\"wp-block-paragraph\">Sources : communiqu\u00e9s de presse Stellantis (30 juin et 1er juillet 2026) : <a href=\"https:\/\/www.media.stellantis.com\/fr-fr\/fiat\/press\/fiat-devoile-sa-vision-de-la-micromobilite-de-topolino-a-tris-jusqu-au-concept-multiplina\" data-type=\"link\" data-id=\"https:\/\/www.media.stellantis.com\/fr-fr\/fiat\/press\/fiat-devoile-sa-vision-de-la-micromobilite-de-topolino-a-tris-jusqu-au-concept-multiplina\" rel=\"nofollow noopener\" target=\"_blank\">FIAT d\u00e9voile sa vision de la micromobilit\u00e9, de Topolino \u00e0 Tris, jusqu\u2019au concept Multiplina<\/a> et <a href=\"https:\/\/www.media.stellantis.com\/em-en\/fiat\/press\/fiat-unveils-its-micromobility-vision-from-topolino-to-tris-and-the-multiplina-concept\" data-type=\"link\" data-id=\"https:\/\/www.media.stellantis.com\/em-en\/fiat\/press\/fiat-unveils-its-micromobility-vision-from-topolino-to-tris-and-the-multiplina-concept\" rel=\"nofollow noopener\" target=\"_blank\">FIAT unveils its Micromobility vision \u2013 from Topolino to TRIS and the Multiplina Concept<\/a><\/p>\n<p>FIAT MULTIPLINA CONCEPT 2026 : LE FUTUR DE LA MICROMOBILIT\u00c9 FAMILIALE, EN BREF :<\/p>\n<p>R\u00e9v\u00e9lation \u00e0 Rome du Fiat Multiplina Concept : la marque italienne a d\u00e9voil\u00e9 une citadine \u00e9lectrique multiplace ax\u00e9e sur l\u2019optimisation de l\u2019espace int\u00e9rieur. Ce mod\u00e8le r\u00e9interpr\u00e8te l\u2019h\u00e9ritage de la c\u00e9l\u00e8bre Fiat 600 Multipla de 1956.<\/p>\n<p>Le troisi\u00e8me pilier de la gamme urbaine : Fiat int\u00e8gre cette \u00e9tude de style aux c\u00f4t\u00e9s de la Topolino et du tricycle utilitaire TRIS. Ce v\u00e9hicule ciblera sp\u00e9cifiquement la mobilit\u00e9 familiale compacte et le transport urbain de passagers.<\/p>\n<p>Architecture centr\u00e9e sur les passagers : le constructeur con\u00e7oit l\u2019habitacle avant la m\u00e9canique pour maximiser le confort des occupants dans un gabarit r\u00e9duit. L\u2019approche privil\u00e9gie l\u2019efficacit\u00e9 spatiale et la modularit\u00e9 au quotidien.<\/p>\n<p>Aucune donn\u00e9e technique pour le Fiat Multiplina Concept : Stellantis n\u2019annonce ni motorisation, ni autonomie, ni tarif ou date de commercialisation. Le groupe veut tester la pertinence d\u2019un tel positionnement avant d\u2019engager une production.<\/p>\n<p>Un cr\u00e9neau vacant sur le march\u00e9 \u00e9lectrique 2026 : le mod\u00e8le ambitionne de combler l\u2019absence de citadines \u00e9lectriques six places. Il viserait ainsi une client\u00e8le de familles urbaines et de professionnels du transport court trajet.<\/p>\n","protected":false},"excerpt":{"rendered":"Fiat a d\u00e9voil\u00e9 le Multiplina concept le 30 juin 2026 \u00e0 Rome. La marque pr\u00e9sente cette city car&hellip;\n","protected":false},"author":2,"featured_media":227840,"comment_status":"","ping_status":"","sticky":false,"template":"","format":"standard","meta":{"footnotes":"","_share_on_mastodon":"0"},"categories":[35],"tags":[69562,41,69563,12,13,18,17,38,5615,37,36,33919,40886,69564,69565,69566,69567,69568,69569,69570,69571,69572,69573,20284],"class_list":["post-227839","post","type-post","status-publish","format-standard","has-post-thumbnail","category-economie","tag-69562","tag-41","tag-600-multipla-de-1956","tag-be","tag-be-fr","tag-belgique","tag-belgium","tag-business","tag-concept","tag-economie","tag-economy","tag-fiat","tag-fiat-2026","tag-fiat-600","tag-fiat-multiplina-concept","tag-fiat-multiplina-concept-2026","tag-fiat-mutliplina","tag-micromobilite-fiat","tag-micromobilte","tag-multipla","tag-multiplina","tag-multiplina-2026","tag-olivier-francois","tag-stellantis"],"share_on_mastodon":{"url":"https:\/\/pubeurope.com\/@be_fr\/117164610170884664","error":""},"_links":{"self":[{"href":"https:\/\/www.europesays.com\/be-fr\/wp-json\/wp\/v2\/posts\/227839","targetHints":{"allow":["GET"]}}],"collection":[{"href":"https:\/\/www.europesays.com\/be-fr\/wp-json\/wp\/v2\/posts"}],"about":[{"href":"https:\/\/www.europesays.com\/be-fr\/wp-json\/wp\/v2\/types\/post"}],"author":[{"embeddable":true,"href":"https:\/\/www.europesays.com\/be-fr\/wp-json\/wp\/v2\/users\/2"}],"replies":[{"embeddable":true,"href":"https:\/\/www.europesays.com\/be-fr\/wp-json\/wp\/v2\/comments?post=227839"}],"version-history":[{"count":0,"href":"https:\/\/www.europesays.com\/be-fr\/wp-json\/wp\/v2\/posts\/227839\/revisions"}],"wp:featuredmedia":[{"embeddable":true,"href":"https:\/\/www.europesays.com\/be-fr\/wp-json\/wp\/v2\/media\/227840"}],"wp:attachment":[{"href":"https:\/\/www.europesays.com\/be-fr\/wp-json\/wp\/v2\/media?parent=227839"}],"wp:term":[{"taxonomy":"category","embeddable":true,"href":"https:\/\/www.europesays.com\/be-fr\/wp-json\/wp\/v2\/categories?post=227839"},{"taxonomy":"post_tag","embeddable":true,"href":"https:\/\/www.europesays.com\/be-fr\/wp-json\/wp\/v2\/tags?post=227839"}],"curies":[{"name":"wp","href":"https:\/\/api.w.org\/{rel}","templated":true}]}}