{"id":228085,"date":"2026-08-27T07:31:14","date_gmt":"2026-08-27T07:31:14","guid":{"rendered":"https:\/\/www.europesays.com\/be-fr\/228085\/"},"modified":"2026-08-27T07:31:14","modified_gmt":"2026-08-27T07:31:14","slug":"radio-intensite-supercellule-en-eure-et-loir-vents-a-94-km-h-et-deluge-de-pluie-cette-nuit-sur-le-dunois-et-la-beauce","status":"publish","type":"post","link":"https:\/\/www.europesays.com\/be-fr\/228085\/","title":{"rendered":"RADIO INTENSITE | Supercellule en Eure-et-Loir : vents \u00e0 94 km\/h et d\u00e9luge de pluie cette nuit sur le Dunois et la Beauce"},"content":{"rendered":"\n<p align=\"JUSTIFY\">Nuit tr\u00e8s agit\u00e9e dans le ciel dunois et beauceron. Un violent orage s&rsquo;est abattu cette nuit, marqu\u00e9 par le passage d&rsquo;une impressionnante supercellule entre minuit et trois heures du matin. Un nuage charg\u00e9 en \u00e9lectricit\u00e9 avec des impacts d&rsquo;\u00e9clairs allant jusqu&rsquo;\u00e0 119 par minutes.<\/p>\n<p align=\"JUSTIFY\">\u00a0<\/p>\n<p>Plus de 50mm de pluie<\/p>\n<p align=\"JUSTIFY\">\u00a0<\/p>\n<p align=\"JUSTIFY\">Le ph\u00e9nom\u00e8ne a donn\u00e9 lieu aussi \u00e0 de tr\u00e8s fortes rafales : le vent a \u00e9t\u00e9 flash\u00e9 \u00e0 93,6 km\/h sur la station m\u00e9t\u00e9o de Ch\u00e2teaudun. C\u00f4t\u00e9 pr\u00e9cipitations, le cumul est exceptionnel avec 50,7 millim\u00e8tres de pluie enregistr\u00e9s en tr\u00e8s peu de temps sur la commune.<\/p>\n","protected":false},"excerpt":{"rendered":"Nuit tr\u00e8s agit\u00e9e dans le ciel dunois et beauceron. Un violent orage s&rsquo;est abattu cette nuit, marqu\u00e9 par&hellip;\n","protected":false},"author":2,"featured_media":228086,"comment_status":"","ping_status":"","sticky":false,"template":"","format":"standard","meta":{"footnotes":"","_share_on_mastodon":"0"},"categories":[98],"tags":[12,13,18,17,69652,96,95,69646,69650,69645,69644,69651,107,108,69642,69647,6494,69648,69643,69649],"class_list":["post-228085","post","type-post","status-publish","format-standard","has-post-thumbnail","category-musique","tag-be","tag-be-fr","tag-belgique","tag-belgium","tag-degats-orage-chateaudun","tag-divertissement","tag-entertainment","tag-foudre-chateaudun","tag-inondations-chateaudun","tag-intemperies-beauce","tag-meteo-dunois","tag-meteo-france-eure-et-loir","tag-music","tag-musique","tag-orage-eure-et-loir","tag-pluie-eure-et-loir","tag-radio-intensite","tag-rafales-de-vent","tag-supercellule-chateaudun","tag-vigilance-meteo-28"],"share_on_mastodon":{"url":"https:\/\/pubeurope.com\/@be_fr\/117166308342850596","error":""},"_links":{"self":[{"href":"https:\/\/www.europesays.com\/be-fr\/wp-json\/wp\/v2\/posts\/228085","targetHints":{"allow":["GET"]}}],"collection":[{"href":"https:\/\/www.europesays.com\/be-fr\/wp-json\/wp\/v2\/posts"}],"about":[{"href":"https:\/\/www.europesays.com\/be-fr\/wp-json\/wp\/v2\/types\/post"}],"author":[{"embeddable":true,"href":"https:\/\/www.europesays.com\/be-fr\/wp-json\/wp\/v2\/users\/2"}],"replies":[{"embeddable":true,"href":"https:\/\/www.europesays.com\/be-fr\/wp-json\/wp\/v2\/comments?post=228085"}],"version-history":[{"count":0,"href":"https:\/\/www.europesays.com\/be-fr\/wp-json\/wp\/v2\/posts\/228085\/revisions"}],"wp:featuredmedia":[{"embeddable":true,"href":"https:\/\/www.europesays.com\/be-fr\/wp-json\/wp\/v2\/media\/228086"}],"wp:attachment":[{"href":"https:\/\/www.europesays.com\/be-fr\/wp-json\/wp\/v2\/media?parent=228085"}],"wp:term":[{"taxonomy":"category","embeddable":true,"href":"https:\/\/www.europesays.com\/be-fr\/wp-json\/wp\/v2\/categories?post=228085"},{"taxonomy":"post_tag","embeddable":true,"href":"https:\/\/www.europesays.com\/be-fr\/wp-json\/wp\/v2\/tags?post=228085"}],"curies":[{"name":"wp","href":"https:\/\/api.w.org\/{rel}","templated":true}]}}