{"id":228473,"date":"2026-08-27T12:48:21","date_gmt":"2026-08-27T12:48:21","guid":{"rendered":"https:\/\/www.europesays.com\/be-fr\/228473\/"},"modified":"2026-08-27T12:48:21","modified_gmt":"2026-08-27T12:48:21","slug":"tarn-un-jeune-tarnais-dans-la-nouvelle-saison-de-the-voice-kids","status":"publish","type":"post","link":"https:\/\/www.europesays.com\/be-fr\/228473\/","title":{"rendered":"TARN: un jeune tarnais dans la nouvelle saison de The Voice Kids"},"content":{"rendered":"<p><img decoding=\"async\" class=\"\" style=\"width:100%\" src=\"https:\/\/www.europesays.com\/be-fr\/wp-content\/uploads\/2026\/08\/Noam_The_Voice_Kids1787810853186.png\" alt=\"Noam The Voice Kids\"\/><\/p>\n<p>Noam avec ses parents dans les locaux de 100%Radio<\/p>\n<p>Cr\u00e9dit : DR<\/p>\n<p>Carton plein pour Noam\u00a0!<\/p>\n<p>Le jeune Tarnais de 13 ans, originaire de Castelnau-de-Montmiral\u00a0 a brill\u00e9, samedi dernier (22 ao\u00fbt), sur TF1 dans la c\u00e9l\u00e8bre \u00e9mission The Voice Kids.<\/p>\n<p>Le chanteur a r\u00e9alis\u00e9 une tr\u00e8s belle performance, sur le titre \u00ab\u00a0Ta Peine\u00a0\u00bb de Lara Fabian et sa prestation a s\u00e9duit puisque les 4 coachs se sont retourn\u00e9s.<\/p>\n<p>Nous avons re\u00e7u Noam dans nos studios, hier, \u00e0 100%Radio.<\/p>\n<p>Il revient sur cette exp\u00e9rience inoubliable, au micro de Pauline Schaller\u00a0:<\/p>\n<p>Noam, qui a impressionn\u00e9 les coachs, continue donc l&rsquo;aventure The Voice.<\/p>\n<p>Et une autre belle surprise attendait l&rsquo;adolescent apr\u00e8s sa prestation:<\/p>\n<p>\u00a0<\/p>\n<p>Et on retrouvera Noam dans les prochaines semaines sur le petit \u00e9cran, autour de Santa pour les battles.<\/p>\n<p>Une soixantaine de jeunes talents participent \u00e0 la nouvelle saison de The Voice Kids, sur TF1.<\/p>\n<p>\u00a0<\/p>\n","protected":false},"excerpt":{"rendered":"Noam avec ses parents dans les locaux de 100%Radio Cr\u00e9dit : DR Carton plein pour Noam\u00a0! Le jeune&hellip;\n","protected":false},"author":2,"featured_media":228474,"comment_status":"","ping_status":"","sticky":false,"template":"","format":"standard","meta":{"footnotes":"","_share_on_mastodon":"0"},"categories":[99],"tags":[12,13,18,17,96,95,69752,845,112,380,15963],"class_list":["post-228473","post","type-post","status-publish","format-standard","has-post-thumbnail","category-television","tag-be","tag-be-fr","tag-belgique","tag-belgium","tag-divertissement","tag-entertainment","tag-noam","tag-tarn","tag-television","tag-tf1","tag-the-voice-kids"],"share_on_mastodon":{"url":"https:\/\/pubeurope.com\/@be_fr\/117167555013255519","error":""},"_links":{"self":[{"href":"https:\/\/www.europesays.com\/be-fr\/wp-json\/wp\/v2\/posts\/228473","targetHints":{"allow":["GET"]}}],"collection":[{"href":"https:\/\/www.europesays.com\/be-fr\/wp-json\/wp\/v2\/posts"}],"about":[{"href":"https:\/\/www.europesays.com\/be-fr\/wp-json\/wp\/v2\/types\/post"}],"author":[{"embeddable":true,"href":"https:\/\/www.europesays.com\/be-fr\/wp-json\/wp\/v2\/users\/2"}],"replies":[{"embeddable":true,"href":"https:\/\/www.europesays.com\/be-fr\/wp-json\/wp\/v2\/comments?post=228473"}],"version-history":[{"count":0,"href":"https:\/\/www.europesays.com\/be-fr\/wp-json\/wp\/v2\/posts\/228473\/revisions"}],"wp:featuredmedia":[{"embeddable":true,"href":"https:\/\/www.europesays.com\/be-fr\/wp-json\/wp\/v2\/media\/228474"}],"wp:attachment":[{"href":"https:\/\/www.europesays.com\/be-fr\/wp-json\/wp\/v2\/media?parent=228473"}],"wp:term":[{"taxonomy":"category","embeddable":true,"href":"https:\/\/www.europesays.com\/be-fr\/wp-json\/wp\/v2\/categories?post=228473"},{"taxonomy":"post_tag","embeddable":true,"href":"https:\/\/www.europesays.com\/be-fr\/wp-json\/wp\/v2\/tags?post=228473"}],"curies":[{"name":"wp","href":"https:\/\/api.w.org\/{rel}","templated":true}]}}