{"id":228613,"date":"2026-08-27T15:05:14","date_gmt":"2026-08-27T15:05:14","guid":{"rendered":"https:\/\/www.europesays.com\/be-fr\/228613\/"},"modified":"2026-08-27T15:05:14","modified_gmt":"2026-08-27T15:05:14","slug":"le-huawei-nova-16s-pro-sera-bientot-commercialise-dote-dun-appareil-photo-de-200-mp-et-dun-design-colore","status":"publish","type":"post","link":"https:\/\/www.europesays.com\/be-fr\/228613\/","title":{"rendered":"Le Huawei Nova 16s Pro sera bient\u00f4t commercialis\u00e9, dot\u00e9 d\u2019un appareil photo de 200 MP et d\u2019un design color\u00e9"},"content":{"rendered":"<p class=\"bodytext\">Il est possible que la batterie de 7 000 mAh avec recharge rapide de 100 watts soit revue \u00e0 la baisse, comme c&rsquo;est souvent le cas avec les mod\u00e8les internationaux de Huawei. La suppression du modem 5G est \u00e9galement une possibilit\u00e9, \u00e9tant donn\u00e9 que Huawei continue de faire l\u2019objet de sanctions am\u00e9ricaines. Outre l\u2019appareil photo principal de 200 MP \u00e0 f\/1,8 dot\u00e9 d\u2019un capteur de 1\/1,28 pouce, le Huawei Nova 16 Pro dispose \u00e9galement d\u2019un appareil photo ultra-grand-angle de 50 MP \u00e0 f\/2,2, d\u2019un t\u00e9l\u00e9objectif p\u00e9riscopique de 50 MP \u00e0 f\/2,6 avec zoom optique 3,7x, ainsi que d\u2019une cam\u00e9ra frontale ultra-grand-angle de 50 MP \u00e0 f\/2,4. &#13;<\/p>\n<p class=\"bodytext\">Huawei utilise sa puce ARM HiSilicon Kirin 9010S d\u00e9velopp\u00e9e en interne, associ\u00e9e \u00e0 12 Go de RAM et \u00e0 une capacit\u00e9 de stockage allant de 256 Go \u00e0 1 To. L&rsquo;\u00e9cran de 6,84 pouces repose sur une dalle LTPO AMOLED avec un taux de rafra\u00eechissement de 120 Hz, une r\u00e9solution de 2 856 x 1 320 pixels et une luminosit\u00e9 maximale de 6 000 nits. \u00c9tonnamment, le Huawei Nova 16 Pro n\u2019est certifi\u00e9 qu\u2019IP65, ce qui signifie qu\u2019il n\u2019est pas enti\u00e8rement \u00e9tanche.<\/p>\n","protected":false},"excerpt":{"rendered":"Il est possible que la batterie de 7 000 mAh avec recharge rapide de 100 watts soit revue&hellip;\n","protected":false},"author":2,"featured_media":228614,"comment_status":"","ping_status":"","sticky":false,"template":"","format":"standard","meta":{"footnotes":"","_share_on_mastodon":"0"},"categories":[70],"tags":[17219,12,13,18,17,32474,127,13864,69788,1289,49787,1285,1287,1286,73,71,75,72,1512,1334,76,74,1288],"class_list":["post-228613","post","type-post","status-publish","format-standard","has-post-thumbnail","category-sciences-et-technologies","tag-appareil-photo","tag-be","tag-be-fr","tag-belgique","tag-belgium","tag-date-de-lancement","tag-design","tag-historique","tag-huawei-nova-16s-pro","tag-informations-sur-des-ordinateurs-portatifs","tag-modele-phare","tag-nouvelles","tag-rapport","tag-revues","tag-science","tag-science-and-technology","tag-sciences","tag-sciences-et-technologies","tag-smartphone","tag-teaser","tag-technologies","tag-technology","tag-test"],"share_on_mastodon":{"url":"https:\/\/pubeurope.com\/@be_fr\/117168093714331844","error":""},"_links":{"self":[{"href":"https:\/\/www.europesays.com\/be-fr\/wp-json\/wp\/v2\/posts\/228613","targetHints":{"allow":["GET"]}}],"collection":[{"href":"https:\/\/www.europesays.com\/be-fr\/wp-json\/wp\/v2\/posts"}],"about":[{"href":"https:\/\/www.europesays.com\/be-fr\/wp-json\/wp\/v2\/types\/post"}],"author":[{"embeddable":true,"href":"https:\/\/www.europesays.com\/be-fr\/wp-json\/wp\/v2\/users\/2"}],"replies":[{"embeddable":true,"href":"https:\/\/www.europesays.com\/be-fr\/wp-json\/wp\/v2\/comments?post=228613"}],"version-history":[{"count":0,"href":"https:\/\/www.europesays.com\/be-fr\/wp-json\/wp\/v2\/posts\/228613\/revisions"}],"wp:featuredmedia":[{"embeddable":true,"href":"https:\/\/www.europesays.com\/be-fr\/wp-json\/wp\/v2\/media\/228614"}],"wp:attachment":[{"href":"https:\/\/www.europesays.com\/be-fr\/wp-json\/wp\/v2\/media?parent=228613"}],"wp:term":[{"taxonomy":"category","embeddable":true,"href":"https:\/\/www.europesays.com\/be-fr\/wp-json\/wp\/v2\/categories?post=228613"},{"taxonomy":"post_tag","embeddable":true,"href":"https:\/\/www.europesays.com\/be-fr\/wp-json\/wp\/v2\/tags?post=228613"}],"curies":[{"name":"wp","href":"https:\/\/api.w.org\/{rel}","templated":true}]}}