{"id":228627,"date":"2026-08-27T15:20:22","date_gmt":"2026-08-27T15:20:22","guid":{"rendered":"https:\/\/www.europesays.com\/be-fr\/228627\/"},"modified":"2026-08-27T15:20:22","modified_gmt":"2026-08-27T15:20:22","slug":"zelensky-sort-le-grand-jeu-pour-convaincre-elon-musk","status":"publish","type":"post","link":"https:\/\/www.europesays.com\/be-fr\/228627\/","title":{"rendered":"Zelensky sort le grand jeu pour convaincre Elon Musk"},"content":{"rendered":"<p class=\"ap-StoryElement ap-StoryElement--mb ap-StoryText\">Dans un d\u00e9cret publi\u00e9 ce mercredi, Zelensky a ainsi d\u00e9cern\u00e9 \u00e0 Musk l&rsquo;Ordre de la Libert\u00e9 pour \u00ab\u00a0sa contribution personnelle exceptionnelle \u00e0 la protection de la vie humaine et de la libert\u00e9, ainsi qu&rsquo;au d\u00e9veloppement des relations entre les peuples d&rsquo;Ukraine et des \u00c9tats-Unis d&rsquo;Am\u00e9rique\u00a0\u00bb, rapporte le Financial Times.<\/p>\n<p class=\"ap-StoryElement ap-StoryElement--mb ap-StoryText\">Cette distinction est r\u00e9guli\u00e8rement remise \u00e0 des dirigeants \u00e9trangers pour leur soutien \u00e0 l&rsquo;Ukraine. Le pr\u00e9sident fran\u00e7ais Emmanuel Macron, le Premier ministre britannique Andy Burnham ou encore le pr\u00e9sident lituanien Gitanas Naus\u0117da figurent notamment sur la liste.<\/p>\n<p><a href=\"https:\/\/www.lalibre.be\/economie\/entreprises-startup\/2026\/08\/10\/le-starlink-russe-bientot-pret-son-deploiement-a-ete-accelere-depassant-largement-les-previsions-initiales-CWYBRHSJLZCFZGEQ2M5XHNQUUY\/\" target=\"_self\" class=\"ap-StoryInterstitialLink ap-StoryElement ap-StoryElement--mb\" rel=\"nofollow noopener\">Le \u00ab\u00a0Starlink russe\u00a0\u00bb bient\u00f4t pr\u00eat ? \u00ab\u00a0C&rsquo;est un risque pour la plan\u00e8te enti\u00e8re\u00a0\u00bb<\/a>Un point de friction<\/p>\n<p class=\"ap-StoryElement ap-StoryElement--mb ap-StoryText\">Depuis plusieurs mois, l&rsquo;utilisation de Starlink constitue un sujet de tension entre l&rsquo;Ukraine et les \u00c9tats-Unis. Lors de sa rencontre avec Donald Trump en juillet dernier, Zelensky aurait ainsi demand\u00e9 au pr\u00e9sident am\u00e9ricain d&rsquo;autoriser l&rsquo;utilisation du r\u00e9seau Starlink pour des op\u00e9rations militaires ukrainiennes \u00e0 l&rsquo;int\u00e9rieur du territoire russe. Une demande que le pr\u00e9sident am\u00e9ricain aurait rejet\u00e9e. Une d\u00e9convenue pour le pr\u00e9sident ukrainien.<\/p>\n<p><img loading=\"lazy\" decoding=\"async\" class=\"w-full lazyload lazyload--opacity object-contain\" style=\"aspect-ratio:150 \/ 100;opacity:1\" alt=\"This handout photograph taken and released by the Ukrainian Presidential Press Service on July 28, 2026, shows Ukraine's President Volodymyr Zelensky (L) speaking with US President Donald Trump during their meeting in Washington, DC, amid the Russian invasion of Ukraine. (Photo by Handout \/ UKRAINIAN PRESIDENTIAL PRESS SERVICE \/ AFP) \/ RESTRICTED TO EDITORIAL USE - MANDATORY CREDIT &quot;AFP PHOTO \/ UKRAINIAN PRESIDENTIAL PRESS SERVICE&quot; - HANDOUT - NO MARKETING NO ADVERTISING CAMPAIGNS - DISTRIBUTED AS A SERVICE TO CLIENTS\" width=\"768\" height=\"512\" fetchpriority=\"auto\" src=\"https:\/\/www.europesays.com\/be-fr\/wp-content\/uploads\/2026\/08\/1787844021_476_S5VKD3X55FFF3BW6V4SEHXNP7I.png\"  data- data-optimumx=\"1\"\/><img loading=\"lazy\" decoding=\"async\" src=\"https:\/\/www.europesays.com\/be-fr\/wp-content\/uploads\/2026\/08\/WV644SJKCZAGXGZXEQRSM647WM.jpg\" width=\"768\" height=\"512\" alt=\"This handout photograph taken and released by the Ukrainian Presidential Press Service on July 28, 2026, shows Ukraine's President Volodymyr Zelensky (L) speaking with US President Donald Trump during their meeting in Washington, DC, amid the Russian invasion of Ukraine. (Photo by Handout \/ UKRAINIAN PRESIDENTIAL PRESS SERVICE \/ AFP) \/ RESTRICTED TO EDITORIAL USE - MANDATORY CREDIT \" afp=\"\" photo=\"\" ukrainian=\"\" presidential=\"\" press=\"\" service=\"\" handout=\"\" no=\"\" marketing=\"\" advertising=\"\" campaigns=\"\" distributed=\"\" as=\"\" a=\"\" to=\"\" clients=\"\" class=\"absolute inset-0 w-full\"\/>Le pr\u00e9sident ukrainien Zelensky et le pr\u00e9sident am\u00e9ricain Donald Trump en juillet dernier. (Photo by Handout \/ UKRAINIAN PRESIDENTIAL PRESS SERVICE \/ AFP) <\/p>\n<p class=\"ap-StoryElement ap-StoryElement--mb ap-StoryText\">La demande aurait concern\u00e9 des missions men\u00e9es jusqu&rsquo;\u00e0 200 kilom\u00e8tres \u00e0 l&rsquo;int\u00e9rieur du territoire russe. Une distance qui aurait permis notamment de viser des lanceurs de missiles balistiques russes, des centres de commandement et d&rsquo;autres installations militaires avant ou pendant la pr\u00e9paration d&rsquo;attaques contre l&rsquo;Ukraine, rapporte le FT.<\/p>\n<p class=\"ap-StoryElement ap-StoryElement--mb ap-StoryText\"><a href=\"https:\/\/www.lalibre.be\/international\/europe\/guerre-ukraine-russie\/2026\/02\/05\/ukraine-starlink-est-hs-pour-les-troupes-russes-HA63OKPEWJGGZASJAI4FNOJ5CQ\/\" rel=\"nofollow noopener\" target=\"_blank\">Le r\u00e9seau Starlink, que l&rsquo;arm\u00e9e russe utilisait notamment pour communiquer et contourner les syst\u00e8mes de brouillage ukrainiens, a \u00e9t\u00e9 bloqu\u00e9 en f\u00e9vrier dernier pour les troupes russes<\/a>, \u00e0 la demande des autorit\u00e9s ukrainiennes.<\/p>\n<p>Starlink, un pilier de l&rsquo;Ukraine<\/p>\n<p class=\"ap-StoryElement ap-StoryElement--mb ap-StoryText\">Depuis le d\u00e9but de l&rsquo;invasion russe \u00e0 grande \u00e9chelle, Starlink est devenu un outil strat\u00e9gique pour l&rsquo;Ukraine. Au lendemain de l&rsquo;offensive, Elon Musk avait mis le r\u00e9seau \u00e0 la disposition de Kiev, avec le soutien du gouvernement am\u00e9ricain.<\/p>\n<p class=\"ap-StoryElement ap-StoryElement--mb ap-StoryText\">SpaceX avait alors livr\u00e9 plus de 5000 terminaux aux autorit\u00e9s ukrainiennes. Depuis, ces \u00e9quipements sont largement utilis\u00e9s par l&rsquo;arm\u00e9e sur le champ de bataille, mais \u00e9galement par la population civile, notamment pour maintenir les communications lors des fr\u00e9quentes coupures de courant.<\/p>\n<p><a href=\"https:\/\/www.lalibre.be\/economie\/entreprises-startup\/2026\/04\/07\/comment-la-flotte-fantome-russe-reussit-a-communiquer-via-starlink-loutil-delon-musk-pourtant-interdit-en-russie-UZLOBTLJXBBPZGDTLQ5ADIBHW4\/\" target=\"_self\" class=\"ap-StoryInterstitialLink ap-StoryElement ap-StoryElement--mb\" rel=\"nofollow noopener\">Starlink en Russie : le r\u00e9seau cens\u00e9 \u00eatre coup\u00e9 continue d&rsquo;alimenter la flotte fant\u00f4me russe<\/a><\/p>\n<p class=\"ap-StoryElement ap-StoryElement--mb ap-StoryText\">Install\u00e9s sur des drones, les terminaux Starlink ont \u200b\u200b\u00e9galement jou\u00e9 un r\u00f4le d\u00e9terminant dans la campagne de \u00ab\u00a0frappes \u00e0 mi-distance\u00a0\u00bb men\u00e9e par l&rsquo;Ukraine ces derniers mois.<\/p>\n<p class=\"ap-StoryElement ap-StoryElement--mb ap-StoryText\">Toutefois, le dossier Starlink reste un point sensible entre les \u00c9tats-Unis, la Russie et l&rsquo;Ukraine. Car si Elon Musk a rapidement affich\u00e9 son soutien \u00e0 l&rsquo;Ukraine, sa position a progressivement \u00e9volu\u00e9. En 2022, le patron de SpaceX avait notamment refus\u00e9 d&rsquo;activer Starlink pour permettre une attaque ukrainienne contre la flotte russe en Crim\u00e9e, rapportait alors Reuters. Reste \u00e0 voir maintenant si la distinction ukrainienne pourait avoir un r\u00e9el impact sur les d\u00e9cisions am\u00e9ricaines.<\/p>\n","protected":false},"excerpt":{"rendered":"Dans un d\u00e9cret publi\u00e9 ce mercredi, Zelensky a ainsi d\u00e9cern\u00e9 \u00e0 Musk l&rsquo;Ordre de la Libert\u00e9 pour \u00ab\u00a0sa&hellip;\n","protected":false},"author":2,"featured_media":228628,"comment_status":"","ping_status":"","sticky":false,"template":"","format":"standard","meta":{"footnotes":"","_share_on_mastodon":"0"},"categories":[9],"tags":[12,13,18,17,1276,34,980,2562,31,32],"class_list":["post-228627","post","type-post","status-publish","format-standard","has-post-thumbnail","category-international","tag-be","tag-be-fr","tag-belgique","tag-belgium","tag-conflit-russie-ukraine","tag-donald-trump","tag-elon-musk","tag-emmanuel-macron","tag-international","tag-world-news"],"share_on_mastodon":{"url":"https:\/\/pubeurope.com\/@be_fr\/117168152950341678","error":""},"_links":{"self":[{"href":"https:\/\/www.europesays.com\/be-fr\/wp-json\/wp\/v2\/posts\/228627","targetHints":{"allow":["GET"]}}],"collection":[{"href":"https:\/\/www.europesays.com\/be-fr\/wp-json\/wp\/v2\/posts"}],"about":[{"href":"https:\/\/www.europesays.com\/be-fr\/wp-json\/wp\/v2\/types\/post"}],"author":[{"embeddable":true,"href":"https:\/\/www.europesays.com\/be-fr\/wp-json\/wp\/v2\/users\/2"}],"replies":[{"embeddable":true,"href":"https:\/\/www.europesays.com\/be-fr\/wp-json\/wp\/v2\/comments?post=228627"}],"version-history":[{"count":0,"href":"https:\/\/www.europesays.com\/be-fr\/wp-json\/wp\/v2\/posts\/228627\/revisions"}],"wp:featuredmedia":[{"embeddable":true,"href":"https:\/\/www.europesays.com\/be-fr\/wp-json\/wp\/v2\/media\/228628"}],"wp:attachment":[{"href":"https:\/\/www.europesays.com\/be-fr\/wp-json\/wp\/v2\/media?parent=228627"}],"wp:term":[{"taxonomy":"category","embeddable":true,"href":"https:\/\/www.europesays.com\/be-fr\/wp-json\/wp\/v2\/categories?post=228627"},{"taxonomy":"post_tag","embeddable":true,"href":"https:\/\/www.europesays.com\/be-fr\/wp-json\/wp\/v2\/tags?post=228627"}],"curies":[{"name":"wp","href":"https:\/\/api.w.org\/{rel}","templated":true}]}}