{"id":228689,"date":"2026-08-27T16:07:36","date_gmt":"2026-08-27T16:07:36","guid":{"rendered":"https:\/\/www.europesays.com\/be-fr\/228689\/"},"modified":"2026-08-27T16:07:36","modified_gmt":"2026-08-27T16:07:36","slug":"apres-mette-marit-au-tour-de-durek-verrett-detre-transplante-le-mari-de-martha-louise-a-recu-son-rein-tant-espere","status":"publish","type":"post","link":"https:\/\/www.europesays.com\/be-fr\/228689\/","title":{"rendered":"Apr\u00e8s Mette-Marit, au tour de Durek Verrett d\u2019\u00eatre transplant\u00e9 : le mari de M\u00e4rtha Louise a re\u00e7u son rein tant esp\u00e9r\u00e9"},"content":{"rendered":"<p class=\"ap-StoryElement ap-StoryElement--mb ap-StoryText\">Au Rikshospitalet d&rsquo;Oslo, les membres de la famille royale norv\u00e9gienne se suivent mais ne se ressemblent pas. En juin, la princesse Mette-Marit a pass\u00e9 pr\u00e8s d&rsquo;un mois en soin intensif, apr\u00e8s avoir re\u00e7u une double transplantation pulmonaire. L&rsquo;\u00e9pouse du prince Haakon souffrait alors d&rsquo;une fibrose pulmonaire et n&rsquo;avait plus qu&rsquo;un an \u00e0 vivre en l&rsquo;absence d&rsquo;un donneur compatible.<\/p>\n<p class=\"ap-StoryElement ap-StoryElement--mb ap-StoryText\">C&rsquo;est \u00e0 pr\u00e9sent le beau-p\u00e8re de la quinquag\u00e9naire, Harald V, qui est hospitalis\u00e9 au sein de l&rsquo;\u00e9tablissement. \u00c0 89 ans, le souverain est trait\u00e9 pour une r\u00e9tention d&rsquo;eau anormale, survenue apr\u00e8s un traitement \u00e0 la cortisone contre une an\u00e9mie h\u00e9molytique. Son \u00e9tat de sant\u00e9 est au centre de toutes les inqui\u00e9tudes. Son fils, Haakon joue actuellement les r\u00e9gents pour royaume, tandis que son \u00e9pouse, Sonja, a pr\u00e9f\u00e9r\u00e9 annuler ses engagements afin de rester \u00e0 son chevet.<\/p>\n<p><a href=\"https:\/\/www.parismatch.be\/actualites\/people\/2026\/02\/02\/comment-peut-elle-devenir-reine-apres-cela-le-pays-reclame-la-tete-de-mette-marit-de-norvege-suite-a-la-publication-des-dossiers-epstein-UOIIFWZ6YRFMPK6SPHDBZ2ZERY\/\" target=\"_self\" class=\"ap-StoryInterstitialLink ap-StoryElement ap-StoryElement--mb\" rel=\"nofollow noopener\">\u00ab\u00a0Comment peut-elle devenir reine apr\u00e8s cela ?\u00a0\u00bb : le pays r\u00e9clame la t\u00eate de Mette-Marit de Norv\u00e8ge, suite \u00e0 la publication des dossiers Epstein<\/a><\/p>\n<p class=\"ap-StoryElement ap-StoryElement--mb ap-StoryText\">Enfin, <a href=\"https:\/\/www.parismatch.be\/actualites\/people\/2025\/10\/28\/le-pere-de-mes-enfants-sest-suicide-les-rares-confidences-de-martha-louise-de-norvege-sur-son-premier-mari-TA5SN4SWKFG4VFY6ONJ4TCPZIU\/\" target=\"_self\" rel=\"nofollow noopener\">le gendre du souverain<\/a> a r\u00e9v\u00e9l\u00e9 ce 26 ao\u00fbt avoir re\u00e7u une greffe de rein au sein du Rikshospitalet. \u00c0 51 ans, Durek Verrett, chaman de son \u00e9tat, souffrait d&rsquo;une maladie r\u00e9nale n\u00e9cessitant des dialyses r\u00e9guli\u00e8res. F\u00e9ru de m\u00e9decine alternative, le mari de la princesse M\u00e4rtha Louise avait expliqu\u00e9 que son \u00e9tat \u00e9tait trop grave pour que ses \u00ab\u00a0pouvoirs\u00a0\u00bb suffisent \u00e0 le soigner. Apr\u00e8s de longues ann\u00e9es \u00e0 chercher un donneur compatible, l&rsquo;Am\u00e9ricain a enfin pu recevoir son organe.<\/p>\n<p>\u00ab\u00a0Nous sommes immens\u00e9ment reconnaissants\u00a0\u00bb<\/p>\n<p class=\"ap-StoryElement ap-StoryElement--mb ap-StoryText\">Dans un communiqu\u00e9 transmis ce mercredi au m\u00e9dia norv\u00e9gien VG, <a href=\"https:\/\/www.parismatch.be\/actualites\/people\/2025\/03\/31\/dangereux-et-honteux-le-mari-chaman-de-la-princesse-martha-louise-fait-parler-de-lui-IUK4BEODJ5ELPBHV3BCRGZH3SI\/\" target=\"_self\" rel=\"nofollow noopener\">la princesse et le chaman<\/a> affirment \u00eatre \u00ab\u00a0incroyablement soulag\u00e9s\u00a0\u00bb que l&rsquo;op\u00e9ration se soit bien d\u00e9roul\u00e9e. \u00ab\u00a0Avant toute chose, nous sommes immens\u00e9ment reconnaissants envers la personne qui a accept\u00e9 de faire don d&rsquo;un rein. Il est difficile d&rsquo;exprimer ce que repr\u00e9sente un tel geste. Ce nouveau rein offre \u00e0 Durek une seconde chance, et nous n&rsquo;oublierons jamais cette gr\u00e2ce\u00a0\u00bb, \u00e9crit le couple, avant que le chaman n&rsquo;adresse ses remerciements aux soignants.<\/p>\n<p><a href=\"https:\/\/www.parismatch.be\/actualites\/people\/2025\/06\/30\/la-petite-fille-du-roi-harald-v-de-norvege-fait-son-coming-out-joyeuse-pride-de-la-part-dune-personne-bisexuelle-5KN7BYX5SJDFDMSRAQNGILQ6MU\/\" target=\"_self\" class=\"ap-StoryInterstitialLink ap-StoryElement ap-StoryElement--mb\" rel=\"nofollow noopener\">La petite-fille du roi Harald V de Norv\u00e8ge fait son coming out : \u00ab\u00a0Joyeuse pride de la part d&rsquo;une personne bisexuelle !\u00a0\u00bb<\/a><\/p>\n<p class=\"ap-StoryElement ap-StoryElement--mb ap-StoryText\">\u00ab\u00a0J&rsquo;ai re\u00e7u des soins dans de nombreux endroits du monde, mais je n&rsquo;ai jamais ressenti une telle chaleur humaine, une telle attention et une telle humanit\u00e9. La fa\u00e7on dont les m\u00e9decins et les infirmi\u00e8res ont pris soin de moi, en tant que patient et en tant que personne, m&rsquo;a profond\u00e9ment touch\u00e9. Ils ont \u00e9t\u00e9 mes &lsquo;petits anges&rsquo; durant cette p\u00e9riode tr\u00e8s \u00e9prouvante\u00a0\u00bb. Le couple esp\u00e8re \u00e0 pr\u00e9sent que son histoire permettra de continuer \u00e0 faire la promotion du don d&rsquo;organes en Norv\u00e8ge : \u00ab\u00a0nous savons combien l&rsquo;attente est \u00e9prouvante et combien d&rsquo;espoir repose sur un simple coup de t\u00e9l\u00e9phone\u00a0\u00bb. La m\u00e9diatisation du cas de Mette-Marit avait permis de faire exploser le nombre de donneurs potentiels en Norv\u00e8ge o\u00f9 \u00e0 peine 2,15 % de la population a fait la d\u00e9marche de s&rsquo;inscrire pour donner ses organes.<\/p>\n","protected":false},"excerpt":{"rendered":"Au Rikshospitalet d&rsquo;Oslo, les membres de la famille royale norv\u00e9gienne se suivent mais ne se ressemblent pas. En&hellip;\n","protected":false},"author":2,"featured_media":228690,"comment_status":"","ping_status":"","sticky":false,"template":"","format":"standard","meta":{"footnotes":"","_share_on_mastodon":"0"},"categories":[83],"tags":[12,13,18,17,96,69809,95,8025,8179,8024],"class_list":["post-228689","post","type-post","status-publish","format-standard","has-post-thumbnail","category-divertissement","tag-be","tag-be-fr","tag-belgique","tag-belgium","tag-divertissement","tag-durek-verrett","tag-entertainment","tag-greffe","tag-norvege","tag-rein"],"share_on_mastodon":{"url":"https:\/\/pubeurope.com\/@be_fr\/117168337726954505","error":""},"_links":{"self":[{"href":"https:\/\/www.europesays.com\/be-fr\/wp-json\/wp\/v2\/posts\/228689","targetHints":{"allow":["GET"]}}],"collection":[{"href":"https:\/\/www.europesays.com\/be-fr\/wp-json\/wp\/v2\/posts"}],"about":[{"href":"https:\/\/www.europesays.com\/be-fr\/wp-json\/wp\/v2\/types\/post"}],"author":[{"embeddable":true,"href":"https:\/\/www.europesays.com\/be-fr\/wp-json\/wp\/v2\/users\/2"}],"replies":[{"embeddable":true,"href":"https:\/\/www.europesays.com\/be-fr\/wp-json\/wp\/v2\/comments?post=228689"}],"version-history":[{"count":0,"href":"https:\/\/www.europesays.com\/be-fr\/wp-json\/wp\/v2\/posts\/228689\/revisions"}],"wp:featuredmedia":[{"embeddable":true,"href":"https:\/\/www.europesays.com\/be-fr\/wp-json\/wp\/v2\/media\/228690"}],"wp:attachment":[{"href":"https:\/\/www.europesays.com\/be-fr\/wp-json\/wp\/v2\/media?parent=228689"}],"wp:term":[{"taxonomy":"category","embeddable":true,"href":"https:\/\/www.europesays.com\/be-fr\/wp-json\/wp\/v2\/categories?post=228689"},{"taxonomy":"post_tag","embeddable":true,"href":"https:\/\/www.europesays.com\/be-fr\/wp-json\/wp\/v2\/tags?post=228689"}],"curies":[{"name":"wp","href":"https:\/\/api.w.org\/{rel}","templated":true}]}}