{"id":228725,"date":"2026-08-27T16:34:10","date_gmt":"2026-08-27T16:34:10","guid":{"rendered":"https:\/\/www.europesays.com\/be-fr\/228725\/"},"modified":"2026-08-27T16:34:10","modified_gmt":"2026-08-27T16:34:10","slug":"le-mythe-des-8-heures-notre-besoin-reel-de-sommeil-diminue-t-il-vraiment-en-vieillissant","status":"publish","type":"post","link":"https:\/\/www.europesays.com\/be-fr\/228725\/","title":{"rendered":"Le mythe des 8 heures : notre besoin r\u00e9el de sommeil diminue-t-il vraiment en vieillissant ?"},"content":{"rendered":"<p>Avec les ann\u00e9es qui passent, beaucoup constatent un changement net dans leurs nuits : r\u00e9veils plus pr\u00e9coces, sommeil plus l\u00e9ger, ou difficult\u00e9 \u00e0 s&rsquo;endormir d&rsquo;une seule traite. Ce constat alimente une id\u00e9e re\u00e7ue tr\u00e8s ancr\u00e9e : les <a href=\"https:\/\/www.futura-sciences.com\/sante\/actualites\/deficit-sommeil-dort-on-moins-moins-bien-age-97033\/\" title=\"Pourquoi dort-on de moins en moins bien avec l&#039;\u00e2ge ?\" rel=\"nofollow noopener\" target=\"_blank\">personnes \u00e2g\u00e9es auraient naturellement besoin de moins de sommeil<\/a> que les jeunes adultes. En r\u00e9alit\u00e9, les neurobiologistes et sp\u00e9cialistes du sommeil apportent une nuance capitale \u00e0 cette croyance. Ce n&rsquo;est pas le besoin biologique de repos qui s&rsquo;effondre avec l&rsquo;\u00e2ge, mais bien la capacit\u00e9 du cerveau \u00e0 produire et maintenir un sommeil profond et r\u00e9parateur.<\/p>\n<p>Ce que dit la science sur l&rsquo;\u00e9volution des besoins selon l&rsquo;\u00e2ge<\/p>\n<p>Les recommandations des organismes de sant\u00e9 publique fixent le besoin moyen d&rsquo;un adulte entre 7 et 9 heures de nuit. Pass\u00e9 la soixantaine, la fourchette id\u00e9ale se situe entre 7 et 8 heures. La baisse du besoin r\u00e9el est donc minime (\u00e0 peine une demi-heure de moins en moyenne). La diff\u00e9rence majeure ne r\u00e9side pas dans la quantit\u00e9 de sommeil n\u00e9cessaire pour \u00eatre en bonne sant\u00e9, mais dans la structure m\u00eame de la nuit.<\/p>\n<p>L&rsquo;alt\u00e9ration de l&rsquo;horloge interne et du sommeil profond<\/p>\n<p>Le vieillissement entra\u00eene des modifications physiologiques qui perturbent le repos <a href=\"https:\/\/www.futura-sciences.com\/planete\/definitions\/zoologie-nocturne-6741\/\" rel=\"nofollow noopener\" target=\"_blank\">nocturne<\/a> :<\/p>\n<p>La baisse de la <a href=\"https:\/\/www.futura-sciences.com\/sante\/questions-reponses\/anticorps-melatonine-role-cache-hormone-sommeil-regulation-vos-anticorps-24349\/\" title=\"M\u00e9latonine : quel est le r\u00f4le cach\u00e9 de l&#039;hormone du sommeil dans la r\u00e9gulation de vos anticorps ?\" rel=\"nofollow noopener\" target=\"_blank\">m\u00e9latonine<\/a> : La <a href=\"https:\/\/www.futura-sciences.com\/sante\/definitions\/biologie-epiphyse-138\/\" rel=\"nofollow noopener\" target=\"_blank\">glande pin\u00e9ale<\/a> secr\u00e8te moins d&rsquo;hormone du sommeil, ce qui rend l&rsquo;endormissement plus instable et d\u00e9cale l&rsquo;<a href=\"https:\/\/www.futura-sciences.com\/sante\/actualites\/maladie-horloge-biologique-rupture-rythme-circadien-favorise-maladies-74297\/\" title=\"Horloge biologique : comment une rupture du rythme circadien favorise des maladies\" rel=\"nofollow noopener\" target=\"_blank\">horloge biologique<\/a> vers des r\u00e9veils plus t\u00f4t le matin.La rar\u00e9faction du sommeil profond : Les <a href=\"https:\/\/www.futura-sciences.com\/sante\/questions-reponses\/sommeil-sont-phases-sommeil-721\/\" title=\"Quelles sont les phases du sommeil\u00a0?\" rel=\"nofollow noopener\" target=\"_blank\">phases de sommeil<\/a> lent profond (celles qui permettent la r\u00e9cup\u00e9ration <a href=\"https:\/\/www.futura-sciences.com\/sciences\/definitions\/physique-physique-15839\/\" rel=\"nofollow noopener\" target=\"_blank\">physique<\/a> et la r\u00e9g\u00e9n\u00e9ration cellulaire) diminuent progressivement au profit d&rsquo;un sommeil l\u00e9ger, beaucoup plus sensible aux bruits et aux r\u00e9veils micro-nocturnes.La fragmentation des nuits : L&rsquo;accumulation de <a href=\"https:\/\/www.futura-sciences.com\/sante\/definitions\/medecine-douleur-17039\/\" rel=\"nofollow noopener\" target=\"_blank\">douleurs<\/a> articulaires, de <a href=\"https:\/\/www.futura-sciences.com\/sante\/definitions\/medecine-souci-10396\/\" rel=\"nofollow noopener\" target=\"_blank\">soucis<\/a> d&rsquo;<a href=\"https:\/\/www.futura-sciences.com\/sante\/definitions\/medecine-apnee-sommeil-14154\/\" rel=\"nofollow noopener\" target=\"_blank\">apn\u00e9e du sommeil<\/a> ou de besoins d&rsquo;\u00e9limination urinaire fractionne la nuit en plusieurs cycles coup\u00e9s.Le pi\u00e8ge de la dette de sommeil chez les s\u00e9niors<\/p>\n<p>Parce qu&rsquo;elles pensent ne plus avoir besoin de dormir autant, de nombreuses personnes s&rsquo;accommodent d&rsquo;une fatigue chronique. Pourtant, souffrir d&rsquo;une privation de sommeil r\u00e9p\u00e9t\u00e9e apr\u00e8s 60 ans comporte des risques bien r\u00e9els pour la sant\u00e9 : d\u00e9clin cognitif acc\u00e9l\u00e9r\u00e9, troubles de la m\u00e9moire, baisse des d\u00e9fenses immunitaires et risque accru de chutes durant la journ\u00e9e. Si vous vous sentez somnolent l&rsquo;apr\u00e8s-midi ou que vous \u00e9prouvez des difficult\u00e9s de concentration, c&rsquo;est le signe clair que vos nuits ne couvrent pas votre besoin biologique r\u00e9el, quelle que soit la <a href=\"https:\/\/www.futura-sciences.com\/sciences\/definitions\/physique-duree-14966\/\" rel=\"nofollow noopener\" target=\"_blank\">dur\u00e9e<\/a> pass\u00e9e au lit.<\/p>\n<p>Comment optimiser la qualit\u00e9 de ses nuits avec l&rsquo;\u00e2ge ?<\/p>\n<p>Pour compenser cette fragilit\u00e9 naturelle du sommeil, quelques ajustements simples permettent de pr\u00e9server des nuits r\u00e9cup\u00e9ratrices :<\/p>\n<p>Exposez-vous \u00e0 la <a href=\"https:\/\/www.futura-sciences.com\/sciences\/definitions\/physique-lumiere-326\/\" rel=\"nofollow noopener\" target=\"_blank\">lumi\u00e8re<\/a> naturelle d\u00e8s le matin pour caler votre <a href=\"https:\/\/www.futura-sciences.com\/sante\/definitions\/biologie-horloge-interne-15147\/\" rel=\"nofollow noopener\" target=\"_blank\">horloge interne<\/a>.Conservez des heures de lever et de coucher r\u00e9guli\u00e8res, m\u00eame le week-end.Pratiquez une <a href=\"https:\/\/www.futura-sciences.com\/sante\/questions-reponses\/sommeil-temps-doit-durer-bonne-sieste-703\/\" title=\"Combien de temps doit durer une bonne sieste ?\" rel=\"nofollow noopener\" target=\"_blank\">sieste courte<\/a> (20 minutes maximum) en d\u00e9but d&rsquo;apr\u00e8s-midi pour recharger vos batteries sans pi\u00e9ger votre sommeil nocturne.\u00c9vitez la s\u00e9dentarit\u00e9 en maintenant une activit\u00e9 physique douce chaque jour.<\/p>\n<p>L&rsquo;id\u00e9e que le besoin de sommeil s&rsquo;\u00e9teint avec les ann\u00e9es est un mythe. Si le cerveau s\u00e9nior a plus de mal \u00e0 g\u00e9n\u00e9rer un sommeil ininterrompu, le corps, lui, r\u00e9clame toujours autant de repos pour fonctionner \u00e0 son plein potentiel.<\/p>\n<p>\n            <img decoding=\"async\" data-imgid=\"sm\" src=\"https:\/\/www.europesays.com\/be-fr\/wp-content\/uploads\/2026\/08\/2-dormir-sommeil.jpeg\" width=\"320\" height=\"320\" alt=\"Routine de sommeil, bonne hygi\u00e8ne de vie\u00a0et literie adapt\u00e9e... Il est possible de mieux g\u00e9rer les troubles du sommeil car bien dormir est essentiel pour notre sant\u00e9. \u00a9\u00a0volha_r, Adobe Stock\" loading=\"lazy\"\/><br \/>\n        <a href=\"https:\/\/www.futura-sciences.com\/sante\/questions-reponses\/sommeil-troubles-sommeil-conseils-mieux-gerer-19931\/\" class=\"article-link article-title\" target=\"_blank\" rel=\"nofollow noopener\">Troubles du sommeil : conseils pour mieux les g\u00e9rer<\/a><\/p>\n<p class=\"article-synopsis\">\n        Les troubles du sommeil peuvent toucher toutes les tranches d\u2019\u00e2ge de la population. De plus, l\u2019insomnie risque de perturber les jours et les nuits de ces individus. Si la prise de m\u00e9dicaments est la solution la plus pris\u00e9e pour lutter contre ces troubles, il existe aussi des alternatives aux somnif\u00e8res. D\u00e9couvrez nos conseils pour une meilleure gestion de ces troubles&#8230;. Lire la suite\n    <\/p><\/p>\n","protected":false},"excerpt":{"rendered":"Avec les ann\u00e9es qui passent, beaucoup constatent un changement net dans leurs nuits : r\u00e9veils plus pr\u00e9coces, sommeil&hellip;\n","protected":false},"author":2,"featured_media":228726,"comment_status":"","ping_status":"","sticky":false,"template":"","format":"standard","meta":{"footnotes":"","_share_on_mastodon":"0"},"categories":[82],"tags":[12,13,18,17,86,87,2098],"class_list":["post-228725","post","type-post","status-publish","format-standard","has-post-thumbnail","category-sante","tag-be","tag-be-fr","tag-belgique","tag-belgium","tag-health","tag-sante","tag-sommeil"],"share_on_mastodon":{"url":"https:\/\/pubeurope.com\/@be_fr\/117168444179027979","error":""},"_links":{"self":[{"href":"https:\/\/www.europesays.com\/be-fr\/wp-json\/wp\/v2\/posts\/228725","targetHints":{"allow":["GET"]}}],"collection":[{"href":"https:\/\/www.europesays.com\/be-fr\/wp-json\/wp\/v2\/posts"}],"about":[{"href":"https:\/\/www.europesays.com\/be-fr\/wp-json\/wp\/v2\/types\/post"}],"author":[{"embeddable":true,"href":"https:\/\/www.europesays.com\/be-fr\/wp-json\/wp\/v2\/users\/2"}],"replies":[{"embeddable":true,"href":"https:\/\/www.europesays.com\/be-fr\/wp-json\/wp\/v2\/comments?post=228725"}],"version-history":[{"count":0,"href":"https:\/\/www.europesays.com\/be-fr\/wp-json\/wp\/v2\/posts\/228725\/revisions"}],"wp:featuredmedia":[{"embeddable":true,"href":"https:\/\/www.europesays.com\/be-fr\/wp-json\/wp\/v2\/media\/228726"}],"wp:attachment":[{"href":"https:\/\/www.europesays.com\/be-fr\/wp-json\/wp\/v2\/media?parent=228725"}],"wp:term":[{"taxonomy":"category","embeddable":true,"href":"https:\/\/www.europesays.com\/be-fr\/wp-json\/wp\/v2\/categories?post=228725"},{"taxonomy":"post_tag","embeddable":true,"href":"https:\/\/www.europesays.com\/be-fr\/wp-json\/wp\/v2\/tags?post=228725"}],"curies":[{"name":"wp","href":"https:\/\/api.w.org\/{rel}","templated":true}]}}