{"id":228897,"date":"2026-08-27T18:43:14","date_gmt":"2026-08-27T18:43:14","guid":{"rendered":"https:\/\/www.europesays.com\/be-fr\/228897\/"},"modified":"2026-08-27T18:43:14","modified_gmt":"2026-08-27T18:43:14","slug":"genji-hip-hop-lance-son-plan-strategique-2026-2030","status":"publish","type":"post","link":"https:\/\/www.europesays.com\/be-fr\/228897\/","title":{"rendered":"G\u00ebnji Hip Hop lance son Plan strat\u00e9gique 2026-2030"},"content":{"rendered":"<p>L\u2019association G\u00ebnji Hip Hop, regroupant des femmes artistes, activistes et f\u00e9ministes des industries culturelles et cr\u00e9atives (ICC) au S\u00e9n\u00e9gal, entend renforcer sa structuration et d\u00e9finir de nouvelles orientations pour les prochaines ann\u00e9es.<\/p>\n<p>R\u00e9unie le mardi 18 ao\u00fbt dernier, la r\u00e9union a permis de d\u00e9finir les principaux axes du Plan strat\u00e9gique 2026-2030 d\u2019apr\u00e8s un communiqu\u00e9 parvenu au Soleil Digital. Le plan pr\u00e9voit notamment de clarifier l\u2019identit\u00e9 de G\u00ebnji Hip Hop, de d\u00e9finir ses objectifs et sa vision \u00e0 l\u2019horizon 2030, tout en r\u00e9affirmant les valeurs du groupe.<\/p>\n<p>Dans le cadre de ses activit\u00e9s, G\u00ebnji Hip Hop annonce par ailleurs la tenue de son premier \u00e9v\u00e9nement officiel le 5 septembre 2026. Il s\u2019agira d\u2019un troc, pr\u00e9sent\u00e9 dans le communiqu\u00e9 comme une \u00ab activit\u00e9 coutume de l\u2019association \u00bb.<\/p>\n<p>Pour rappel, G\u00ebnji Hip-Hop est une association s\u00e9n\u00e9galaise engag\u00e9e, fond\u00e9e en 2017, qui rassemble plus de 70 femmes artistes, rappeuses, DJ, graffeuses et activistes des cultures urbaines.<\/p>\n<p>Ce collectif d\u2019art-activisme \u0153uvre activement pour briser les st\u00e9r\u00e9otypes de genre dans un milieu musical historiquement domin\u00e9 par les hommes. \u00c0 travers leurs textes et leurs performances, ces artistes luttent pour les droits des femmes, d\u00e9noncent les violences bas\u00e9es sur le genre et promeuvent l\u2019autonomisation f\u00e9minine au S\u00e9n\u00e9gal.<\/p>\n<p>Au-del\u00e0 de la sc\u00e8ne, l\u2019association utilise la culture hip-hop comme un outil d\u2019impact social pour aborder des sujets cruciaux tels que la sant\u00e9 mentale, le leadership citoyen et l\u2019engagement politique des jeunes femmes.<br \/>\u00a0<br \/>\u00a0A.N<\/p>\n<p>\u00a0<\/p>\n<p>\u00a0<\/p>\n<p>\u00a0<\/p>\n<p>\u00a0<\/p>\n<p>\u00a0<\/p>\n<p>\u00a0<\/p>\n<p>\u00a0<\/p>\n<p>\u00a0<\/p>\n<p>\u00a0<\/p>\n<p>\u00a0<\/p>\n<p>\u00a0<\/p>\n<p>\u00a0<\/p>\n<p>\u00a0<\/p>\n<p>\u00a0<\/p>\n<p>\u00a0<\/p>\n<p>\u00a0<\/p>\n<p>\u00a0<\/p>\n","protected":false},"excerpt":{"rendered":"L\u2019association G\u00ebnji Hip Hop, regroupant des femmes artistes, activistes et f\u00e9ministes des industries culturelles et cr\u00e9atives (ICC) au&hellip;\n","protected":false},"author":2,"featured_media":228898,"comment_status":"","ping_status":"","sticky":false,"template":"","format":"standard","meta":{"footnotes":"","_share_on_mastodon":"0"},"categories":[98],"tags":[126,12,13,18,17,419,96,95,1936,69875,1461,107,108],"class_list":["post-228897","post","type-post","status-publish","format-standard","has-post-thumbnail","category-musique","tag-arts","tag-be","tag-be-fr","tag-belgique","tag-belgium","tag-culture","tag-divertissement","tag-entertainment","tag-femmes","tag-genji-hip-hop","tag-mouvement","tag-music","tag-musique"],"share_on_mastodon":{"url":"https:\/\/pubeurope.com\/@be_fr\/117168950794177012","error":""},"_links":{"self":[{"href":"https:\/\/www.europesays.com\/be-fr\/wp-json\/wp\/v2\/posts\/228897","targetHints":{"allow":["GET"]}}],"collection":[{"href":"https:\/\/www.europesays.com\/be-fr\/wp-json\/wp\/v2\/posts"}],"about":[{"href":"https:\/\/www.europesays.com\/be-fr\/wp-json\/wp\/v2\/types\/post"}],"author":[{"embeddable":true,"href":"https:\/\/www.europesays.com\/be-fr\/wp-json\/wp\/v2\/users\/2"}],"replies":[{"embeddable":true,"href":"https:\/\/www.europesays.com\/be-fr\/wp-json\/wp\/v2\/comments?post=228897"}],"version-history":[{"count":0,"href":"https:\/\/www.europesays.com\/be-fr\/wp-json\/wp\/v2\/posts\/228897\/revisions"}],"wp:featuredmedia":[{"embeddable":true,"href":"https:\/\/www.europesays.com\/be-fr\/wp-json\/wp\/v2\/media\/228898"}],"wp:attachment":[{"href":"https:\/\/www.europesays.com\/be-fr\/wp-json\/wp\/v2\/media?parent=228897"}],"wp:term":[{"taxonomy":"category","embeddable":true,"href":"https:\/\/www.europesays.com\/be-fr\/wp-json\/wp\/v2\/categories?post=228897"},{"taxonomy":"post_tag","embeddable":true,"href":"https:\/\/www.europesays.com\/be-fr\/wp-json\/wp\/v2\/tags?post=228897"}],"curies":[{"name":"wp","href":"https:\/\/api.w.org\/{rel}","templated":true}]}}