{"id":228943,"date":"2026-08-27T19:29:16","date_gmt":"2026-08-27T19:29:16","guid":{"rendered":"https:\/\/www.europesays.com\/be-fr\/228943\/"},"modified":"2026-08-27T19:29:16","modified_gmt":"2026-08-27T19:29:16","slug":"emmanuel-macron-va-signer-un-contrat-a-43-milliards-deuros-en-suede-la-fin-des-malheurs-pour-un-geant-naval-francais","status":"publish","type":"post","link":"https:\/\/www.europesays.com\/be-fr\/228943\/","title":{"rendered":"Emmanuel Macron va signer un contrat \u00e0 4,3 milliards d&rsquo;euros en Su\u00e8de : la fin des malheurs pour un g\u00e9ant naval fran\u00e7ais ?"},"content":{"rendered":"<p>guillement<\/p>\n<p class=\"ap-StoryQuote-text\">\u00ab\u00a0C&rsquo;est l&rsquo;un des plus importants investissements su\u00e9dois dans le domaine de la d\u00e9fense depuis l&rsquo;introduction de l&rsquo;avion de chasse Gripen\u00a0\u00bb<\/p>\n<p class=\"ap-StoryElement ap-StoryElement--mb ap-StoryText\">Le contrat est \u00e9valu\u00e9 \u00e0 4,3 milliards d&rsquo;euros pour une premi\u00e8re livraison en 2030.<\/p>\n<p>Une concurrence s\u00e9rieuse<\/p>\n<p class=\"ap-StoryElement ap-StoryElement--mb ap-StoryText\">Naval Group \u00e9tait oppos\u00e9 au britannique Babcock, (qui s&rsquo;\u00e9tait pourtant associ\u00e9 au su\u00e9dois Saab pour remporter l&rsquo;offre), ainsi qu&rsquo;\u00e0 l&rsquo;espagnol Navantia. Le gouvernement su\u00e9dois avait alors lanc\u00e9 les n\u00e9gociations avec la France pour quatre navires, avec des livraisons pr\u00e9vues entre 2030 et 2034, pr\u00e9cise le site web du gouvernement su\u00e9dois.<\/p>\n<p><a href=\"https:\/\/www.lalibre.be\/economie\/entreprises-startup\/2025\/10\/30\/rafale-versus-gripen-et-f-16-viper-lukraine-pourrait-passer-une-commande-importante-tres-prochainement-JHHUXNKYLFBPHJA7EYFJZPZMKM\/\" target=\"_self\" class=\"ap-StoryInterstitialLink ap-StoryElement ap-StoryElement--mb\" rel=\"nofollow noopener\">Zelensky m\u00e8ne \u00ab\u00a0trois discussions parall\u00e8les\u00a0\u00bb pour une importante commande d&rsquo;avions: un duel entre le Rafale et le Gripen en vue ?<\/a><\/p>\n<p class=\"ap-StoryElement ap-StoryElement--mb ap-StoryText\">Pour la Su\u00e8de, l&rsquo;investissement est consid\u00e9rable. Le Premier ministre Ulf Kristersson le pr\u00e9sentait m\u00eame comme \u00ab\u00a0l&rsquo;un des plus importants investissements su\u00e9dois dans le domaine de la d\u00e9fense depuis l&rsquo;introduction de l&rsquo;avion de chasse Gripen dans les ann\u00e9es 1980\u00a0\u00bb. Des avions Gripen <a href=\"https:\/\/www.lalibre.be\/economie\/entreprises-startup\/2025\/10\/30\/rafale-versus-gripen-et-f-16-viper-lukraine-pourrait-passer-une-commande-importante-tres-prochainement-JHHUXNKYLFBPHJA7EYFJZPZMKM\/\" target=\"_self\" rel=\"nofollow noopener\">qui sont par ailleurs des concurrents au Rafale fran\u00e7ais \u00e0 l&rsquo;exportation internationale.<\/a> L&rsquo;Ukraine a par exemple achet\u00e9 des Gripen en mai dernier.<\/p>\n<p><img loading=\"lazy\" decoding=\"async\" class=\"w-full lazyload lazyload--opacity object-contain\" style=\"aspect-ratio:172 \/ 100;opacity:1\" alt=\"Les fr\u00e9gates servent principalement \u00e0 prot\u00e9ger les flottes en d\u00e9placement, comme les porte-avions ou navires d'attaques, et peuvent faire des missions de patrouilles. Image pr\u00e9texte.\" width=\"768\" height=\"446\" fetchpriority=\"auto\" src=\"https:\/\/www.europesays.com\/be-fr\/wp-content\/uploads\/2026\/08\/1787858955_368_S5VKD3X55FFF3BW6V4SEHXNP7I.png\"  data- data-optimumx=\"1\"\/><img loading=\"lazy\" decoding=\"async\" src=\"https:\/\/www.europesays.com\/be-fr\/wp-content\/uploads\/2026\/08\/V23WNPY4LZG2JP72HJPD6L2P3E.jpg\" width=\"768\" height=\"446\" alt=\"Les fr\u00e9gates servent principalement \u00e0 prot\u00e9ger les flottes en d\u00e9placement, comme les porte-avions ou navires d'attaques, et peuvent faire des missions de patrouilles. Image pr\u00e9texte.\" class=\"absolute inset-0 w-full\"\/>Les fr\u00e9gates servent principalement \u00e0 prot\u00e9ger les flottes en d\u00e9placement, comme les porte-avions ou navires d&rsquo;attaques, et peuvent faire des missions de patrouilles. Image pr\u00e9texte. \u00a9Copyright (c) 2018 AlejandroCarnicero\/Shutterstock.  No use without permission.<\/p>\n<p class=\"ap-StoryElement ap-StoryElement--mb ap-StoryText\">Selon Stockholm, l&rsquo;arriv\u00e9e de ces nouvelles fr\u00e9gates doit notamment permettre de tripler les capacit\u00e9s de d\u00e9fense a\u00e9rienne de la marine su\u00e9doise. Les fr\u00e9gates permettent effectivement de d\u00e9fendre une flotte contre les attaques venues des cieux, mais aussi des attaques marines et sous-marines.<\/p>\n<p>Une victoire bienvenue pour Naval Group<\/p>\n<p class=\"ap-StoryElement ap-StoryElement--mb ap-StoryText\">Pour Naval Group, cette commande su\u00e9doise intervient apr\u00e8s plusieurs comp\u00e9titions internationales perdues par le groupe fran\u00e7ais, dans un march\u00e9 europ\u00e9en de l&rsquo;armement naval devenu extr\u00eamement concurrentiel.<\/p>\n<p class=\"ap-StoryElement ap-StoryElement--mb ap-StoryText\">En ao\u00fbt 2025, la Norv\u00e8ge, voisine \u00e0 la Su\u00e8de, avait notamment \u00e9cart\u00e9 l&rsquo;offre fran\u00e7aise au profit des fr\u00e9gates britanniques Type 26 de BAE Systems pour le renouvellement de sa flotte, rappelle Zone Militaire.<\/p>\n<p><a href=\"https:\/\/www.lalibre.be\/economie\/conjoncture\/2026\/06\/01\/aukus-laustralie-recevra-finalement-trois-sous-marins-americains-doccasion-et-la-france-rit-jaune-WHNWPH2REFAGPI6CNG7VGNICLU\/\" target=\"_self\" class=\"ap-StoryInterstitialLink ap-StoryElement ap-StoryElement--mb\" rel=\"nofollow noopener\">Aukus : l&rsquo;Australie recevra finalement trois sous-marins am\u00e9ricains\u2026 d&rsquo;occasion (et la France rit jaune)<\/a><\/p>\n<p class=\"ap-StoryElement ap-StoryElement--mb ap-StoryText\">En juin 2026, la Pologne avait \u00e9galement d\u00e9clin\u00e9 les offres de plusieurs groupes, dont Naval Group, pour son programme de sous-marins, et avait retenu &#8211; justement &#8211; le su\u00e9dois Saab. Un deal \u00e0 4,3 milliards d&rsquo;euros \u00e9galement.<\/p>\n<p class=\"ap-StoryElement ap-StoryElement--mb ap-StoryText\">Le Canada a quant \u00e0 lui s\u00e9lectionn\u00e9 d\u00e9but juillet le consortium germano-norv\u00e9gien TKMS comme fournisseur privil\u00e9gi\u00e9 pour son vaste programme de nouveaux sous-marins.<\/p>\n<p>guillement<\/p>\n<p class=\"ap-StoryQuote-text\">\u00ab\u00a0En 2019, Naval Group r\u00e9alisait z\u00e9ro euro de chiffre d&rsquo;affaires en Europe (&#8230;). En 2026, nous r\u00e9aliserons 1 milliard d&rsquo;euros\u00a0\u00bb<\/p>\n<p class=\"ap-StoryElement ap-StoryElement--mb ap-StoryText\">Et c&rsquo;est sans rappeler l&rsquo;annulation du contrat avec l&rsquo;Australie pour des sous-marins, apr\u00e8s l&rsquo;annonce de l&rsquo;alliance militaire Aukus, regroupant Australie, Royaume-Uni et Etats-Unis. Un coup dur, v\u00e9cu comme une trahison, qui \u00e9tait <a href=\"https:\/\/www.lalibre.be\/economie\/conjoncture\/2026\/06\/01\/aukus-laustralie-recevra-finalement-trois-sous-marins-americains-doccasion-et-la-france-rit-jaune-WHNWPH2REFAGPI6CNG7VGNICLU\/\" target=\"_self\" rel=\"nofollow noopener\">rest\u00e9 en travers de la gorge de l&rsquo;entreprise mais aussi de l&rsquo;Elys\u00e9e<\/a>.<\/p>\n<p class=\"ap-StoryElement ap-StoryElement--mb ap-StoryText\">\u00ab\u00a0En 2019, Naval Group r\u00e9alisait z\u00e9ro euro de chiffre d&rsquo;affaires en Europe (&#8230;). En 2026, nous r\u00e9aliserons 1 milliard d&rsquo;euros (&#8230;), gr\u00e2ce \u00e0 la Belgique, aux Pays-Bas, \u00e0 la Gr\u00e8ce et d\u00e9sormais \u00e0 la Su\u00e8de\u00a0\u00bb, s&rsquo;est encore f\u00e9licit\u00e9 le CEO de Naval Group Pierre Eric Pommellet aupr\u00e8s de Reuters.<\/p>\n<p class=\"ap-StoryElement ap-StoryElement--mb ap-StoryText\">Chez nous, le ministre de la D\u00e9fense Theo Francken (N-VA) a \u00e9galement annonc\u00e9 r\u00e9cemment \u00e9valuer plusieurs alternatives, notamment fran\u00e7aises, alors que la livraison des nouvelles fr\u00e9gates d\u00e9velopp\u00e9es avec les Pays-Bas (programme ASWF) a pris du retard pour des raisons techniques et vu ses co\u00fbts exploser.<\/p>\n<p>Pourquoi ce choix ?<\/p>\n<p class=\"ap-StoryElement ap-StoryElement--mb ap-StoryText\">Pour emporter la d\u00e9cision su\u00e9doise, Naval Group a notamment b\u00e9n\u00e9fici\u00e9 de l&rsquo;avance industrielle de sa fr\u00e9gate. Stockholm souhaitait disposer rapidement d&rsquo;un b\u00e2timent d\u00e9j\u00e0 con\u00e7u, produit et test\u00e9, plut\u00f4t que de s&rsquo;engager dans le d\u00e9veloppement d&rsquo;une plateforme enti\u00e8rement nouvelle.<\/p>\n<p><a href=\"https:\/\/www.lalibre.be\/economie\/entreprises-startup\/2026\/07\/16\/fn-herstal-decroche-enfin-un-contrat-tres-attendu-avec-larmee-francaise-excellente-nouvelle-HK26L4AJMRBCTKIFSMJZ4LT3EE\/\" target=\"_self\" class=\"ap-StoryInterstitialLink ap-StoryElement ap-StoryElement--mb\" rel=\"nofollow noopener\">FN Herstal d\u00e9croche (enfin) un contrat tr\u00e8s attendu avec l&rsquo;arm\u00e9e fran\u00e7aise: \u00ab\u00a0Excellente nouvelle\u00a0\u00bb<\/a><\/p>\n<p class=\"ap-StoryElement ap-StoryElement--mb ap-StoryText\">Le calendrier a \u00e9galement pes\u00e9 lourd dans la d\u00e9cision : le gouvernement su\u00e9dois explique que les d\u00e9lais de livraison et la capacit\u00e9 fran\u00e7aise \u00e0 fournir un syst\u00e8me complet de d\u00e9fense a\u00e9rienne ont constitu\u00e9 des crit\u00e8res d\u00e9terminants.<\/p>\n<p>Dans les deux sens&#8230;<\/p>\n<p class=\"ap-StoryElement ap-StoryElement--mb ap-StoryText\">La commande ne traduit pas uniquement un succ\u00e8s commercial fran\u00e7ais. Les deux pays ont multipli\u00e9 ces derniers mois les achats crois\u00e9s d&rsquo;\u00e9quipements militaires.<\/p>\n<p class=\"ap-StoryElement ap-StoryElement--mb ap-StoryText\">La France a notamment choisi des avions de surveillance radar GlobalEye ainsi que des radars Giraffe 1X produits par le groupe su\u00e9dois Saab.<\/p>\n<p><a href=\"https:\/\/www.lalibre.be\/economie\/entreprises-startup\/2025\/07\/11\/f-35-des-retombees-bien-plus-limitees-pour-la-belgique-les-chiffres-avances-sont-gonfles-F44V2NOH35DP5CX72LYEUOPUNI\/\" target=\"_self\" class=\"ap-StoryInterstitialLink ap-StoryElement ap-StoryElement--mb\" rel=\"nofollow noopener\">F-35, des retomb\u00e9es bien plus limit\u00e9es pour la Belgique : \u00ab\u00a0Les chiffres avanc\u00e9s sont gonfl\u00e9s\u00a0\u00bb<\/a><\/p>\n<p class=\"ap-StoryElement ap-StoryElement--mb ap-StoryText\">Ce rapprochement intervient alors que la Su\u00e8de a profond\u00e9ment revu sa politique de d\u00e9fense depuis l&rsquo;invasion de l&rsquo;Ukraine par la Russie. Apr\u00e8s deux si\u00e8cles de non-alignement militaire, la Su\u00e8de est devenue membre de l&rsquo;Otan en mars 2024 et augmente fortement ses d\u00e9penses de d\u00e9fense, avec une attention particuli\u00e8re port\u00e9e \u00e0 la mer Baltique.<\/p>\n","protected":false},"excerpt":{"rendered":"guillement \u00ab\u00a0C&rsquo;est l&rsquo;un des plus importants investissements su\u00e9dois dans le domaine de la d\u00e9fense depuis l&rsquo;introduction de l&rsquo;avion&hellip;\n","protected":false},"author":2,"featured_media":228944,"comment_status":"","ping_status":"","sticky":false,"template":"","format":"standard","meta":{"footnotes":"","_share_on_mastodon":"0"},"categories":[9],"tags":[12,13,18,17,1276,2562,31,5711,32],"class_list":["post-228943","post","type-post","status-publish","format-standard","has-post-thumbnail","category-international","tag-be","tag-be-fr","tag-belgique","tag-belgium","tag-conflit-russie-ukraine","tag-emmanuel-macron","tag-international","tag-theo-francken","tag-world-news"],"share_on_mastodon":{"url":"https:\/\/pubeurope.com\/@be_fr\/117169132164793514","error":""},"_links":{"self":[{"href":"https:\/\/www.europesays.com\/be-fr\/wp-json\/wp\/v2\/posts\/228943","targetHints":{"allow":["GET"]}}],"collection":[{"href":"https:\/\/www.europesays.com\/be-fr\/wp-json\/wp\/v2\/posts"}],"about":[{"href":"https:\/\/www.europesays.com\/be-fr\/wp-json\/wp\/v2\/types\/post"}],"author":[{"embeddable":true,"href":"https:\/\/www.europesays.com\/be-fr\/wp-json\/wp\/v2\/users\/2"}],"replies":[{"embeddable":true,"href":"https:\/\/www.europesays.com\/be-fr\/wp-json\/wp\/v2\/comments?post=228943"}],"version-history":[{"count":0,"href":"https:\/\/www.europesays.com\/be-fr\/wp-json\/wp\/v2\/posts\/228943\/revisions"}],"wp:featuredmedia":[{"embeddable":true,"href":"https:\/\/www.europesays.com\/be-fr\/wp-json\/wp\/v2\/media\/228944"}],"wp:attachment":[{"href":"https:\/\/www.europesays.com\/be-fr\/wp-json\/wp\/v2\/media?parent=228943"}],"wp:term":[{"taxonomy":"category","embeddable":true,"href":"https:\/\/www.europesays.com\/be-fr\/wp-json\/wp\/v2\/categories?post=228943"},{"taxonomy":"post_tag","embeddable":true,"href":"https:\/\/www.europesays.com\/be-fr\/wp-json\/wp\/v2\/tags?post=228943"}],"curies":[{"name":"wp","href":"https:\/\/api.w.org\/{rel}","templated":true}]}}