{"id":228999,"date":"2026-08-27T20:13:40","date_gmt":"2026-08-27T20:13:40","guid":{"rendered":"https:\/\/www.europesays.com\/be-fr\/228999\/"},"modified":"2026-08-27T20:13:40","modified_gmt":"2026-08-27T20:13:40","slug":"audiences-quel-score-pour-le-lancement-de-la-nouvelle-saison-all-stars-de-koh-lanta-sur-tf1-2","status":"publish","type":"post","link":"https:\/\/www.europesays.com\/be-fr\/228999\/","title":{"rendered":"Audiences : Quel score pour le lancement de la nouvelle saison \u00ab\u00a0All-Stars\u00a0\u00bb de \u00ab\u00a0Koh-Lanta\u00a0\u00bb sur TF1 ?"},"content":{"rendered":"<p class=\"mb-4 text-lg md:leading-8 break-words\">\u00ab\u00a0Koh-Lanta : All-Stars\u00a0\u00bb, \u00ab\u00a0Mon jour de chance\u00a0\u00bb, \u00ab\u00a0OPJ\u00a0\u00bb, \u00ab\u00a0Zone interdite\u00a0\u00bb&#8230; Les audiences de la soir\u00e9e du mardi 25 ao\u00fbt 2026.<\/p>\n<p class=\"mb-4 text-lg md:leading-8 break-words\">Ce mardi 25 ao\u00fbt, TF1 lan\u00e7ait la nouvelle saison de son jeu d&rsquo;aventure culte \u00ab\u00a0Koh-Lanta\u00a0\u00bb. <a data-ylk=\"slk:Une \u00e9dition &quot;All-Stars&quot; avec la cr\u00e8me de la cr\u00e8me;elm:context_link;itc:0;sec:content-canvas;\" data-yga=\"{&quot;yLinkElement&quot;:&quot;link&quot;,&quot;yLinkElementType&quot;:&quot;article_link&quot;}\" href=\"https:\/\/www.ozap.com\/actu\/koh-lanta-all-stars-qui-sont-les-18-aventuriers-de-cette-saison\/656615\" rel=\"noopener noreferrer nofollow\" target=\"_blank\">Une \u00e9dition \u00ab\u00a0All-Stars\u00a0\u00bb avec la cr\u00e8me de la cr\u00e8me<\/a> des aventuriers qui ont marqu\u00e9 l&rsquo;\u00e9mission. La premi\u00e8re partie du programme toujours anim\u00e9 par <a data-ylk=\"slk:Denis Brogniart;elm:context_link;itc:0;sec:content-canvas;\" data-yga=\"{&quot;yLinkElement&quot;:&quot;link&quot;,&quot;yLinkElementType&quot;:&quot;article_link&quot;}\" href=\"https:\/\/www.ozap.com\/personnalite\/denis-brogniart_e1058\" rel=\"noopener noreferrer nofollow\" target=\"_blank\">Denis Brogniart<\/a> a suscit\u00e9 la curiosit\u00e9 de 2,84 millions de t\u00e9l\u00e9spectateurs entre 21h12 et 22h15. Cela correspond \u00e0 18,2% de l&rsquo;ensemble du public et 35,2% des Femmes responsables des achats \u00e2g\u00e9es de moins de 50 ans (FRDA-50). La deuxi\u00e8me partie et <a data-ylk=\"slk:le premier conseil de la saison;elm:context_link;itc:0;sec:content-canvas;\" data-yga=\"{&quot;yLinkElement&quot;:&quot;link&quot;,&quot;yLinkElementType&quot;:&quot;article_link&quot;}\" href=\"https:\/\/www.ozap.com\/actu\/on-est-tout-de-suite-mis-a-lecart-maxime-et-joana-evoquent-lhandicap-invisible-qui-a-plombe-leur-debut-daventure-dans-koh-lanta-all-stars\/656619\" rel=\"noopener noreferrer nofollow\" target=\"_blank\">le premier conseil de la saison<\/a> ont conserv\u00e9 l&rsquo;attention de 2,32 millions de t\u00e9l\u00e9spectateurs jusqu&rsquo;\u00e0 23h33, soit 21,8% du public et 39,8% des FRDA-50. La cha\u00eene est tr\u00e8s largement leader sur la cible commerciale et la marque enregistre son meilleur lancement depuis 2 ans sur les FRDA-50, ainsi que sur la cible des 25-49 ans (39% en moyenne sur les deux parties). Le 3 mars 2026, le lancement de la saison pr\u00e9c\u00e9dente, intitul\u00e9e \u00ab\u00a0Les reliques du destin\u00a0\u00bb, avait passionn\u00e9 <a data-ylk=\"slk:3,27 millions;elm:context_link;itc:0;sec:content-canvas;\" data-yga=\"{&quot;yLinkElement&quot;:&quot;link&quot;,&quot;yLinkElementType&quot;:&quot;article_link&quot;}\" href=\"https:\/\/www.ozap.com\/actu\/audiences-quel-score-pour-le-retour-de-koh-lanta-sur-tf1-huit-mois-apres-la-derniere-edition\/653964\" rel=\"noopener noreferrer nofollow\" target=\"_blank\">3,27 millions<\/a> de fans (17,7% de l&rsquo;ensemble du public et 32,8% des FRDA-50), puis 2,44 millions \u00e9taient rest\u00e9s jusqu&rsquo;au bout (20,4% du public et 34,6% des FRDA-50).<\/p>\n<p class=\"mb-4 text-lg md:leading-8 break-words\">\u00ab\u00a0Koh-Lanta\u00a0\u00bb d\u00e9bute sous les 3 millions, \u00ab\u00a0OPJ\u00a0\u00bb remonte pour son final<\/p>\n<p class=\"mb-4 text-lg md:leading-8 break-words\">Sur France 3, place \u00e0 la suite et fin de la saison 7 de la s\u00e9rie \u00ab\u00a0OPJ\u00a0\u00bb. Les deux derniers \u00e9pisodes de la fiction polici\u00e8re avec Ya\u00eblle Trules et Marielle Karabeu ont tenu en haleine 2,77 millions de fid\u00e8les en moyenne entre 21h10 et 22h52. Cela correspond \u00e0 une part d&rsquo;audience moyenne de 18,8%. Elle descend \u00e0 4,2% sur la cible des FRDA-50, cible non privil\u00e9gi\u00e9e par la cha\u00eene. Mardi dernier, les deux \u00e9pisodes pr\u00e9c\u00e9dents avaient intrigu\u00e9 <a data-ylk=\"slk:2,63 millions;elm:context_link;itc:0;sec:content-canvas;\" data-yga=\"{&quot;yLinkElement&quot;:&quot;link&quot;,&quot;yLinkElementType&quot;:&quot;article_link&quot;}\" href=\"https:\/\/www.ozap.com\/actu\/audiences-echec-au-box-office-quel-score-pour-le-film-inedit-the-marvels-sur-tf1\/656381\" rel=\"noopener noreferrer nofollow\" target=\"_blank\">2,63 millions<\/a> de t\u00e9l\u00e9spectateurs en moyenne soit 18,6% de PDA sur l&rsquo;ensemble du public et 4,0% de PDA sur les FRDA-50.<\/p>\n<p class=\"mb-4 text-lg md:leading-8 break-words\">M6 est derri\u00e8re avec un nouveau num\u00e9ro de \u00ab\u00a0Zone interdite\u00a0\u00bb. L&rsquo;\u00e9mission pr\u00e9sent\u00e9e par Oph\u00e9lie Meunier, qui avait pour th\u00e8me \u00ab\u00a0Croisi\u00e8re dans les Cara\u00efbes : au c\u0153ur du nouveau paquebot de la d\u00e9mesure\u00a0\u00bb, a int\u00e9ress\u00e9 1,22 million de t\u00e9l\u00e9spectateurs entre 21h12 et 23h. 8,3% des 4 ans et plus et 14,2% des FRDA-50 \u00e9taient devant le reportage de la Six. Il y a une semaine, le num\u00e9ro pr\u00e9c\u00e9dent intitul\u00e9 \u00ab\u00a0Surtourisme, pollution : menace sur les perles de la M\u00e9diterran\u00e9e\u00a0\u00bb, avait passionn\u00e9 1,12 million de t\u00e9l\u00e9spectateurs soit 7,8% de PDA sur l&rsquo;ensemble du public et 16,9% de PDA sur les FRDA-50.<\/p>\n<p class=\"mb-4 text-lg md:leading-8 break-words\">France 2 misait de son c\u00f4t\u00e9 sur une pi\u00e8ce de th\u00e9\u00e2tre in\u00e9dite. \u00ab\u00a0Mon jour de chance\u00a0\u00bb, mise en sc\u00e8ne par Patrick Haudecoeur et G\u00e9rald Sibleyras et port\u00e9e par Guillaume de Tonqu\u00e9dec, a diverti 1,13 million d&rsquo;amateurs entre 21h10 et 22h30. Cela \u00e9quivaut \u00e0 7,4% du public pr\u00e9sent devant sa t\u00e9l\u00e9vision et 5,5% des FRDA-50. Le 16 juin 2026, la pr\u00e9c\u00e9dente pi\u00e8ce de th\u00e9\u00e2tre propos\u00e9e sur la Deux (en rediffusion), \u00ab\u00a0Le duplex\u00a0\u00bb, avec Anny Duperey et Pascal L\u00e9gitimus, avait r\u00e9uni seulement <a data-ylk=\"slk:645.000 t\u00e9l\u00e9spectateurs;elm:context_link;itc:0;sec:content-canvas;\" data-yga=\"{&quot;yLinkElement&quot;:&quot;link&quot;,&quot;yLinkElementType&quot;:&quot;article_link&quot;}\" href=\"https:\/\/www.ozap.com\/actu\/audiences-pres-de-14-millions-de-supporters-devant-le-premier-match-des-bleus-au-mondial-sur-m6\/655616\" rel=\"noopener noreferrer nofollow\" target=\"_blank\">645.000 t\u00e9l\u00e9spectateurs<\/a> (2,8 % sur l&rsquo;ensemble du public et 0,8% des FRDA-50). Elle faisait face au premier match des Bleus au Mondial de foot, diffus\u00e9 sur M6.<\/p>\n<p class=\"mb-4 text-lg md:leading-8 break-words\">Dans le reste de l&rsquo;offre en prime, France 5 d\u00e9passe le million de t\u00e9l\u00e9spectateurs avec \u00ab\u00a0Nikita\u00a0\u00bb. Le film d&rsquo;action culte de Luc Besson avec Jean Reno, Anne Parillaud ou encore Tch\u00e9ky Karyo a captiv\u00e9 1,01 million de cin\u00e9philes, soit 6,8% du public et 2,0% des FRDA-50.<\/p>\n<p class=\"mb-4 text-lg md:leading-8 break-words\"><a data-ylk=\"slk:Article original sur Purem\u00e9dias;elm:context_link;itc:0;sec:content-canvas;\" data-yga=\"{&quot;yLinkElement&quot;:&quot;link&quot;,&quot;yLinkElementType&quot;:&quot;article_link&quot;}\" href=\"https:\/\/www.ozap.com\/actu\/audiences-quel-score-pour-le-lancement-de-la-nouvelle-saison-all-stars-de-koh-lanta-sur-tf1\/656625\" rel=\"noopener noreferrer nofollow\" target=\"_blank\">Article original sur Purem\u00e9dias<\/a><\/p>\n","protected":false},"excerpt":{"rendered":"\u00ab\u00a0Koh-Lanta : All-Stars\u00a0\u00bb, \u00ab\u00a0Mon jour de chance\u00a0\u00bb, \u00ab\u00a0OPJ\u00a0\u00bb, \u00ab\u00a0Zone interdite\u00a0\u00bb&#8230; Les audiences de la soir\u00e9e du mardi 25&hellip;\n","protected":false},"author":2,"featured_media":229000,"comment_status":"","ping_status":"","sticky":false,"template":"","format":"standard","meta":{"footnotes":"","_share_on_mastodon":"0"},"categories":[99],"tags":[12,13,18,17,96,95,69885,1324,69884,8264,112,58768],"class_list":["post-228999","post","type-post","status-publish","format-standard","has-post-thumbnail","category-television","tag-be","tag-be-fr","tag-belgique","tag-belgium","tag-divertissement","tag-entertainment","tag-jour-de-chance","tag-koh-lanta","tag-la-creme-de-la-creme","tag-telespectateurs","tag-television","tag-zone-interdite"],"share_on_mastodon":{"url":"https:\/\/pubeurope.com\/@be_fr\/117169304598507344","error":""},"_links":{"self":[{"href":"https:\/\/www.europesays.com\/be-fr\/wp-json\/wp\/v2\/posts\/228999","targetHints":{"allow":["GET"]}}],"collection":[{"href":"https:\/\/www.europesays.com\/be-fr\/wp-json\/wp\/v2\/posts"}],"about":[{"href":"https:\/\/www.europesays.com\/be-fr\/wp-json\/wp\/v2\/types\/post"}],"author":[{"embeddable":true,"href":"https:\/\/www.europesays.com\/be-fr\/wp-json\/wp\/v2\/users\/2"}],"replies":[{"embeddable":true,"href":"https:\/\/www.europesays.com\/be-fr\/wp-json\/wp\/v2\/comments?post=228999"}],"version-history":[{"count":0,"href":"https:\/\/www.europesays.com\/be-fr\/wp-json\/wp\/v2\/posts\/228999\/revisions"}],"wp:featuredmedia":[{"embeddable":true,"href":"https:\/\/www.europesays.com\/be-fr\/wp-json\/wp\/v2\/media\/229000"}],"wp:attachment":[{"href":"https:\/\/www.europesays.com\/be-fr\/wp-json\/wp\/v2\/media?parent=228999"}],"wp:term":[{"taxonomy":"category","embeddable":true,"href":"https:\/\/www.europesays.com\/be-fr\/wp-json\/wp\/v2\/categories?post=228999"},{"taxonomy":"post_tag","embeddable":true,"href":"https:\/\/www.europesays.com\/be-fr\/wp-json\/wp\/v2\/tags?post=228999"}],"curies":[{"name":"wp","href":"https:\/\/api.w.org\/{rel}","templated":true}]}}