{"id":229137,"date":"2026-08-27T22:36:18","date_gmt":"2026-08-27T22:36:18","guid":{"rendered":"https:\/\/www.europesays.com\/be-fr\/229137\/"},"modified":"2026-08-27T22:36:18","modified_gmt":"2026-08-27T22:36:18","slug":"notre-equipe-a-katmandou-tf1-info","status":"publish","type":"post","link":"https:\/\/www.europesays.com\/be-fr\/229137\/","title":{"rendered":"Notre \u00e9quipe \u00e0 Katmandou | TF1 Info"},"content":{"rendered":"<p class=\"jsx-a2e2feb2a010d590 Time\">Publi\u00e9 le 27 ao\u00fbt 2026 \u00e0 19h57<\/p>\n<p class=\"jsx-3150768112 jsx-3884010115 ExpandableText__Text\">Au N\u00e9pal, des vues a\u00e9riennes permettent de comprendre l&rsquo;\u00e9tendue des d\u00e9g\u00e2ts du torrent de boue. Les reporters de TF1 sont arriv\u00e9s \u00e0 Katmandou, o\u00f9 les bless\u00e9s sont \u00e9vacu\u00e9s. Dans la capitale, trente ambulances d\u00e9filent 24 h\/24. Les h\u00f4pitaux sont d\u00e9bord\u00e9s.  Les familles attendent d\u00e9sesp\u00e9r\u00e9ment des nouvelles de leurs proches disparus. Certaines personnes vont passer la nuit \u00e0 scruter les all\u00e9es et venues des v\u00e9hicules sanitaires, avec l&rsquo;espoir d&rsquo;obtenir un signe, un message : retrouver un \u00eatre cher en vie.<\/p>\n<p>Lire plusReplier<\/p>\n","protected":false},"excerpt":{"rendered":"Publi\u00e9 le 27 ao\u00fbt 2026 \u00e0 19h57 Au N\u00e9pal, des vues a\u00e9riennes permettent de comprendre l&rsquo;\u00e9tendue des d\u00e9g\u00e2ts&hellip;\n","protected":false},"author":2,"featured_media":229138,"comment_status":"","ping_status":"","sticky":false,"template":"","format":"standard","meta":{"footnotes":"","_share_on_mastodon":"0"},"categories":[99],"tags":[69955,12,13,18,17,3694,96,95,3613,69954,112,139,5356],"class_list":["post-229137","post","type-post","status-publish","format-standard","has-post-thumbnail","category-television","tag-accidents-et-incidents-etrangers","tag-be","tag-be-fr","tag-belgique","tag-belgium","tag-catastrophes-naturelles","tag-divertissement","tag-entertainment","tag-le-20h","tag-nepal-une-crue-devastatrice-fait-des-centaines-de-morts-et-de-disparus","tag-television","tag-video","tag-video-international"],"share_on_mastodon":{"url":"https:\/\/pubeurope.com\/@be_fr\/117169867110432185","error":""},"_links":{"self":[{"href":"https:\/\/www.europesays.com\/be-fr\/wp-json\/wp\/v2\/posts\/229137","targetHints":{"allow":["GET"]}}],"collection":[{"href":"https:\/\/www.europesays.com\/be-fr\/wp-json\/wp\/v2\/posts"}],"about":[{"href":"https:\/\/www.europesays.com\/be-fr\/wp-json\/wp\/v2\/types\/post"}],"author":[{"embeddable":true,"href":"https:\/\/www.europesays.com\/be-fr\/wp-json\/wp\/v2\/users\/2"}],"replies":[{"embeddable":true,"href":"https:\/\/www.europesays.com\/be-fr\/wp-json\/wp\/v2\/comments?post=229137"}],"version-history":[{"count":0,"href":"https:\/\/www.europesays.com\/be-fr\/wp-json\/wp\/v2\/posts\/229137\/revisions"}],"wp:featuredmedia":[{"embeddable":true,"href":"https:\/\/www.europesays.com\/be-fr\/wp-json\/wp\/v2\/media\/229138"}],"wp:attachment":[{"href":"https:\/\/www.europesays.com\/be-fr\/wp-json\/wp\/v2\/media?parent=229137"}],"wp:term":[{"taxonomy":"category","embeddable":true,"href":"https:\/\/www.europesays.com\/be-fr\/wp-json\/wp\/v2\/categories?post=229137"},{"taxonomy":"post_tag","embeddable":true,"href":"https:\/\/www.europesays.com\/be-fr\/wp-json\/wp\/v2\/tags?post=229137"}],"curies":[{"name":"wp","href":"https:\/\/api.w.org\/{rel}","templated":true}]}}