{"id":229349,"date":"2026-08-28T06:11:24","date_gmt":"2026-08-28T06:11:24","guid":{"rendered":"https:\/\/www.europesays.com\/be-fr\/229349\/"},"modified":"2026-08-28T06:11:24","modified_gmt":"2026-08-28T06:11:24","slug":"lonzo-ball-regrette-linfluence-de-son-pere-sur-sa-carriere","status":"publish","type":"post","link":"https:\/\/www.europesays.com\/be-fr\/229349\/","title":{"rendered":"Lonzo Ball regrette l\u2019influence de son p\u00e8re sur sa carri\u00e8re"},"content":{"rendered":"<p>Avec le recul, Lonzo Ball aurait aim\u00e9 faire certaines choses tr\u00e8s diff\u00e9remment. Invit\u00e9 du <a href=\"https:\/\/www.youtube.com\/watch?v=LCxy1u4jjvo\" target=\"_blank\" rel=\"noopener nofollow\">podcast Curious Mike de Michael Porter Jr.<\/a>, le meneur est revenu sans d\u00e9tour sur l\u2019influence consid\u00e9rable exerc\u00e9e par son p\u00e8re LaVar Ball au d\u00e9but de sa carri\u00e8re NBA.<\/p>\n<p>Une p\u00e9riode durant laquelle les d\u00e9cisions autour de Lonzo Ball d\u00e9passaient largement le terrain. LaVar avait notamment d\u00e9velopp\u00e9 la marque familiale Big Baller Brand, dont son fils portait les chaussures, et occupait une place particuli\u00e8rement importante dans la gestion de sa carri\u00e8re.<\/p>\n<p>\u00ab Je n\u2019avais aucune structure, mec. Je jouais simplement au basket et je suivais mon p\u00e8re, je l\u2019\u00e9coutais \u00bb, a racont\u00e9 Lonzo Ball. \u00ab On avait Big Baller Brand. [&#8230;] Je ne suis jamais all\u00e9 \u00e0 une r\u00e9union avec Nike, ni avec Adidas. Je n\u2019ai jamais entendu aucune offre ou quoi que ce soit. Je ne faisais pas partie de ces discussions. Je faisais simplement ce qu\u2019on me disait. \u00bb<\/p>\n<p>Lonzo Ball : \u00ab Mon regret, c\u2019est de ne pas avoir pris le contr\u00f4le plus t\u00f4t \u00bb<\/p>\n<p>La relation avec son p\u00e8re et Big Baller Brand constitue d&rsquo;ailleurs l&rsquo;un de ses principaux regrets. Ball affirme que les premi\u00e8res chaussures de la marque n&rsquo;\u00e9taient tout simplement pas adapt\u00e9es au basket de haut niveau.<\/p>\n<p>\u00ab Ce n\u2019\u00e9tait pas une chaussure de basket, mec. Elle n\u2019\u00e9tait pas pr\u00eate \u00e0 \u00eatre utilis\u00e9e \u00bb, a-t-il expliqu\u00e9. \u00ab J\u2019essayais de jouer avec, mais elles se d\u00e9chiraient et \u00e9clataient quasiment \u00e0 chaque quart-temps. \u00bb<\/p>\n<p>Son manager devait m\u00eame pr\u00e9voir des paires de rechange sur le banc. Mais abandonner les chaussures familiales n&rsquo;\u00e9tait pas une d\u00e9cision anodine.<\/p>\n<p>\u00ab Je n\u2019aimais pas les chaussures. Je l\u2019ai dit. Mais ensuite, on se disputait et \u00e7a devenait : si tu ne portes pas les chaussures, alors tu vas contre la famille. \u00bb<\/p>\n<p>Ball estime m\u00eame qu&rsquo;elles ont pu contribuer \u00e0 ses premiers probl\u00e8mes aux genoux, sans qu&rsquo;il soit possible d&rsquo;\u00e9tablir un lien direct entre les deux. Ces blessures ont ensuite profond\u00e9ment marqu\u00e9 une carri\u00e8re durant laquelle il a notamment manqu\u00e9 deux saisons NBA compl\u00e8tes.<\/p>\n<p>Aujourd&rsquo;hui free agent, le joueur de 28 ans reconna\u00eet surtout qu&rsquo;il aurait d\u00fb s&rsquo;impliquer personnellement beaucoup plus t\u00f4t dans les d\u00e9cisions concernant son avenir.<\/p>\n<p>\u00ab Je crois que ce serait mon seul regret : ne pas avoir pris le contr\u00f4le de ma carri\u00e8re plus t\u00f4t \u00bb, a-t-il confi\u00e9. \u00ab Si je pouvais revenir en arri\u00e8re, \u00e9videmment que je ferais les choses diff\u00e9remment. Je prendrais vraiment un agent, je participerais moi-m\u00eame aux r\u00e9unions et je ferais ce que j\u2019ai envie de faire. \u00bb<\/p>\n<p>Il r\u00e9sume finalement son \u00e9ducation et l&rsquo;influence de son p\u00e8re d&rsquo;une formule : \u00ab La fa\u00e7on dont j\u2019ai \u00e9t\u00e9 \u00e9lev\u00e9 a \u00e9t\u00e9 \u00e0 la fois une b\u00e9n\u00e9diction et une mal\u00e9diction. \u00bb<\/p>\n<p><a class=\"read-too\" href=\"https:\/\/www.basketsession.com\/NBA\/nos-conseils-lectures-a-la-phil-jackson-nba-781418\/\" target=\"_blank\" rel=\"noopener nofollow\">Nos conseils lecture pour 5 stars NBA, vol. 1<\/a><\/p>\n","protected":false},"excerpt":{"rendered":"Avec le recul, Lonzo Ball aurait aim\u00e9 faire certaines choses tr\u00e8s diff\u00e9remment. Invit\u00e9 du podcast Curious Mike de&hellip;\n","protected":false},"author":2,"featured_media":229350,"comment_status":"","ping_status":"","sticky":false,"template":"","format":"standard","meta":{"footnotes":"","_share_on_mastodon":"0"},"categories":[102],"tags":[12,13,18,17,129,128,96,95,69987,69988,109],"class_list":["post-229349","post","type-post","status-publish","format-standard","has-post-thumbnail","category-people","tag-be","tag-be-fr","tag-belgique","tag-belgium","tag-celebrities","tag-celebrity","tag-divertissement","tag-entertainment","tag-lavar-ball","tag-lonzo-ball","tag-people"],"share_on_mastodon":{"url":"https:\/\/pubeurope.com\/@be_fr\/117171656063824390","error":""},"_links":{"self":[{"href":"https:\/\/www.europesays.com\/be-fr\/wp-json\/wp\/v2\/posts\/229349","targetHints":{"allow":["GET"]}}],"collection":[{"href":"https:\/\/www.europesays.com\/be-fr\/wp-json\/wp\/v2\/posts"}],"about":[{"href":"https:\/\/www.europesays.com\/be-fr\/wp-json\/wp\/v2\/types\/post"}],"author":[{"embeddable":true,"href":"https:\/\/www.europesays.com\/be-fr\/wp-json\/wp\/v2\/users\/2"}],"replies":[{"embeddable":true,"href":"https:\/\/www.europesays.com\/be-fr\/wp-json\/wp\/v2\/comments?post=229349"}],"version-history":[{"count":0,"href":"https:\/\/www.europesays.com\/be-fr\/wp-json\/wp\/v2\/posts\/229349\/revisions"}],"wp:featuredmedia":[{"embeddable":true,"href":"https:\/\/www.europesays.com\/be-fr\/wp-json\/wp\/v2\/media\/229350"}],"wp:attachment":[{"href":"https:\/\/www.europesays.com\/be-fr\/wp-json\/wp\/v2\/media?parent=229349"}],"wp:term":[{"taxonomy":"category","embeddable":true,"href":"https:\/\/www.europesays.com\/be-fr\/wp-json\/wp\/v2\/categories?post=229349"},{"taxonomy":"post_tag","embeddable":true,"href":"https:\/\/www.europesays.com\/be-fr\/wp-json\/wp\/v2\/tags?post=229349"}],"curies":[{"name":"wp","href":"https:\/\/api.w.org\/{rel}","templated":true}]}}