{"id":229427,"date":"2026-08-28T07:08:08","date_gmt":"2026-08-28T07:08:08","guid":{"rendered":"https:\/\/www.europesays.com\/be-fr\/229427\/"},"modified":"2026-08-28T07:08:08","modified_gmt":"2026-08-28T07:08:08","slug":"il-me-reconnait-rumer-willis-la-fille-ainee-de-bruce-willis-donne-enfin-des-nouvelles-rassurantes-de-son-pere","status":"publish","type":"post","link":"https:\/\/www.europesays.com\/be-fr\/229427\/","title":{"rendered":"\u00ab\u00a0Il me reconna\u00eet\u00a0\u00bb : Rumer Willis, la fille a\u00een\u00e9e de Bruce Willis, donne enfin des nouvelles rassurantes de son p\u00e8re"},"content":{"rendered":"<p class=\"ap-StoryElement ap-StoryElement--mb ap-StoryText\">\u00ab\u00a0Compte tenu des circonstances, il va aussi bien que possible\u00a0\u00bb, a d&rsquo;abord r\u00e9sum\u00e9 sa fille a\u00een\u00e9e, \u00e2g\u00e9e de 38 ans. Celle qui a choisi de devenir actrice comme ses parents explique qu&rsquo;elle rend r\u00e9guli\u00e8rement visite \u00e0 son p\u00e8re, <a href=\"https:\/\/www.parismatch.be\/actualites\/people\/2026\/08\/25\/rumer-la-fille-de-bruce-willis-craint-pour-sa-propre-sante-apres-le-diagnostic-de-son-pere-cest-parfois-terrifiant-davoir-des-reponses-B2RHUHIKUJAJLKJ6KJ3NBP4NAA\/\" target=\"_self\" rel=\"nofollow noopener\">accompagn\u00e9e de sa fille Louetta<\/a>, \u00e2g\u00e9e de trois ans. Elle a ainsi le bonheur de constater qu&rsquo;il les reconna\u00eet encore. \u00ab\u00a0Quand je le vois, il me reconna\u00eet, ainsi que ma fille Louetta, et il se met \u00e0 sourire. Il y a donc encore \u00e9norm\u00e9ment d&rsquo;amour, de joie et de tendresse\u00a0\u00bb, a-t-elle r\u00e9v\u00e9l\u00e9 avec \u00e9motion. \u00ab\u00a0Une immense victoire\u00a0\u00bb, a-t-elle ajout\u00e9.<\/p>\n<p class=\"ap-StoryElement ap-StoryElement--mb ap-StoryText\">Ne sachant pas combien de temps elle pourra encore profiter de son p\u00e8re, Rumer Willis pr\u00e9f\u00e8re se concentrer sur le moment pr\u00e9sent. \u00ab\u00a0Le plus important pour moi, c&rsquo;est que je suis tellement reconnaissante de pouvoir passer ce temps avec lui, quel que soit le nombre d&rsquo;ann\u00e9es qu&rsquo;il nous reste\u00a0\u00bb, a confi\u00e9 la jeune maman. Alors que l&rsquo;esp\u00e9rance de vie apr\u00e8s l&rsquo;apparition des sympt\u00f4mes est estim\u00e9e entre 7 et 13 ans, les filles de Bruce Willis ch\u00e9rissent chacun des pr\u00e9cieux moments pass\u00e9s \u00e0 ses c\u00f4t\u00e9s.<\/p>\n<p><a href=\"https:\/\/www.parismatch.be\/actualites\/people\/2026\/06\/20\/emma-heming-met-fin-a-la-confusion-au-sujet-de-la-maladie-de-son-mari-bruce-willis-cest-une-idee-recue-tres-repandue-HH5R2N4C3BFO5HDLRCV4APMHKU\/\" target=\"_self\" class=\"ap-StoryInterstitialLink ap-StoryElement ap-StoryElement--mb\" rel=\"nofollow noopener\">Emma Heming met fin \u00e0 la confusion au sujet de la maladie de son mari Bruce Willis : \u00ab\u00a0C&rsquo;est une id\u00e9e re\u00e7ue tr\u00e8s r\u00e9pandue\u00a0\u00bb<\/a>La rare apparition de Bruce Willis aux c\u00f4t\u00e9s de Demi Moore<\/p>\n<p class=\"ap-StoryElement ap-StoryElement--mb ap-StoryText\">Le 8 ao\u00fbt dernier, la famille Willis a v\u00e9cu une magnifique journ\u00e9e. Tallulah, la plus jeune des trois filles de Bruce Willis et de son ex-femme Demi Moore, s&rsquo;est mari\u00e9e dans leur maison familiale de l&rsquo;Idaho. Tout le clan \u00e9tait r\u00e9uni pour ce grand \u00e9v\u00e9nement, y compris son p\u00e8re. <a href=\"https:\/\/www.parismatch.be\/actualites\/people\/2026\/08\/15\/malgre-la-maladie-bruce-willis-finalement-present-aux-cotes-de-demi-moore-pour-assister-au-mariage-de-leur-fille-tallulah-photos-FJFN4JIYENHKZJINGWMDNWAXNQ\/\" target=\"_self\" rel=\"nofollow noopener\">Un moment pr\u00e9cieux, immortalis\u00e9 par des clich\u00e9s<\/a> ensuite relay\u00e9s sur le compte Instagram de Vogue. On y aper\u00e7oit l&rsquo;acteur debout, le sourire aux l\u00e8vres, entre les jeunes mari\u00e9s. Si aucun clich\u00e9 r\u00e9unissant l&rsquo;acteur, Demi Moore et leur fille n&rsquo;a \u00e9t\u00e9 d\u00e9voil\u00e9, nul doute que l&rsquo;actrice de 63 ans a veill\u00e9 sur son ex-mari tout au long du mariage de leur fille. Une parenth\u00e8se de bonheur.<\/p>\n","protected":false},"excerpt":{"rendered":"\u00ab\u00a0Compte tenu des circonstances, il va aussi bien que possible\u00a0\u00bb, a d&rsquo;abord r\u00e9sum\u00e9 sa fille a\u00een\u00e9e, \u00e2g\u00e9e de&hellip;\n","protected":false},"author":2,"featured_media":229428,"comment_status":"","ping_status":"","sticky":false,"template":"","format":"standard","meta":{"footnotes":"","_share_on_mastodon":"0"},"categories":[83],"tags":[12,13,18,17,7696,1908,96,95,70015,87],"class_list":["post-229427","post","type-post","status-publish","format-standard","has-post-thumbnail","category-divertissement","tag-be","tag-be-fr","tag-belgique","tag-belgium","tag-bruce-willis","tag-demence","tag-divertissement","tag-entertainment","tag-rumer-willis","tag-sante"],"share_on_mastodon":{"url":"https:\/\/pubeurope.com\/@be_fr\/117171880692885035","error":""},"_links":{"self":[{"href":"https:\/\/www.europesays.com\/be-fr\/wp-json\/wp\/v2\/posts\/229427","targetHints":{"allow":["GET"]}}],"collection":[{"href":"https:\/\/www.europesays.com\/be-fr\/wp-json\/wp\/v2\/posts"}],"about":[{"href":"https:\/\/www.europesays.com\/be-fr\/wp-json\/wp\/v2\/types\/post"}],"author":[{"embeddable":true,"href":"https:\/\/www.europesays.com\/be-fr\/wp-json\/wp\/v2\/users\/2"}],"replies":[{"embeddable":true,"href":"https:\/\/www.europesays.com\/be-fr\/wp-json\/wp\/v2\/comments?post=229427"}],"version-history":[{"count":0,"href":"https:\/\/www.europesays.com\/be-fr\/wp-json\/wp\/v2\/posts\/229427\/revisions"}],"wp:featuredmedia":[{"embeddable":true,"href":"https:\/\/www.europesays.com\/be-fr\/wp-json\/wp\/v2\/media\/229428"}],"wp:attachment":[{"href":"https:\/\/www.europesays.com\/be-fr\/wp-json\/wp\/v2\/media?parent=229427"}],"wp:term":[{"taxonomy":"category","embeddable":true,"href":"https:\/\/www.europesays.com\/be-fr\/wp-json\/wp\/v2\/categories?post=229427"},{"taxonomy":"post_tag","embeddable":true,"href":"https:\/\/www.europesays.com\/be-fr\/wp-json\/wp\/v2\/tags?post=229427"}],"curies":[{"name":"wp","href":"https:\/\/api.w.org\/{rel}","templated":true}]}}