{"id":229837,"date":"2026-08-28T13:40:31","date_gmt":"2026-08-28T13:40:31","guid":{"rendered":"https:\/\/www.europesays.com\/be-fr\/229837\/"},"modified":"2026-08-28T13:40:31","modified_gmt":"2026-08-28T13:40:31","slug":"funerailles-de-tymeo-et-bryan-brigou-enquete-toujours-en-cours","status":"publish","type":"post","link":"https:\/\/www.europesays.com\/be-fr\/229837\/","title":{"rendered":"Fun\u00e9railles de Tym\u00e9o et Bryan Brigou\u00a0: enqu\u00eate toujours en cours"},"content":{"rendered":"<p>  <img decoding=\"async\" class=\"r-img lazyloaded\" src=\"https:\/\/www.europesays.com\/be-fr\/wp-content\/uploads\/2026\/08\/1787924430_658_detroz.jpg\" alt=\"Amaury Detroz\"\/><\/p>\n<p>Par <a href=\"https:\/\/www.rtl.be\/340069\/dpi-authors\/amaury-detroz\" rel=\"nofollow noopener\" target=\"_blank\">Amaury Detroz<\/a><\/p>\n<p>\tPubli\u00e9 le 27 ao\u00fbt \u00e0 14h02\n<\/p>\n<p>  <a href=\"https:\/\/www.google.com\/preferences\/source?q=rtl%20info\" class=\"r-link--google-favorites\" role=\"button\">Ajoutez-nous \u00e0 vos favoris Google<\/a><br \/>\n\tLes fun\u00e9railles de Tym\u00e9o et de son p\u00e8re Bryan Brigou auront lieu la semaine prochaine, tandis que la m\u00e8re de Tym\u00e9o va se constituer partie civile. S\u00e9bastien Proph\u00e8te \u00e9tait sur place.<\/p>\n<p>&#13;<br \/>\n&#13;<\/p>\n<p>Le corps de Bryan sera inhum\u00e9 mardi 1er septembre \u00e0 Dinant. Les fun\u00e9railles de son fils Tym\u00e9o se d\u00e9rouleront la veille, lundi 31 ao\u00fbt, \u00e0 Yvoir. Ces c\u00e9r\u00e9monies se tiennent alors que l\u2019enqu\u00eate n\u2019a pas encore permis d\u2019\u00e9claircir ce qui est arriv\u00e9 au p\u00e8re de 29 ans et \u00e0 l\u2019enfant de 5 ans, disparus depuis le 27 juin. \u00c0 ce stade, de nombreuses questions restent sans r\u00e9ponse autour des circonstances exactes de leur d\u00e9c\u00e8s.<\/p>\n<p>Lundi, la m\u00e8re de Tym\u00e9o doit aussi se constituer partie civile. Cette d\u00e9marche vise \u00e0 lui permettre d\u2019acc\u00e9der aux diff\u00e9rentes pi\u00e8ces du dossier et de prendre connaissance des \u00e9l\u00e9ments d\u00e9j\u00e0 r\u00e9unis par les enqu\u00eateurs. Son avocat, David Poelaert, r\u00e9sume l\u2019objectif de cette initiative : \u00ab\u00a0On nourrit l&rsquo;espoir d&rsquo;acc\u00e9der \u00e0 un certain nombre d&rsquo;informations et des \u00e9l\u00e9ments d&rsquo;enqu\u00eate, les auditions qui ont lieu dans le cadre de celles-ci. Et avec ces \u00e9l\u00e9ments, ces mat\u00e9riaux, peut-\u00eatre, \u00e9videmment, orienter des recherches.\u00a0\u00bb<\/p>\n<p>&#13;<br \/>\n&#13;<\/p>\n<p>&#13;<br \/>\n&#13;<\/p>\n<p>    \u00c0 lire aussi<\/p>\n<p>  <img decoding=\"async\" class=\"r-img\"  typeof=\"foaf:Image\" src=\"https:\/\/www.europesays.com\/be-fr\/wp-content\/uploads\/2026\/08\/98602761.jpeg\" alt=\"DVI.jpg\"\/><br \/>\n      <a href=\"https:\/\/www.rtl.be\/actu\/regions\/namur\/lidentification-des-corps-retrouves-onhaye-nest-pas-aisee-comment-cela-se-passe\/2026-08-26\/article\/798418\" class=\"r-stories--link\" rel=\"nofollow noopener\" target=\"_blank\">L\u2019identification des corps retrouv\u00e9s \u00e0 Onhaye n\u2019est pas ais\u00e9e\u00a0: comment cela se passe-t-il concr\u00e8tement\u00a0?<\/a><\/p>\n<p>Pour la famille, cet acc\u00e8s au dossier est d\u2019autant plus important qu\u2019elle dit ne pas comprendre le rythme de l\u2019enqu\u00eate. L\u2019avocat de la m\u00e8re \u00e9voque un dossier qui n\u2019avance pas assez vite et insiste sur l\u2019attente qui entoure toujours ce drame : \u00ab\u00a0J&rsquo;ai le sentiment qu&rsquo;on pi\u00e9tine, effectivement. On pi\u00e9tine, \u00e0mon sens, depuis plus de deux mois.\u00a0\u00bb<\/p>\n<p>L\u2019un des points soulev\u00e9s par la d\u00e9fense concerne le d\u00e9lai de localisation des corps. Avec un acc\u00e8s au dossier, l\u2019avocat esp\u00e8re mieux comprendre pourquoi Bryan Brigou et son fils n\u2019ont pas \u00e9t\u00e9 retrouv\u00e9s plus t\u00f4t. Selon lui, des autopsies r\u00e9alis\u00e9es dans d\u2019autres conditions auraient peut-\u00eatre permis d\u2019obtenir davantage d\u2019\u00e9l\u00e9ments sur les causes des d\u00e9c\u00e8s, qui ne sont toujours pas connues \u00e0 ce jour.<\/p>\n<p>\n  &#13;<br \/>\n  \u00c0 lire aussi&#13;<br \/>\n  &#13;<\/p>\n<p>  <img decoding=\"async\" class=\"r-img\"  typeof=\"foaf:Image\" src=\"https:\/\/www.europesays.com\/be-fr\/wp-content\/uploads\/2026\/08\/98290760.jpeg\" alt=\"bruno.jpg\"\/><br \/>\n        <a class=\"r-stories--link\" href=\"https:\/\/www.rtl.be\/actu\/regions\/namur\/la-mere-de-tymeo-entendue-par-la-justice-apres-la-decouverte-dun-corps-denfant\/2026-08-24\/article\/798185\" rel=\"nofollow noopener\" target=\"_blank\">La m\u00e8re de Tym\u00e9o entendue par la justice apr\u00e8s la d\u00e9couverte d\u2019un corps d\u2019enfant \u00e0 Onhaye\u00a0: \u00ab\u00a0C\u2019est tout \u00e0 fait normal\u00a0\u00bb, selon cet expert<\/a>&#13;<br \/>\n  &#13;<br \/>\n&#13;\n<\/p>\n<p>Parmi les hypoth\u00e8ses \u00e9voqu\u00e9es ces derniers jours, la m\u00e8re de l\u2019enfant privil\u00e9gie pour l\u2019instant la piste d\u2019une intervention ext\u00e9rieure. Elle estime possible l\u2019implication d\u2019une tierce personne, sur fond de r\u00e8glement de compte en lien avec le trafic de stup\u00e9fiants. En revanche, elle \u00e9carte la th\u00e8se du drame familial.<\/p>\n<p>Le parquet de Namur, de son c\u00f4t\u00e9, ne communique pas de nouvel \u00e9l\u00e9ment sur la suite de l\u2019enqu\u00eate. Les r\u00e9sultats des analyses ADN ne sont pas encore connus. Ils doivent confirmer formellement les identit\u00e9s de Bryan Brigou et de Tym\u00e9o. En attendant, la famille esp\u00e8re que les prochaines d\u00e9marches judiciaires permettront enfin de faire avancer le dossier et de comprendre ce qui s\u2019est r\u00e9ellement pass\u00e9.<\/p>\n<p>&#13;<br \/>\n&#13;<\/p>\n<p>&#13;<br \/>\n&#13;<\/p>\n<p><a class=\"r-btn r-btn--tag\" href=\"https:\/\/www.rtl.be\/2303\/free-tags\/justice\" title=\"justice\" rel=\"nofollow noopener\" target=\"_blank\">justice<\/a><br \/>\n<a class=\"r-btn r-btn--tag\" href=\"https:\/\/www.rtl.be\/333966\/locations\/namur-prov-de-namur\" title=\"Namur (prov. de Namur)\" rel=\"nofollow noopener\" target=\"_blank\">Namur (prov. de Namur)<\/a><br \/>\n<a class=\"r-btn r-btn--tag\" href=\"https:\/\/www.rtl.be\/380387\/persons\/enfant\" title=\"enfant\" rel=\"nofollow noopener\" target=\"_blank\">enfant<\/a><\/p>\n","protected":false},"excerpt":{"rendered":"Par Amaury Detroz Publi\u00e9 le 27 ao\u00fbt \u00e0 14h02 Ajoutez-nous \u00e0 vos favoris Google Les fun\u00e9railles de Tym\u00e9o&hellip;\n","protected":false},"author":2,"featured_media":229838,"comment_status":"","ping_status":"","sticky":false,"template":"","format":"standard","meta":{"footnotes":"","_share_on_mastodon":"0"},"categories":[8],"tags":[10,70188,13158,12,13,18,17,70186,70187,70189,1308,63120,16423,1954,11,64871],"class_list":["post-229837","post","type-post","status-publish","format-standard","has-post-thumbnail","category-actualites","tag-actualites","tag-analyses-adn","tag-autopsie","tag-be","tag-be-fr","tag-belgique","tag-belgium","tag-bryan-brigou","tag-causes-deces","tag-david-poelart","tag-dinant","tag-enquete-judiciaire","tag-funerailles","tag-namur","tag-news","tag-tymeo"],"share_on_mastodon":{"url":"https:\/\/pubeurope.com\/@be_fr\/117173422017783048","error":""},"_links":{"self":[{"href":"https:\/\/www.europesays.com\/be-fr\/wp-json\/wp\/v2\/posts\/229837","targetHints":{"allow":["GET"]}}],"collection":[{"href":"https:\/\/www.europesays.com\/be-fr\/wp-json\/wp\/v2\/posts"}],"about":[{"href":"https:\/\/www.europesays.com\/be-fr\/wp-json\/wp\/v2\/types\/post"}],"author":[{"embeddable":true,"href":"https:\/\/www.europesays.com\/be-fr\/wp-json\/wp\/v2\/users\/2"}],"replies":[{"embeddable":true,"href":"https:\/\/www.europesays.com\/be-fr\/wp-json\/wp\/v2\/comments?post=229837"}],"version-history":[{"count":0,"href":"https:\/\/www.europesays.com\/be-fr\/wp-json\/wp\/v2\/posts\/229837\/revisions"}],"wp:featuredmedia":[{"embeddable":true,"href":"https:\/\/www.europesays.com\/be-fr\/wp-json\/wp\/v2\/media\/229838"}],"wp:attachment":[{"href":"https:\/\/www.europesays.com\/be-fr\/wp-json\/wp\/v2\/media?parent=229837"}],"wp:term":[{"taxonomy":"category","embeddable":true,"href":"https:\/\/www.europesays.com\/be-fr\/wp-json\/wp\/v2\/categories?post=229837"},{"taxonomy":"post_tag","embeddable":true,"href":"https:\/\/www.europesays.com\/be-fr\/wp-json\/wp\/v2\/tags?post=229837"}],"curies":[{"name":"wp","href":"https:\/\/api.w.org\/{rel}","templated":true}]}}