{"id":229847,"date":"2026-08-28T13:51:15","date_gmt":"2026-08-28T13:51:15","guid":{"rendered":"https:\/\/www.europesays.com\/be-fr\/229847\/"},"modified":"2026-08-28T13:51:15","modified_gmt":"2026-08-28T13:51:15","slug":"lancien-general-condamne-pour-genocide-ratko-mladic-aura-des-obseques-nationales","status":"publish","type":"post","link":"https:\/\/www.europesays.com\/be-fr\/229847\/","title":{"rendered":"L&rsquo;ancien g\u00e9n\u00e9ral condamn\u00e9 pour g\u00e9nocide Ratko Mladic aura des obs\u00e8ques nationales"},"content":{"rendered":"<p class=\"ap-StoryElement ap-StoryElement--mb ap-StoryText\">Gravement malade depuis des mois, Ratko Mladic est mort jeudi \u00e0 La Haye, o\u00f9 il purgeait une peine de prison \u00e0 vie pour g\u00e9nocide, crimes de guerre et crimes contre l&rsquo;humanit\u00e9.<\/p>\n<p class=\"ap-StoryElement ap-StoryElement--mb ap-StoryText\">\u00ab\u00a0Il est certain que le g\u00e9n\u00e9ral Mladic recevra tous les honneurs militaires et d&rsquo;Etat auxquels il a droit\u00a0\u00bb, a d\u00e9clar\u00e9 M. Vujic.<\/p>\n<p class=\"ap-StoryElement ap-StoryElement--mb ap-StoryText\">Les responsables serbes attendent de savoir quand les autorit\u00e9s \u00e0 la Haye remettront le corps, a-t-il indiqu\u00e9.<\/p>\n<p><a href=\"https:\/\/www.dhnet.be\/actu\/monde\/2026\/08\/27\/ratko-mladic-lancien-chef-militaire-des-serbes-de-bosnie-condamne-pour-genocide-est-mort-7DN6B6TBBZG4JIA5OWOGHHFJMQ\/\" target=\"_self\" class=\"ap-StoryInterstitialLink ap-StoryElement ap-StoryElement--mb\" rel=\"nofollow noopener\">Ratko Mladic, l&rsquo;ancien chef militaire des Serbes de Bosnie condamn\u00e9 pour g\u00e9nocide, est mort<\/a><\/p>\n<p class=\"ap-StoryElement ap-StoryElement--mb ap-StoryText\">\u00ab\u00a0Nous sommes pr\u00eats \u00e0 nous rendre \u00e0 la Haye d\u00e8s que nous saurons quelles sont les prochaines \u00e9tapes\u00a0\u00bb, a dit le ministre. Le massacre de Srebrenica est la pire tuerie en Europe depuis la Deuxi\u00e8me Guerre mondiale.<\/p>\n","protected":false},"excerpt":{"rendered":"Gravement malade depuis des mois, Ratko Mladic est mort jeudi \u00e0 La Haye, o\u00f9 il purgeait une peine&hellip;\n","protected":false},"author":2,"featured_media":229848,"comment_status":"","ping_status":"","sticky":false,"template":"","format":"standard","meta":{"footnotes":"","_share_on_mastodon":"0"},"categories":[9],"tags":[12,13,18,17,31424,20232,15623,2514,31,934,70192,19606,32],"class_list":["post-229847","post","type-post","status-publish","format-standard","has-post-thumbnail","category-international","tag-be","tag-be-fr","tag-belgique","tag-belgium","tag-bosnie","tag-crimes","tag-genocide","tag-guerre","tag-international","tag-justice","tag-ratko-mladic","tag-serbie","tag-world-news"],"share_on_mastodon":{"url":"https:\/\/pubeurope.com\/@be_fr\/117173465090877263","error":""},"_links":{"self":[{"href":"https:\/\/www.europesays.com\/be-fr\/wp-json\/wp\/v2\/posts\/229847","targetHints":{"allow":["GET"]}}],"collection":[{"href":"https:\/\/www.europesays.com\/be-fr\/wp-json\/wp\/v2\/posts"}],"about":[{"href":"https:\/\/www.europesays.com\/be-fr\/wp-json\/wp\/v2\/types\/post"}],"author":[{"embeddable":true,"href":"https:\/\/www.europesays.com\/be-fr\/wp-json\/wp\/v2\/users\/2"}],"replies":[{"embeddable":true,"href":"https:\/\/www.europesays.com\/be-fr\/wp-json\/wp\/v2\/comments?post=229847"}],"version-history":[{"count":0,"href":"https:\/\/www.europesays.com\/be-fr\/wp-json\/wp\/v2\/posts\/229847\/revisions"}],"wp:featuredmedia":[{"embeddable":true,"href":"https:\/\/www.europesays.com\/be-fr\/wp-json\/wp\/v2\/media\/229848"}],"wp:attachment":[{"href":"https:\/\/www.europesays.com\/be-fr\/wp-json\/wp\/v2\/media?parent=229847"}],"wp:term":[{"taxonomy":"category","embeddable":true,"href":"https:\/\/www.europesays.com\/be-fr\/wp-json\/wp\/v2\/categories?post=229847"},{"taxonomy":"post_tag","embeddable":true,"href":"https:\/\/www.europesays.com\/be-fr\/wp-json\/wp\/v2\/tags?post=229847"}],"curies":[{"name":"wp","href":"https:\/\/api.w.org\/{rel}","templated":true}]}}