{"id":230303,"date":"2026-08-28T20:34:17","date_gmt":"2026-08-28T20:34:17","guid":{"rendered":"https:\/\/www.europesays.com\/be-fr\/230303\/"},"modified":"2026-08-28T20:34:17","modified_gmt":"2026-08-28T20:34:17","slug":"red-bull-impressionnee-par-liam-lawson-il-a-fait-tout-ce-quil-pouvait","status":"publish","type":"post","link":"https:\/\/www.europesays.com\/be-fr\/230303\/","title":{"rendered":"Red Bull impressionn\u00e9e par Liam Lawson : \u00ab\u00a0Il a fait tout ce qu&rsquo;il pouvait\u00a0\u00bb"},"content":{"rendered":"<p>Le patron de\u00a0<a href=\"https:\/\/fr.motorsport.com\/team\/red-bull\/553\/\" target=\"_blank\" rel=\"noopener nofollow\">Red Bull<\/a>, Laurent Mekies, s&rsquo;est montr\u00e9 impressionn\u00e9 par la prestation de son joker de luxe, <a href=\"https:\/\/fr.motorsport.com\/driver\/liam-lawson\/826061\/\" target=\"_blank\" rel=\"noopener nofollow\">Liam Lawson<\/a>, au Grand Prix des Pays-Bas, estimant que le N\u00e9o-Z\u00e9landais avait tir\u00e9 le maximum de sa monoplace \u00e0 Zandvoort.<\/p>\n<p>Dimanche dernier, Lawson a termin\u00e9 septi\u00e8me derri\u00e8re les trois \u00e9curies de pointe &#8211; <a href=\"https:\/\/fr.motorsport.com\/team\/mclaren\/609\/\" target=\"_blank\" rel=\"noopener nofollow\">McLaren<\/a>, <a href=\"https:\/\/fr.motorsport.com\/team\/mercedes\/611\/\" target=\"_blank\" rel=\"noopener nofollow\">Mercedes<\/a> et <a href=\"https:\/\/fr.motorsport.com\/team\/ferrari\/615\/\" target=\"_blank\" rel=\"noopener nofollow\">Ferrari<\/a> &#8211; apr\u00e8s \u00eatre parti depuis la huiti\u00e8me place et avoir gagn\u00e9 une position \u00e0 la suite de l&rsquo;accident de\u00a0<a href=\"https:\/\/fr.motorsport.com\/driver\/max-verstappen\/93029\/\" target=\"_blank\" rel=\"noopener nofollow\">Max Verstappen<\/a>, son \u00e9quipier du week-end.\u00a0Cette performance est intervenue apr\u00e8s une course sprint plus difficile, lors de laquelle\u00a0Lawson s&rsquo;\u00e9tait \u00e9lanc\u00e9 et avait termin\u00e9 11e.\u00a0<\/p>\n<p>Lire aussi :<\/p>\n<p>Globalement, le bilan de la pige de Liam\u00a0Lawson chez Red Bull semble satisfaisant. Malgr\u00e9 la difficult\u00e9 de retrouver un baquet qui lui avait donn\u00e9 tant de mal lorsqu&rsquo;il \u00e9tait titulaire en 2025, et au volant d&rsquo;une RB22 en difficult\u00e9 depuis le d\u00e9but de la saison, le pilote de 24 ans ne s&rsquo;est pas laiss\u00e9 distancer et a su r\u00e9aliser le travail qui \u00e9tait attendu de lui.<\/p>\n<p>\u00ab\u00a0Il est tellement difficile aujourd&rsquo;hui de passer d&rsquo;une \u00e9quipe \u00e0 une autre que je pense que Liam a fait tout ce qu&rsquo;il pouvait\u00a0\u00bb, a d\u00e9clar\u00e9 Laurent Mekies \u00e0 Sky Sports. \u00ab\u00a0Il a \u00e9videmment fait du tr\u00e8s bon travail en qualifications hier, \u00e0 seulement un dixi\u00e8me de Max. Aujourd&rsquo;hui, il a plut\u00f4t fait une course en solitaire.\u00a0\u00bb<\/p>\n<p>\u00ab\u00a0Nous n&rsquo;avons pas la r\u00e9f\u00e9rence de Max, donc vous savez, il n&rsquo;est pas possible de juger son rythme. Mais il a pris les points, ceux de la septi\u00e8me place, et c&rsquo;est probablement le meilleur r\u00e9sultat qu&rsquo;il pouvait obtenir aujourd&rsquo;hui.\u00a0\u00bb<\/p>\n<p>   <img decoding=\"async\" draggable=\"false\" src=\"https:\/\/www.europesays.com\/be-fr\/wp-content\/uploads\/2026\/08\/1787949257_231_liam-lawson-racing-bulls.jpg\" alt=\"Liam Lawson pourrait de nouveau courir pour Red Bull \u00e0 Monza, si Isack Hadjar n'est pas remis \u00e0 temps.\" width=\"1200\" height=\"800\" loading=\"lazy\"\/> <\/p>\n<p class=\"title\">Liam Lawson pourrait de nouveau courir pour Red Bull \u00e0 Monza, si Isack Hadjar n&rsquo;est pas remis \u00e0 temps.<\/p>\n<p class=\"photographer\">Photo de: Alastair Staley \/ LAT Images via Getty Images<\/p>\n<p>La prestation de Lawson \u00e0 Zandvoort n&rsquo;a toutefois pas \u00e9t\u00e9 totalement parfaite. Lors du Grand Prix, le N\u00e9o-Z\u00e9landais a \u00e9cop\u00e9 d&rsquo;une p\u00e9nalit\u00e9 de dix secondes pour ne pas avoir suffisamment ralenti sous drapeau jaune dans le virage 3, au 55e tour, apr\u00e8s l&rsquo;arr\u00eat d&rsquo;<a href=\"https:\/\/fr.motorsport.com\/driver\/esteban-ocon\/95096\/\" target=\"_blank\" rel=\"noopener nofollow\">Esteban Ocon<\/a> dans le virage suivant.<\/p>\n<p>Lawson a reconnu qu&rsquo;il allait \u00ab\u00a0tirer les le\u00e7ons\u00a0\u00bb de cette erreur. Celle-ci n&rsquo;a toutefois eu aucune cons\u00e9quence sur son classement, puisqu&rsquo;il a termin\u00e9 avec un tour d&rsquo;avance sur le huiti\u00e8me, <a href=\"https:\/\/fr.motorsport.com\/driver\/nico-hulkenberg\/84891\/\" target=\"_blank\" rel=\"noopener nofollow\">Nico H\u00fclkenberg<\/a>.<\/p>\n<p>\u00ab\u00a0Aujourd&rsquo;hui, c&rsquo;\u00e9tait difficile, honn\u00eatement\u00a0\u00bb, a expliqu\u00e9\u00a0Lawson\u00a0\u00e0\u00a0Sky Sports. \u00ab\u00a0Le premier tour \u00e9tait plut\u00f4t sympa, mais ensuite, honn\u00eatement, nous avons simplement manqu\u00e9 de rythme pour suivre les pilotes de t\u00eate.\u00a0\u00bb<\/p>\n<p>\u00ab\u00a0Apr\u00e8s [samedi], je savais que la course allait \u00eatre difficile. Nous \u00e9tions tous les deux [avec Verstappen] derri\u00e8re [les autres top teams] et je pense avoir fait un assez bon tour hier, donc je savais que ce serait difficile.\u00a0\u00bb<\/p>\n<p>\u00ab\u00a0Mais peut-\u00eatre pas \u00e0 ce point-l\u00e0. Nous avons vraiment eu du mal \u00e0 suivre les \u00e9quipes de t\u00eate. Mais je suis s\u00fbr qu&rsquo;il y a des choses que je peux apprendre. Je vais \u00e9videmment essayer de comprendre ce qui s&rsquo;est pass\u00e9 apr\u00e8s ce week-end.\u00a0\u00bb<\/p>\n<p>L&rsquo;avenir \u00e0 court terme de Liam Lawson reste toujours incertain : il n&rsquo;est pas encore \u00e9tabli s&rsquo;il retrouvera Racing Bulls d\u00e8s le prochain Grand Prix, \u00e0 Monza, ou s&rsquo;il continuera de remplacer Isack Hadjar chez Red Bull, si le Fran\u00e7ais n&rsquo;est pas r\u00e9tabli d&rsquo;ici l\u00e0.<\/p>\n<p>Lire aussi :<\/p>\n<p>            Votre avis nous int\u00e9resse !<\/p>\n<p class=\"mt-auto\">Qu&rsquo;aimeriez-vous voir sur Motorsport.com ?<\/p>\n<p>            <a href=\"#\" class=\"ms-link text-link font-bold\">R\u00e9pondez \u00e0 notre enqu\u00eate en 5 minutes.<\/a><\/p>\n<p class=\"mt-1 text-body\">&#8211; L&rsquo;\u00e9quipe Motorsport.com<\/p>\n","protected":false},"excerpt":{"rendered":"Le patron de\u00a0Red Bull, Laurent Mekies, s&rsquo;est montr\u00e9 impressionn\u00e9 par la prestation de son joker de luxe, Liam&hellip;\n","protected":false},"author":2,"featured_media":230304,"comment_status":"","ping_status":"","sticky":false,"template":"","format":"standard","meta":{"footnotes":"","_share_on_mastodon":"0"},"categories":[81],"tags":[12,13,18,17,649,67582,17911,1832,70408,84,14118],"class_list":["post-230303","post","type-post","status-publish","format-standard","has-post-thumbnail","category-sports","tag-be","tag-be-fr","tag-belgique","tag-belgium","tag-formule-1","tag-gp-des-pays-bas","tag-liam-lawson","tag-red-bull","tag-red-bull-impressionnu00e9e-par-liam-lawson-il-a-fait-tout-ce-quil-pouvait","tag-sports","tag-zandvoort"],"share_on_mastodon":{"url":"https:\/\/pubeurope.com\/@be_fr\/117175049861577470","error":""},"_links":{"self":[{"href":"https:\/\/www.europesays.com\/be-fr\/wp-json\/wp\/v2\/posts\/230303","targetHints":{"allow":["GET"]}}],"collection":[{"href":"https:\/\/www.europesays.com\/be-fr\/wp-json\/wp\/v2\/posts"}],"about":[{"href":"https:\/\/www.europesays.com\/be-fr\/wp-json\/wp\/v2\/types\/post"}],"author":[{"embeddable":true,"href":"https:\/\/www.europesays.com\/be-fr\/wp-json\/wp\/v2\/users\/2"}],"replies":[{"embeddable":true,"href":"https:\/\/www.europesays.com\/be-fr\/wp-json\/wp\/v2\/comments?post=230303"}],"version-history":[{"count":0,"href":"https:\/\/www.europesays.com\/be-fr\/wp-json\/wp\/v2\/posts\/230303\/revisions"}],"wp:featuredmedia":[{"embeddable":true,"href":"https:\/\/www.europesays.com\/be-fr\/wp-json\/wp\/v2\/media\/230304"}],"wp:attachment":[{"href":"https:\/\/www.europesays.com\/be-fr\/wp-json\/wp\/v2\/media?parent=230303"}],"wp:term":[{"taxonomy":"category","embeddable":true,"href":"https:\/\/www.europesays.com\/be-fr\/wp-json\/wp\/v2\/categories?post=230303"},{"taxonomy":"post_tag","embeddable":true,"href":"https:\/\/www.europesays.com\/be-fr\/wp-json\/wp\/v2\/tags?post=230303"}],"curies":[{"name":"wp","href":"https:\/\/api.w.org\/{rel}","templated":true}]}}