{"id":230329,"date":"2026-08-28T21:18:19","date_gmt":"2026-08-28T21:18:19","guid":{"rendered":"https:\/\/www.europesays.com\/be-fr\/230329\/"},"modified":"2026-08-28T21:18:19","modified_gmt":"2026-08-28T21:18:19","slug":"le-patron-de-la-fed-insiste-sur-linflation-preoccupante-aux-etats-unis","status":"publish","type":"post","link":"https:\/\/www.europesays.com\/be-fr\/230329\/","title":{"rendered":"Le patron de la Fed insiste sur l&rsquo;inflation \u00ab\u00a0pr\u00e9occupante\u00a0\u00bb aux Etats-Unis"},"content":{"rendered":"<p class=\"ap-StoryElement ap-StoryElement--mb ap-StoryText\">Le pr\u00e9sident de la R\u00e9serve f\u00e9d\u00e9rale am\u00e9ricaine (Fed) a estim\u00e9 vendredi que l&rsquo;inflation \u00e9tait \u00ab\u00a0pr\u00e9occupante\u00a0\u00bb aux Etats-Unis et qu&rsquo;il pouvait \u00ab\u00a0difficilement\u00a0\u00bb qualifier la politique mon\u00e9taire de \u00ab\u00a0restrictive\u00a0\u00bb, des propos d\u00e9notant une certaine fermet\u00e9 avant la prochaine r\u00e9union sur les taux d&rsquo;int\u00e9r\u00eat.<\/p>\n<p>Pour acc\u00e9der \u00e0 cet article, veuillez vous connecter au r\u00e9seau internet.<\/p>\n","protected":false},"excerpt":{"rendered":"Le pr\u00e9sident de la R\u00e9serve f\u00e9d\u00e9rale am\u00e9ricaine (Fed) a estim\u00e9 vendredi que l&rsquo;inflation \u00e9tait \u00ab\u00a0pr\u00e9occupante\u00a0\u00bb aux Etats-Unis et&hellip;\n","protected":false},"author":2,"featured_media":230330,"comment_status":"","ping_status":"","sticky":false,"template":"","format":"standard","meta":{"footnotes":"","_share_on_mastodon":"0"},"categories":[8],"tags":[10,16675,12,13,18,17,852,19790,3291,51342,11,5986,567],"class_list":["post-230329","post","type-post","status-publish","format-standard","has-post-thumbnail","category-actualites","tag-actualites","tag-banque-centrale","tag-be","tag-be-fr","tag-belgique","tag-belgium","tag-finance","tag-indicateur","tag-inflation","tag-kevin-warsh","tag-news","tag-taux","tag-usa"],"share_on_mastodon":{"url":"https:\/\/pubeurope.com\/@be_fr\/117175222634731085","error":""},"_links":{"self":[{"href":"https:\/\/www.europesays.com\/be-fr\/wp-json\/wp\/v2\/posts\/230329","targetHints":{"allow":["GET"]}}],"collection":[{"href":"https:\/\/www.europesays.com\/be-fr\/wp-json\/wp\/v2\/posts"}],"about":[{"href":"https:\/\/www.europesays.com\/be-fr\/wp-json\/wp\/v2\/types\/post"}],"author":[{"embeddable":true,"href":"https:\/\/www.europesays.com\/be-fr\/wp-json\/wp\/v2\/users\/2"}],"replies":[{"embeddable":true,"href":"https:\/\/www.europesays.com\/be-fr\/wp-json\/wp\/v2\/comments?post=230329"}],"version-history":[{"count":0,"href":"https:\/\/www.europesays.com\/be-fr\/wp-json\/wp\/v2\/posts\/230329\/revisions"}],"wp:featuredmedia":[{"embeddable":true,"href":"https:\/\/www.europesays.com\/be-fr\/wp-json\/wp\/v2\/media\/230330"}],"wp:attachment":[{"href":"https:\/\/www.europesays.com\/be-fr\/wp-json\/wp\/v2\/media?parent=230329"}],"wp:term":[{"taxonomy":"category","embeddable":true,"href":"https:\/\/www.europesays.com\/be-fr\/wp-json\/wp\/v2\/categories?post=230329"},{"taxonomy":"post_tag","embeddable":true,"href":"https:\/\/www.europesays.com\/be-fr\/wp-json\/wp\/v2\/tags?post=230329"}],"curies":[{"name":"wp","href":"https:\/\/api.w.org\/{rel}","templated":true}]}}