{"id":230419,"date":"2026-08-29T05:21:26","date_gmt":"2026-08-29T05:21:26","guid":{"rendered":"https:\/\/www.europesays.com\/be-fr\/230419\/"},"modified":"2026-08-29T05:21:26","modified_gmt":"2026-08-29T05:21:26","slug":"temu-shein-la-taxe-europeenne-sur-les-petits-colis-entraine-bien-une-chute-des-importations","status":"publish","type":"post","link":"https:\/\/www.europesays.com\/be-fr\/230419\/","title":{"rendered":"Temu, Shein\u2026 La taxe europ\u00e9enne sur les petits colis entra\u00eene bien une chute des importations"},"content":{"rendered":"<p>L\u2019<a href=\"https:\/\/www.20minutes.fr\/dossier\/ue\" class=\"c-link c-link--is-underlined\" rel=\"nofollow noopener\" target=\"_blank\">Union europ\u00e9enne<\/a> remporte une bataille dans la guerre r\u00e9glementaire men\u00e9e contre <a href=\"https:\/\/www.20minutes.fr\/societe\/4203421-20260225-affaire-honteux-grenoble-arrivee-shein-bhv-divise-clients\" class=\"c-link c-link--is-underlined\" rel=\"nofollow noopener\" target=\"_blank\">Shein<\/a>, Temu, AliExpress et consorts. L\u2019importation de petits colis en provenance de Chine a en effet subi une baisse significative apr\u00e8s l\u2019<a href=\"https:\/\/www.20minutes.fr\/economie\/4231947-20260630-petits-colis-shein-temu-pourquoi-taxe-francaise-2-euros-suspendue-partir-mercredi\" class=\"c-link c-link--is-underlined\" rel=\"nofollow noopener\" target=\"_blank\">instauration d\u2019une taxe<\/a> visant \u00e0 juguler les flux.<\/p>\n<p>Les importations du nombre de ces paquets ont chut\u00e9 de l\u2019ordre de 30\u00a0% \u00e0 40\u00a0% dans l\u2019UE, annonce ce jeudi le minist\u00e8re de l\u2019Economie, citant les douanes fran\u00e7aises. Contact\u00e9 par l\u2019AFP, Shein n\u2019a pas souhait\u00e9 commenter. Temu et AliExpress n\u2019avaient pas r\u00e9agi dans l\u2019imm\u00e9diat.<\/p>\n<p>Une taxe de 3 euros<\/p>\n<p>Ce repli est la cons\u00e9quence de la d\u00e9cision de Bruxelles d\u2019instaurer au 1er\u00a0juillet une taxe de 3 euros sur chaque cat\u00e9gorie de produit log\u00e9 dans ces petits colis. En\u00a02025, pr\u00e8s de 5,9\u00a0milliards sont entr\u00e9s sur le march\u00e9 europ\u00e9en, soit plus de 180 chaque seconde. C\u2019est quatre fois plus qu\u2019en\u00a02022.<\/p>\n<p>Sur ce total, 93\u00a0% provenaient de Chine, dont les entreprises b\u00e9n\u00e9ficient d\u2019une exon\u00e9ration de droits de douane sur ces petits colis de moins de 150 euros import\u00e9s en Europe. Des chiffres d\u2019autant plus affolants que l\u2019Union europ\u00e9enne soup\u00e7onne une partie substantielle des produits import\u00e9s d\u2019\u00eatre non conformes au droit communautaire voire dangereux.<\/p>\n<p>\u00ab\u00a0On peut gagner, on va gagner\u00a0\u00bb<\/p>\n<p>\u00ab\u00a0Face \u00e0 la Chine, il n\u2019y a pas de fatalit\u00e9\u00a0\u00bb, a ass\u00e9n\u00e9 le ministre de l\u2019Economie Roland Lescure lors de l\u2019\u00e9v\u00e9nement de rentr\u00e9e du Medef, se r\u00e9jouissant des effets de ce dispositif. \u00ab\u00a0Si on met en place les bonnes politiques publiques, on peut gagner, on va gagner\u00a0\u00bb, a-t-il encore assur\u00e9. La taxe est temporaire. Elle est mise en place jusqu\u2019\u00e0 une refonte en profondeur du syst\u00e8me douanier europ\u00e9en, pr\u00e9vue dans deux ans. Elle sera compl\u00e9t\u00e9e \u00e0 partir de novembre par des \u00ab\u00a0frais de traitement\u00a0\u00bb, qui aideront \u00e0 financer les services douaniers. Le montant n\u2019a pas encore \u00e9t\u00e9 fix\u00e9 mais pourrait s\u2019\u00e9lever \u00e0 2 euros par colis.<\/p>\n<p>L\u2019application de shopping Joko, qui s\u2019appuie sur les transactions bancaires d\u20191,5\u00a0million de personnes en France, a r\u00e9v\u00e9l\u00e9 que les ventes en volumes chutaient drastiquement chez les entreprises vis\u00e9es par la taxe. Le site chinois Temu a enregistr\u00e9 une baisse de 50\u00a0% entre juin et juillet, tandis que son homologue AliExpress subissait une chute de 37\u00a0% et Shein de 15\u00a0%.<\/p>\n<p><a href=\"https:\/\/www.20minutes.fr\/societe\/fast-fashion\/\" class=\"c-link c-btn c-btn--primary\" rel=\"nofollow noopener\" target=\"_blank\">Notre dossier sur la fast fashion<\/a><\/p>\n<p>\u00ab\u00a0Plusieurs enseignes augmentent leur panier moyen pour absorber le co\u00fbt de la taxe, avec +\u00a030\u00a0% chez Temu et +\u00a027\u00a0% chez AliExpress entre juin et juillet. AliExpress a confirm\u00e9 d\u00e9sormais inclure les droits de douane dans ses prix\u00a0\u00bb, a encore analys\u00e9 le site. La relative r\u00e9sistance de la plateforme de mode Shein, originaire de Chine mais d\u00e9sormais bas\u00e9e \u00e0 Singapour, s\u2019explique par l\u2019ouverture d\u2019un \u00ab\u00a0entrep\u00f4t g\u00e9ant\u00a0\u00bb en Pologne \u00ab\u00a0d\u00e8s d\u00e9cembre\u00a02025\u00a0\u00bb, ce qui \u00ab\u00a0r\u00e9duit son exposition \u00e0 la taxe\u00a0\u00bb, selon Joko.<\/p>\n","protected":false},"excerpt":{"rendered":"L\u2019Union europ\u00e9enne remporte une bataille dans la guerre r\u00e9glementaire men\u00e9e contre Shein, Temu, AliExpress et consorts. L\u2019importation de&hellip;\n","protected":false},"author":2,"featured_media":230420,"comment_status":"","ping_status":"","sticky":false,"template":"","format":"standard","meta":{"footnotes":"","_share_on_mastodon":"0"},"categories":[35],"tags":[449,12,13,18,17,38,5047,37,36,24773,55511,7268,476,15138,55510],"class_list":["post-230419","post","type-post","status-publish","format-standard","has-post-thumbnail","category-economie","tag-actualite","tag-be","tag-be-fr","tag-belgique","tag-belgium","tag-business","tag-conso","tag-economie","tag-economy","tag-fast-fashion","tag-shein","tag-shopping","tag-societe","tag-taxe","tag-temu"],"share_on_mastodon":{"url":"https:\/\/pubeurope.com\/@be_fr\/117177122281135941","error":""},"_links":{"self":[{"href":"https:\/\/www.europesays.com\/be-fr\/wp-json\/wp\/v2\/posts\/230419","targetHints":{"allow":["GET"]}}],"collection":[{"href":"https:\/\/www.europesays.com\/be-fr\/wp-json\/wp\/v2\/posts"}],"about":[{"href":"https:\/\/www.europesays.com\/be-fr\/wp-json\/wp\/v2\/types\/post"}],"author":[{"embeddable":true,"href":"https:\/\/www.europesays.com\/be-fr\/wp-json\/wp\/v2\/users\/2"}],"replies":[{"embeddable":true,"href":"https:\/\/www.europesays.com\/be-fr\/wp-json\/wp\/v2\/comments?post=230419"}],"version-history":[{"count":0,"href":"https:\/\/www.europesays.com\/be-fr\/wp-json\/wp\/v2\/posts\/230419\/revisions"}],"wp:featuredmedia":[{"embeddable":true,"href":"https:\/\/www.europesays.com\/be-fr\/wp-json\/wp\/v2\/media\/230420"}],"wp:attachment":[{"href":"https:\/\/www.europesays.com\/be-fr\/wp-json\/wp\/v2\/media?parent=230419"}],"wp:term":[{"taxonomy":"category","embeddable":true,"href":"https:\/\/www.europesays.com\/be-fr\/wp-json\/wp\/v2\/categories?post=230419"},{"taxonomy":"post_tag","embeddable":true,"href":"https:\/\/www.europesays.com\/be-fr\/wp-json\/wp\/v2\/tags?post=230419"}],"curies":[{"name":"wp","href":"https:\/\/api.w.org\/{rel}","templated":true}]}}