{"id":230469,"date":"2026-08-29T05:50:16","date_gmt":"2026-08-29T05:50:16","guid":{"rendered":"https:\/\/www.europesays.com\/be-fr\/230469\/"},"modified":"2026-08-29T05:50:16","modified_gmt":"2026-08-29T05:50:16","slug":"des-passagers-dun-train-bloques-plusieurs-heures-a-la-frontiere-francaise-la-sncb-deplore-la-situation","status":"publish","type":"post","link":"https:\/\/www.europesays.com\/be-fr\/230469\/","title":{"rendered":"Des passagers d&rsquo;un train bloqu\u00e9s plusieurs heures \u00e0 la fronti\u00e8re fran\u00e7aise, la SNCB d\u00e9plore la situation"},"content":{"rendered":"<p class=\"ap-StoryElement ap-StoryElement--mb ap-StoryText\">Un train de la SNCB avec environ 150 voyageurs \u00e0 bord est actuellement bloqu\u00e9 de l&rsquo;autre c\u00f4t\u00e9 de la fronti\u00e8re fran\u00e7aise, pr\u00e8s de Mouscron, signale la compagnie ferroviaire vendredi. Entretemps, elle a envoy\u00e9 un autre train pour ramener les passagers en Belgique.<\/p>\n<p class=\"ap-StoryElement ap-StoryElement--mb ap-StoryText\">Le train, qui effectuait la liaison entre les gares de Mouscron et de Lille Flandres en France, est tomb\u00e9 en panne \u00e0 hauteur de Tourcoing, juste avant la fronti\u00e8re belge, vers 10h30. Un probl\u00e8me technique touche la locomotive.<\/p>\n","protected":false},"excerpt":{"rendered":"Un train de la SNCB avec environ 150 voyageurs \u00e0 bord est actuellement bloqu\u00e9 de l&rsquo;autre c\u00f4t\u00e9 de&hellip;\n","protected":false},"author":2,"featured_media":230470,"comment_status":"","ping_status":"","sticky":false,"template":"","format":"standard","meta":{"footnotes":"","_share_on_mastodon":"0"},"categories":[2],"tags":[12,13,18,17,5664,235],"class_list":["post-230469","post","type-post","status-publish","format-standard","has-post-thumbnail","category-belgique","tag-be","tag-be-fr","tag-belgique","tag-belgium","tag-ferroviaire","tag-mobilite"],"share_on_mastodon":{"url":"https:\/\/pubeurope.com\/@be_fr\/117177236148977788","error":""},"_links":{"self":[{"href":"https:\/\/www.europesays.com\/be-fr\/wp-json\/wp\/v2\/posts\/230469","targetHints":{"allow":["GET"]}}],"collection":[{"href":"https:\/\/www.europesays.com\/be-fr\/wp-json\/wp\/v2\/posts"}],"about":[{"href":"https:\/\/www.europesays.com\/be-fr\/wp-json\/wp\/v2\/types\/post"}],"author":[{"embeddable":true,"href":"https:\/\/www.europesays.com\/be-fr\/wp-json\/wp\/v2\/users\/2"}],"replies":[{"embeddable":true,"href":"https:\/\/www.europesays.com\/be-fr\/wp-json\/wp\/v2\/comments?post=230469"}],"version-history":[{"count":0,"href":"https:\/\/www.europesays.com\/be-fr\/wp-json\/wp\/v2\/posts\/230469\/revisions"}],"wp:featuredmedia":[{"embeddable":true,"href":"https:\/\/www.europesays.com\/be-fr\/wp-json\/wp\/v2\/media\/230470"}],"wp:attachment":[{"href":"https:\/\/www.europesays.com\/be-fr\/wp-json\/wp\/v2\/media?parent=230469"}],"wp:term":[{"taxonomy":"category","embeddable":true,"href":"https:\/\/www.europesays.com\/be-fr\/wp-json\/wp\/v2\/categories?post=230469"},{"taxonomy":"post_tag","embeddable":true,"href":"https:\/\/www.europesays.com\/be-fr\/wp-json\/wp\/v2\/tags?post=230469"}],"curies":[{"name":"wp","href":"https:\/\/api.w.org\/{rel}","templated":true}]}}