{"id":230594,"date":"2026-08-29T07:20:42","date_gmt":"2026-08-29T07:20:42","guid":{"rendered":"https:\/\/www.europesays.com\/be-fr\/230594\/"},"modified":"2026-08-29T07:20:42","modified_gmt":"2026-08-29T07:20:42","slug":"un-beau-papa-bien-trop-scandaleux-pourquoi-mette-marit-de-norvege-netait-elle-pas-au-bras-de-son-pere-pour-son-mariage","status":"publish","type":"post","link":"https:\/\/www.europesays.com\/be-fr\/230594\/","title":{"rendered":"Un beau-papa bien trop scandaleux&#8230; Pourquoi Mette-Marit de Norv\u00e8ge n&rsquo;\u00e9tait-elle pas au bras de son p\u00e8re pour son mariage ?"},"content":{"rendered":"<p class=\"ap-StoryElement ap-StoryElement--mb ap-StoryText\">Sven O. H\u00f8iby \u00e9tait pourtant pr\u00e9sent mais install\u00e9 aux c\u00f4t\u00e9s du couple royal et de son ex-femme, Marit Tjessem. Pour obtenir son invitation au mariage, l&rsquo;ancien publicitaire a d\u00fb promettre \u00e0 sa fille qu&rsquo;il ne consommerait pas d&rsquo;alcool au cours de la soir\u00e9e. La jeune mari\u00e9e est alors inqui\u00e8te des potentiels agissements de son p\u00e8re, devenu une personnalit\u00e9 publique au moment de l&rsquo;annonce des fian\u00e7ailles royales de sa fille.<\/p>\n<p><a href=\"https:\/\/www.parismatch.be\/actualites\/people\/2026\/08\/19\/la-princesse-mette-marit-fete-son-anniversaire-une-photo-de-famille-inedite-devoilee-au-lendemain-dune-visite-a-lhopital-GORX4KKALNGDNIXPM6HVQS4EDU\/\" target=\"_self\" class=\"ap-StoryInterstitialLink ap-StoryElement ap-StoryElement--mb\" rel=\"nofollow noopener\">La princesse Mette-Marit f\u00eate son anniversaire : une photo de famille in\u00e9dite d\u00e9voil\u00e9e au lendemain d&rsquo;une visite \u00e0 l&rsquo;h\u00f4pital<\/a><\/p>\n<p class=\"ap-StoryElement ap-StoryElement--mb ap-StoryText\">Capable de d\u00e9clarer \u00e0 la presse \u00ab\u00a0je me noie dans l&rsquo;alcool et les femmes\u00a0\u00bb, Sven O. H\u00f8iby deviendra un client r\u00e9gulier de Se og H\u00f8r, le principal tablo\u00efd du pays. Le journal n&rsquo;aura de cesse de lui acheter des photos priv\u00e9es ainsi que des confidences sur l&rsquo;enfance de sa fille. Un ancien salari\u00e9 du m\u00e9dia r\u00e9v\u00e8lera que le p\u00e8re de la princesse pouvait toucher jusqu&rsquo;\u00e0 400 000 couronnes par an (environ 60 000 euros) de la part de la publication. Ses factures \u00e9taient \u00e9galement prises en charge et un t\u00e9l\u00e9phone portable lui avait \u00e9t\u00e9 offert en remerciement de ses services.<\/p>\n<p>Mariage avec une strip teaseuse et danse avec une reine<\/p>\n<p class=\"ap-StoryElement ap-StoryElement--mb ap-StoryText\">\u00ab\u00a0Je suis plus ou moins salari\u00e9\u00a0\u00bb, reconna\u00eetra Sven O. H\u00f8iby dans une interview donn\u00e9e \u00e0 TV2, en 2002. \u00c0 l&rsquo;\u00e9poque, l&rsquo;homme avait annonc\u00e9 qu&rsquo;il s&rsquo;appr\u00eatait \u00e0 \u00e9crire un livre sur son petit-fils, Marius Borg H\u00f8iby. Un ouvrage qui ne verra finalement jamais le jour. La vie de Sven O. H\u00f8iby sera en revanche le sujet d&rsquo;un film de fiction, En helt vanlig dag p\u00e5 jobben, Une journ\u00e9e tr\u00e8s ordinaire, inspir\u00e9 de ses relations avec Se og H\u00f8r.<\/p>\n<p><a href=\"https:\/\/www.parismatch.be\/actualites\/people\/2026\/08\/07\/la-princesse-ingrid-inquiete-pour-la-sante-de-sa-mere-mette-marit-prend-une-decision-radicale-elle-ne-reprendra-pas-ses-etudes-en-australie-GQHO7QZ74RDRVAVKKPNRQ5USGI\/\" target=\"_self\" class=\"ap-StoryInterstitialLink ap-StoryElement ap-StoryElement--mb\" rel=\"nofollow noopener\">La princesse Ingrid, inqui\u00e8te pour la sant\u00e9 de sa m\u00e8re Mette-Marit, prend une d\u00e9cision radicale : elle ne reprendra pas ses \u00e9tudes en Australie<\/a><\/p>\n<p class=\"ap-StoryElement ap-StoryElement--mb ap-StoryText\">La collaboration entre le p\u00e8re de la princesse et le tablo\u00efd ne s&rsquo;arr\u00eatera pas \u00e0 la vente d&rsquo;information. En 2005, Se og H\u00f8r ira jusqu&rsquo;\u00e0 financer son remariage. \u00c0 68 ans, Sven O. H\u00f8iby s&rsquo;est remari\u00e9 avec Renate Barsg\u00e5rd, une strip-teaseuse de 34 ans rencontr\u00e9e en club. Le couple divorcera trois mois plus tard, \u00e9voquant des modes de vie trop diff\u00e9rents.<\/p>\n<p class=\"ap-StoryElement ap-StoryElement--mb ap-StoryText\">Si ces d\u00e9cisions ont in\u00e9vitablement mis de la distance entre <a href=\"https:\/\/www.parismatch.be\/actualites\/people\/2026\/07\/30\/haakon-et-mette-marit-de-norvege-vont-avoir-de-nouveaux-voisins-des-maisons-du-domaine-situees-a-quelques-pas-de-celle-de-marius-borg-louees-J7AJQJZEFZEGTB3UZBZVD77QNM\/\" target=\"_self\" rel=\"nofollow noopener\">Mette-Marit<\/a> et son p\u00e8re, la princesse \u00e9tait cependant pr\u00e9sente au moment du d\u00e9c\u00e8s de ce dernier, survenu le 21 mars 2007. \u00c0 70 ans, Sven O. H\u00f8iby est mort d&rsquo;un cancer des poumons, emportant avec lui le souvenir de ce 25 ao\u00fbt o\u00f9 il avait fait valser la reine Sonja dans la salle de bal du palais royal.<\/p>\n","protected":false},"excerpt":{"rendered":"Sven O. H\u00f8iby \u00e9tait pourtant pr\u00e9sent mais install\u00e9 aux c\u00f4t\u00e9s du couple royal et de son ex-femme, Marit&hellip;\n","protected":false},"author":2,"featured_media":230595,"comment_status":"","ping_status":"","sticky":false,"template":"","format":"standard","meta":{"footnotes":"","_share_on_mastodon":"0"},"categories":[83],"tags":[12,13,18,17,96,95,25100,11936,8179,1606,70559],"class_list":["post-230594","post","type-post","status-publish","format-standard","has-post-thumbnail","category-divertissement","tag-be","tag-be-fr","tag-belgique","tag-belgium","tag-divertissement","tag-entertainment","tag-haakon","tag-mette-marit","tag-norvege","tag-pere","tag-sven-o-hoiby"],"share_on_mastodon":{"url":"https:\/\/pubeurope.com\/@be_fr\/117177590204429572","error":""},"_links":{"self":[{"href":"https:\/\/www.europesays.com\/be-fr\/wp-json\/wp\/v2\/posts\/230594","targetHints":{"allow":["GET"]}}],"collection":[{"href":"https:\/\/www.europesays.com\/be-fr\/wp-json\/wp\/v2\/posts"}],"about":[{"href":"https:\/\/www.europesays.com\/be-fr\/wp-json\/wp\/v2\/types\/post"}],"author":[{"embeddable":true,"href":"https:\/\/www.europesays.com\/be-fr\/wp-json\/wp\/v2\/users\/2"}],"replies":[{"embeddable":true,"href":"https:\/\/www.europesays.com\/be-fr\/wp-json\/wp\/v2\/comments?post=230594"}],"version-history":[{"count":0,"href":"https:\/\/www.europesays.com\/be-fr\/wp-json\/wp\/v2\/posts\/230594\/revisions"}],"wp:featuredmedia":[{"embeddable":true,"href":"https:\/\/www.europesays.com\/be-fr\/wp-json\/wp\/v2\/media\/230595"}],"wp:attachment":[{"href":"https:\/\/www.europesays.com\/be-fr\/wp-json\/wp\/v2\/media?parent=230594"}],"wp:term":[{"taxonomy":"category","embeddable":true,"href":"https:\/\/www.europesays.com\/be-fr\/wp-json\/wp\/v2\/categories?post=230594"},{"taxonomy":"post_tag","embeddable":true,"href":"https:\/\/www.europesays.com\/be-fr\/wp-json\/wp\/v2\/tags?post=230594"}],"curies":[{"name":"wp","href":"https:\/\/api.w.org\/{rel}","templated":true}]}}