{"id":230688,"date":"2026-08-29T08:39:15","date_gmt":"2026-08-29T08:39:15","guid":{"rendered":"https:\/\/www.europesays.com\/be-fr\/230688\/"},"modified":"2026-08-29T08:39:15","modified_gmt":"2026-08-29T08:39:15","slug":"arachnophobie-claustrophobie-agoraphobie-ce-specialiste-utilise-une-therapie-tout-a-fait-novatrice-pour-les-vaincre","status":"publish","type":"post","link":"https:\/\/www.europesays.com\/be-fr\/230688\/","title":{"rendered":"Arachnophobie, claustrophobie, agoraphobie\u2026 Ce sp\u00e9cialiste utilise \u00ab\u00a0une th\u00e9rapie tout \u00e0 fait novatrice\u00a0\u00bb pour les vaincre"},"content":{"rendered":"<p><a href=\"https:\/\/www.parismatch.be\/lifestyle\/psychosexo\/2025\/05\/10\/peut-on-vraiment-soigner-une-phobie-il-y-a-de-tres-bonnes-chances-de-bien-ameliorer-la-situation-voire-de-guerir-completement-6OPZFZNMGVHQ7INUTDGUFOOHGI\/\" target=\"_self\" class=\"ap-StoryInterstitialLink ap-StoryElement ap-StoryElement--mb js-paywall-target\" rel=\"nofollow noopener\">Peut-on vraiment soigner une phobie ? \u00ab\u00a0Il y a de tr\u00e8s bonnes chances de bien am\u00e9liorer la situation, voire de gu\u00e9rir compl\u00e8tement\u00a0\u00bb<\/a><\/p>\n<p class=\"ap-StoryElement ap-StoryElement--mb ap-StoryText\">\u00ab\u00a0La phobie est une peur disproportionn\u00e9e face \u00e0 un objet ou \u00e0 une situation relativement pr\u00e9cise\u00a0\u00bb, explique Gautier Delvaux, psychologue clinicien. \u00ab\u00a0La phobie vient alt\u00e9rer la normalit\u00e9 d&rsquo;une personne dans son quotidien et son environnement. Elle provoque une intensit\u00e9 de r\u00e9action tr\u00e8s importante et tr\u00e8s vive, et un retentissement sur la vie de l&rsquo;individu\u00a0\u00bb, poursuit le sp\u00e9cialiste.<\/p>\n<p class=\"ap-StoryElement ap-StoryElement--mb ap-StoryText\">La phobie entra\u00eene un d\u00e9r\u00e8glement du m\u00e9canisme de peur, qui devient alors disproportionn\u00e9, persistant et difficile \u00e0 contr\u00f4ler.<\/p>\n<p>Des facteurs multiples<\/p>\n<p class=\"ap-StoryElement ap-StoryElement--mb ap-StoryText\">De nombreuses phobies existent, et recouvrent tous types d&rsquo;\u00e9l\u00e9ments. La vue du sang, la peur de vomir, des araign\u00e9es, de l&rsquo;avion, des aiguilles, les hauteurs, les espaces clos ou bond\u00e9s font partie des plus habituelles. \u00ab\u00a0D\u00e8s que l&rsquo;on touche \u00e0 une ville assez dense, des phobies peuvent davantage s&rsquo;imposer. Chaque lieu a probablement sa &lsquo;sp\u00e9cialit\u00e9&rsquo; en termes de phobie\u00a0\u00bb, avance l&rsquo;expert.<\/p>\n<p><a href=\"https:\/\/www.parismatch.be\/lifestyle\/psychosexo\/2021\/12\/07\/5-phobies-etranges-qui-peuvent-surprendre-LGAIIMVTANDLNCC4TMHN7EA7LQ\/\" target=\"_self\" class=\"ap-StoryInterstitialLink ap-StoryElement ap-StoryElement--mb\" rel=\"nofollow noopener\">5 phobies \u00e9tranges qui peuvent surprendre<\/a><\/p>\n<p class=\"ap-StoryElement ap-StoryElement--mb ap-StoryText\">Les origines des phobies peuvent toutefois \u00eatre multiples. Si l&rsquo;environnement joue un r\u00f4le, Gautier Delvaux souligne que les raisons restent multifactorielles. \u00ab\u00a0C&rsquo;est toujours \u00e0 l&#8217;embouchure entre de la biologie et de l&rsquo;environnement, entre de l&rsquo;inn\u00e9 et de l&rsquo;acquis. Les origines se combinent souvent. Il y a donc une part biologique et une certaine vuln\u00e9rabilit\u00e9 g\u00e9n\u00e9tique, ainsi qu&rsquo;une certaine sensibilit\u00e9 au niveau du cerveau, dans les r\u00e9gions des amygdales c\u00e9r\u00e9brales (le centre de la peur)\u00a0\u00bb, ajoute le psychologue pratiquant \u00e0 Bruxelles.<\/p>\n<p class=\"ap-StoryElement ap-StoryElement--mb ap-StoryText\">Il se peut \u00e9galement qu&rsquo;une exp\u00e9rience tr\u00e8s marquante, dont s&rsquo;ensuit instantan\u00e9ment un choc \u00e9motionnel, va cr\u00e9er des associations \u00ab\u00a0assez solides, assez durables entre l&rsquo;objet de la peur et donc le danger\u00a0\u00bb. Les personnes phobiques vont retenir qu&rsquo;une telle situation ou qu&rsquo;un tel objet est consid\u00e9r\u00e9 comme dangereux pour soi, suite \u00e0 un potentiel choc \u00e9motionnel sous stress.<\/p>\n<p>Un enfant et un adulte peuvent d\u00e9velopper une phobie<\/p>\n<p class=\"ap-StoryElement ap-StoryElement--mb ap-StoryText\">C&rsquo;est pourquoi une phobie peut \u00e9galement se d\u00e9velopper autant \u00e0 l&rsquo;\u00e2ge adulte qu&rsquo;\u00e0 un bas \u00e2ge. \u00ab\u00a0Au plus jeune \u00e2ge, cela peut \u00eatre d&rsquo;origine traumatique, un choc \u00e9motionnel, li\u00e9 \u00e0 un \u00e9v\u00e9nement tout \u00e0 fait unique ou r\u00e9sulter de multiples facteurs. Cela peut aussi provenir d&rsquo;un apprentissage de l&rsquo;entourage familial, des amis ou des propos entendus\u00a0\u00bb, poursuit Gautier Delvaux. Mais \u00e0 l&rsquo;\u00e2ge adulte, cela peut provenir d&rsquo;un traumatisme comme une agression, une angoisse importante ou un trouble de panique.<\/p>\n<p class=\"ap-StoryElement ap-StoryElement--mb ap-StoryText\">Une phobie s&rsquo;entretient aussi presque au quotidien. \u00ab\u00a0Elle d\u00e9coule d&rsquo;une croyance n\u00e9gative\u00a0\u00bb. \u00ab\u00a0Certaines personnes pensent fonci\u00e8rement qu&rsquo;elles peuvent mourir si elles s&rsquo;approchent d&rsquo;un objet, s&rsquo;\u00e9touffer ou se retrouver donc en danger. C&rsquo;est un emballement physiologique de stress, de peur, avec un aspect comportemental qui est donc la fuite\u00a0\u00bb, affirme l&rsquo;expert en traitement d&rsquo;\u00e9v\u00e8nements difficiles.<\/p>\n<p><a href=\"https:\/\/www.parismatch.be\/actualites\/people\/2026\/03\/25\/deces-disabelle-mergault-cette-etrange-phobie-qui-la-privee-de-nombreuses-experiences-GZJ7GDX2PFFZ3GYS7KJWVUP5SM\/\" target=\"_self\" class=\"ap-StoryInterstitialLink ap-StoryElement ap-StoryElement--mb\" rel=\"nofollow noopener\">D\u00e9c\u00e8s d&rsquo;Isabelle Mergault : cette \u00e9trange phobie qui l&rsquo;a priv\u00e9e de nombreuses exp\u00e9riences<\/a><\/p>\n<p class=\"ap-StoryElement ap-StoryElement--mb ap-StoryText\">Mais d\u00e8s que la r\u00e9ponse face \u00e0 une crainte profonde est la fuite, ce comportement engendre davantage un resserrement et une validation des croyances n\u00e9gatives.<\/p>\n<p>Plusieurs outils pour vaincre une phobie<\/p>\n<p class=\"ap-StoryElement ap-StoryElement--mb ap-StoryText\">Malgr\u00e9 ces diff\u00e9rents aspects, il est possible de d\u00e9passer une phobie \u00e0 travers plusieurs m\u00e9thodes. Selon Gautier Delvaux, tout d\u00e9pend d&rsquo;abord de l&rsquo;origine de la phobie, car elle d\u00e9termine l&rsquo;approche th\u00e9rapeutique \u00e0 adopter.<\/p>\n<p class=\"ap-StoryElement ap-StoryElement--mb ap-StoryText\">Il insiste sur la n\u00e9cessit\u00e9 de distinguer un v\u00e9ritable traumatisme d&rsquo;un simple \u00e9pisode difficile. \u00ab\u00a0Un traumatisme, ce n&rsquo;est pas une rupture amoureuse, ni une simple crise d&rsquo;angoisse dans le m\u00e9tro, mais bien un incident critique o\u00f9 l&rsquo;int\u00e9grit\u00e9 physique ou psychologique de la personne a \u00e9t\u00e9 gravement mise \u00e0 mal\u00a0\u00bb, pr\u00e9cise le praticien.<\/p>\n<p class=\"ap-StoryElement ap-StoryElement--mb ap-StoryText\">Une fois cette distinction pos\u00e9e, plusieurs pistes th\u00e9rapeutiques s&rsquo;offrent aux patients. Certains auront recours \u00e0 de l&rsquo;hypnose et d&rsquo;autres \u00e0 des th\u00e9rapies cognitivo-comportementale (des outils pour modifier les pens\u00e9es n\u00e9gatives et les comportements inadapt\u00e9s) qui ont une approche assez cibl\u00e9e.<\/p>\n<p class=\"ap-StoryElement ap-StoryElement--mb ap-StoryText\">Le EMDR (Eye Movement Desensitization &amp; Reprocessing, en anglais) est \u00e9galement utilis\u00e9. Il consiste en un retraitement par des mouvements oculaires et donc \u00e0 faire revivre au patient victime d&rsquo;un \u00e9v\u00e8nement traumatique la sc\u00e8ne terrible qui est \u00e0 l&rsquo;origine de sa souffrance, en lui faisant faire des mouvements oculaires provoquant une diminution progressive du stress.<\/p>\n<p class=\"ap-StoryElement ap-StoryElement--mb ap-StoryText\">\u00ab\u00a0Je pratique \u00e9galement la r\u00e9alit\u00e9 augment\u00e9e, une th\u00e9rapie tout \u00e0 fait novatrice\u00a0\u00bb, propose Gautier Delvaux. \u00ab\u00a0Actuellement, je suis l&rsquo;un des seuls qui propose cette m\u00e9thode dans le cadre lib\u00e9ral\u00a0\u00bb, pr\u00e9cise-t-il. Cette derni\u00e8re permet une exposition progressive et contr\u00f4l\u00e9e \u00e0 l&rsquo;objet de la phobie, via \u00ab\u00a0un casque de r\u00e9alit\u00e9 augment\u00e9e avec un logiciel sp\u00e9cifique pour les troubles anxieux\u00a0\u00bb. L&rsquo;expert souligne \u00e9galement l&rsquo;importance de la progressivit\u00e9 dans ce processus. \u00ab\u00a0Les \u00e9tudes d\u00e9montrent qu&rsquo;\u00e0 partir de 20 minutes d&rsquo;exposition, il y a une diminution de l&rsquo;activation des amygdales c\u00e9r\u00e9brales\u00a0\u00bb. Il pr\u00e9vient toutefois qu&rsquo;une exposition trop brutale \u00ab\u00a0pourrait peut-\u00eatre m\u00eame cr\u00e9er un traumatisme\u00a0\u00bb.<\/p>\n","protected":false},"excerpt":{"rendered":"Peut-on vraiment soigner une phobie ? \u00ab\u00a0Il y a de tr\u00e8s bonnes chances de bien am\u00e9liorer la situation,&hellip;\n","protected":false},"author":2,"featured_media":230689,"comment_status":"","ping_status":"","sticky":false,"template":"","format":"standard","meta":{"footnotes":"","_share_on_mastodon":"0"},"categories":[82],"tags":[12,13,18,17,86,3182,48245,36125,87,3828,36581],"class_list":["post-230688","post","type-post","status-publish","format-standard","has-post-thumbnail","category-sante","tag-be","tag-be-fr","tag-belgique","tag-belgium","tag-health","tag-peur","tag-phobies","tag-psychologue","tag-sante","tag-therapie","tag-vaincre"],"share_on_mastodon":{"url":"https:\/\/pubeurope.com\/@be_fr\/117177900600382960","error":""},"_links":{"self":[{"href":"https:\/\/www.europesays.com\/be-fr\/wp-json\/wp\/v2\/posts\/230688","targetHints":{"allow":["GET"]}}],"collection":[{"href":"https:\/\/www.europesays.com\/be-fr\/wp-json\/wp\/v2\/posts"}],"about":[{"href":"https:\/\/www.europesays.com\/be-fr\/wp-json\/wp\/v2\/types\/post"}],"author":[{"embeddable":true,"href":"https:\/\/www.europesays.com\/be-fr\/wp-json\/wp\/v2\/users\/2"}],"replies":[{"embeddable":true,"href":"https:\/\/www.europesays.com\/be-fr\/wp-json\/wp\/v2\/comments?post=230688"}],"version-history":[{"count":0,"href":"https:\/\/www.europesays.com\/be-fr\/wp-json\/wp\/v2\/posts\/230688\/revisions"}],"wp:featuredmedia":[{"embeddable":true,"href":"https:\/\/www.europesays.com\/be-fr\/wp-json\/wp\/v2\/media\/230689"}],"wp:attachment":[{"href":"https:\/\/www.europesays.com\/be-fr\/wp-json\/wp\/v2\/media?parent=230688"}],"wp:term":[{"taxonomy":"category","embeddable":true,"href":"https:\/\/www.europesays.com\/be-fr\/wp-json\/wp\/v2\/categories?post=230688"},{"taxonomy":"post_tag","embeddable":true,"href":"https:\/\/www.europesays.com\/be-fr\/wp-json\/wp\/v2\/tags?post=230688"}],"curies":[{"name":"wp","href":"https:\/\/api.w.org\/{rel}","templated":true}]}}