{"id":230694,"date":"2026-08-29T08:43:19","date_gmt":"2026-08-29T08:43:19","guid":{"rendered":"https:\/\/www.europesays.com\/be-fr\/230694\/"},"modified":"2026-08-29T08:43:19","modified_gmt":"2026-08-29T08:43:19","slug":"a-partir-du-1er-septembre-le-casque-sera-obligatoire-sur-les-trottinettes-electriques-roulant-a-plus-de-20-km-h","status":"publish","type":"post","link":"https:\/\/www.europesays.com\/be-fr\/230694\/","title":{"rendered":"\u00c0 partir du 1er septembre, le casque sera obligatoire sur les trottinettes \u00e9lectriques roulant \u00e0 plus de 20 km\/h"},"content":{"rendered":"<p class=\"ap-StoryElement ap-StoryElement--mb ap-StoryText\">Le casque sera obligatoire pour les conducteurs de trottinettes \u00e9lectriques d\u00e8s le 1er septembre, a communiqu\u00e9 le SPF Mobilit\u00e9 vendredi. Les engins dont la vitesse ne peut pas d\u00e9passer les 20 km\/h ne sont toutefois pas concern\u00e9s par cette obligation.<\/p>\n<p class=\"ap-StoryElement ap-StoryElement--mb ap-StoryText\">Les trottinettes en libre service \u00e9tant par d\u00e9faut brid\u00e9es \u00e0 cette vitesse, leurs utilisateurs sont exempt\u00e9s de cette obligation.<\/p>\n<p class=\"ap-StoryElement ap-StoryElement--mb ap-StoryText\">Pour le reste, les conducteurs pourront, au choix, utiliser un casque de cyclomoteur ou un casque de v\u00e9lo prot\u00e9geant les tempes et l&rsquo;arri\u00e8re de la t\u00eate.<\/p>\n","protected":false},"excerpt":{"rendered":"Le casque sera obligatoire pour les conducteurs de trottinettes \u00e9lectriques d\u00e8s le 1er septembre, a communiqu\u00e9 le SPF&hellip;\n","protected":false},"author":2,"featured_media":230695,"comment_status":"","ping_status":"","sticky":false,"template":"","format":"standard","meta":{"footnotes":"","_share_on_mastodon":"0"},"categories":[9],"tags":[12,13,18,17,4438,2451,31,235,32],"class_list":["post-230694","post","type-post","status-publish","format-standard","has-post-thumbnail","category-international","tag-be","tag-be-fr","tag-belgique","tag-belgium","tag-circulation","tag-gvtfed","tag-international","tag-mobilite","tag-world-news"],"share_on_mastodon":{"url":"https:\/\/pubeurope.com\/@be_fr\/117177916233717381","error":""},"_links":{"self":[{"href":"https:\/\/www.europesays.com\/be-fr\/wp-json\/wp\/v2\/posts\/230694","targetHints":{"allow":["GET"]}}],"collection":[{"href":"https:\/\/www.europesays.com\/be-fr\/wp-json\/wp\/v2\/posts"}],"about":[{"href":"https:\/\/www.europesays.com\/be-fr\/wp-json\/wp\/v2\/types\/post"}],"author":[{"embeddable":true,"href":"https:\/\/www.europesays.com\/be-fr\/wp-json\/wp\/v2\/users\/2"}],"replies":[{"embeddable":true,"href":"https:\/\/www.europesays.com\/be-fr\/wp-json\/wp\/v2\/comments?post=230694"}],"version-history":[{"count":0,"href":"https:\/\/www.europesays.com\/be-fr\/wp-json\/wp\/v2\/posts\/230694\/revisions"}],"wp:featuredmedia":[{"embeddable":true,"href":"https:\/\/www.europesays.com\/be-fr\/wp-json\/wp\/v2\/media\/230695"}],"wp:attachment":[{"href":"https:\/\/www.europesays.com\/be-fr\/wp-json\/wp\/v2\/media?parent=230694"}],"wp:term":[{"taxonomy":"category","embeddable":true,"href":"https:\/\/www.europesays.com\/be-fr\/wp-json\/wp\/v2\/categories?post=230694"},{"taxonomy":"post_tag","embeddable":true,"href":"https:\/\/www.europesays.com\/be-fr\/wp-json\/wp\/v2\/tags?post=230694"}],"curies":[{"name":"wp","href":"https:\/\/api.w.org\/{rel}","templated":true}]}}