{"id":230737,"date":"2026-08-29T09:19:09","date_gmt":"2026-08-29T09:19:09","guid":{"rendered":"https:\/\/www.europesays.com\/be-fr\/230737\/"},"modified":"2026-08-29T09:19:09","modified_gmt":"2026-08-29T09:19:09","slug":"comment-eviter-la-proliferation-du-moustique-tigre-en-sarthe-cette-experte-rappelle-les-gestes-a-adopter","status":"publish","type":"post","link":"https:\/\/www.europesays.com\/be-fr\/230737\/","title":{"rendered":"Comment \u00e9viter la prolif\u00e9ration du moustique tigre en Sarthe\u00a0? Cette experte rappelle les gestes \u00e0 adopter"},"content":{"rendered":"<p data-ofstats-scroll=\"read_depth_20\">Ce jeudi, le march\u00e9 de La Suze-sur-Sarthe s\u2019est transform\u00e9 en point d\u2019information. Entre les \u00e9tals, Nolwenn Chollet, du Centre permanent d\u2019initiatives pour l\u2019environnement\u00a0(CPIE) Sarthe, implant\u00e9 \u00e0 La Fl\u00e8che, et Emmanuel Jacquin, salari\u00e9 de la commune ont rappel\u00e9 \u00e0 la population les gestes simples \u00e0 mettre en place face \u00e0 la pr\u00e9sence du moustique tigre.<\/p>\n<p>+ LIRE AUSSI <a href=\"https:\/\/sante.ouest-france.fr\/moustique\/moustiques-tigres-leau-stagnante-des-chantiers-favorise-leur-proliferation-lars-alerte-la-ville-du-mans-d65bc528-5f60-11f1-9999-e3952a64b830\" target=\"_blank\" rel=\"nofollow noopener\">Moustiques tigres\u00a0: l\u2019eau stagnante des chantiers favorise leur prolif\u00e9ration, l\u2019ARS alerte la ville du Mans<\/a><\/p>\n<p>        Un peu d\u2019eau suffit<\/p>\n<p data-ofstats-scroll=\"read_depth_50\">Le message est clair\u00a0: pas besoin d\u2019une mare pour offrir un lieu de reproduction \u00e0 cet insecte. Coupelles de fleurs, bo\u00eetes oubli\u00e9es, petits contenants ou recoins o\u00f9 l\u2019eau demeure doivent \u00eatre vid\u00e9s au moins une fois par semaine. Les r\u00e9cup\u00e9rateurs d\u2019eau et bidons doivent, eux, \u00eatre couverts herm\u00e9tiquement, avec une moustiquaire. Il faut surtout v\u00e9rifier qu\u2019il n\u2019y a pas d\u2019eau stagnante, rappelle Nolwenn Chollet.<\/p>\n<p data-ofstats-scroll=\"read_depth_60\">Le moustique tigre se d\u00e9place dans un rayon d\u2019environ 150\u00a0m\u00e8tres. La femelle peut pondre jusqu\u2019\u00e0 200\u00a0\u0153ufs \u00e0 la fois, et il suffit d\u2019environ une semaine pour voir appara\u00eetre des moustiques adultes.<\/p>\n<p>+ LIRE AUSSI <a href=\"https:\/\/www.ouest-france.fr\/jardin\/des-chaines-de-pluie-en-cuivre-qui-repoussent-les-moustiques-b3968966-875f-11f1-abec-0816624751ff\" target=\"_blank\" rel=\"nofollow noopener\">Des cha\u00eenes de pluie en cuivre qui repoussent les moustiques\u00a0?<\/a><\/p>\n<p data-ofstats-scroll=\"read_depth_80\">La canicule a r\u00e9duit encore les moustiques, sans emp\u00eacher les femelles de pondre. Avec le retour de la pluie, les larves pourraient donc rapidement se d\u00e9velopper. Dans cinq ou six jours, dans la semaine qui vient, on risque d\u2019en voir arriver, pr\u00e9vient l\u2019animatrice.<\/p>\n<p data-ofstats-scroll=\"read_depth_90\">Pour limiter les piq\u00fbres, Nolwenn Chollet conseille des v\u00eatements longs, amples et de couleur claire. \u00c0 la maison, les ventilateurs constituent aussi une solution simple. Les habitants peuvent enfin signaler la pr\u00e9sence d\u2019un moustique tigre sur Signalement-Moustique.<\/p>\n<p data-ofstats-scroll=\"read_depth_100\">L\u2019animation a \u00e9t\u00e9 organis\u00e9e avec la commune de La Suze-sur-Sarthe et l\u2019Agence r\u00e9gionale de sant\u00e9 des Pays de la Loire.<\/p>\n","protected":false},"excerpt":{"rendered":"Ce jeudi, le march\u00e9 de La Suze-sur-Sarthe s\u2019est transform\u00e9 en point d\u2019information. Entre les \u00e9tals, Nolwenn Chollet, du&hellip;\n","protected":false},"author":2,"featured_media":230738,"comment_status":"","ping_status":"","sticky":false,"template":"","format":"standard","meta":{"footnotes":"","_share_on_mastodon":"0"},"categories":[82],"tags":[12,13,18,17,86,42459,7349,87,1182],"class_list":["post-230737","post","type-post","status-publish","format-standard","has-post-thumbnail","category-sante","tag-be","tag-be-fr","tag-belgique","tag-belgium","tag-health","tag-la-suze-sur-sarthe","tag-moustique","tag-sante","tag-une"],"share_on_mastodon":{"url":"https:\/\/pubeurope.com\/@be_fr\/117178057566689934","error":""},"_links":{"self":[{"href":"https:\/\/www.europesays.com\/be-fr\/wp-json\/wp\/v2\/posts\/230737","targetHints":{"allow":["GET"]}}],"collection":[{"href":"https:\/\/www.europesays.com\/be-fr\/wp-json\/wp\/v2\/posts"}],"about":[{"href":"https:\/\/www.europesays.com\/be-fr\/wp-json\/wp\/v2\/types\/post"}],"author":[{"embeddable":true,"href":"https:\/\/www.europesays.com\/be-fr\/wp-json\/wp\/v2\/users\/2"}],"replies":[{"embeddable":true,"href":"https:\/\/www.europesays.com\/be-fr\/wp-json\/wp\/v2\/comments?post=230737"}],"version-history":[{"count":0,"href":"https:\/\/www.europesays.com\/be-fr\/wp-json\/wp\/v2\/posts\/230737\/revisions"}],"wp:featuredmedia":[{"embeddable":true,"href":"https:\/\/www.europesays.com\/be-fr\/wp-json\/wp\/v2\/media\/230738"}],"wp:attachment":[{"href":"https:\/\/www.europesays.com\/be-fr\/wp-json\/wp\/v2\/media?parent=230737"}],"wp:term":[{"taxonomy":"category","embeddable":true,"href":"https:\/\/www.europesays.com\/be-fr\/wp-json\/wp\/v2\/categories?post=230737"},{"taxonomy":"post_tag","embeddable":true,"href":"https:\/\/www.europesays.com\/be-fr\/wp-json\/wp\/v2\/tags?post=230737"}],"curies":[{"name":"wp","href":"https:\/\/api.w.org\/{rel}","templated":true}]}}