{"id":230753,"date":"2026-08-29T09:28:38","date_gmt":"2026-08-29T09:28:38","guid":{"rendered":"https:\/\/www.europesays.com\/be-fr\/230753\/"},"modified":"2026-08-29T09:28:38","modified_gmt":"2026-08-29T09:28:38","slug":"star-academy-quels-sont-les-professeurs-qui-restent-et-ceux-qui-partent","status":"publish","type":"post","link":"https:\/\/www.europesays.com\/be-fr\/230753\/","title":{"rendered":"Star Academy\u00a0: quels sont les professeurs qui restent\u00a0(et ceux qui partent) ?"},"content":{"rendered":"<p><img decoding=\"async\" class=\"\" style=\"width:100%\" src=\"https:\/\/www.europesays.com\/be-fr\/wp-content\/uploads\/2026\/08\/chateau_star_academy_dammarie_les_lys_Pontet_CC_BY_SA_4_01731942633376.jpg\" alt=\"Ch\u00e2teau de la Star Academy \u00e0 Dammarie-l\u00e8s-Lys\"\/><\/p>\n<p>Ch\u00e2teau de la Star Academy \u00e0 Dammarie-l\u00e8s-Lys<\/p>\n<p>Cr\u00e9dit : Pontet CC BY SA 4.0<\/p>\n<p style=\"margin-bottom: 0cm;\">\u00c0 quelques semaines du retour de la Star Academy sur TF1, l\u2019\u00e9quipe qui accompagnera la promotion 2026 commence \u00e0 se dessiner. Selon plusieurs informations parues cet \u00e9t\u00e9, Jonathan Jenvrin, professeur de danse, Sofia Morgavi, professeure de chant, et la r\u00e9p\u00e9titrice Fanny Delaigue devraient rester au ch\u00e2teau.<\/p>\n<p style=\"margin-bottom: 0cm;\">\u00a0<\/p>\n<p style=\"margin-bottom: 0cm;\">Le changement sera en revanche important \u00e0 la direction. Apr\u00e8s quatre saisons, Michael Goldman doit quitter la Star Academy, comme l\u2019a r\u00e9v\u00e9l\u00e9 Le Parisien. Marl\u00e8ne Schaff a aussi confirm\u00e9 son d\u00e9part afin de se consacrer \u00e0 ses autres projets. Les d\u00e9parts de Lucie Bernardoni, de Ladji Doucour\u00e9 et du professeur de th\u00e9\u00e2tre Papy (Alain Degois de son vrai nom), ne devraient pas \u00eatre l\u00e0 \u00e0 la prochaine saison. Il reste \u00e0 TF1 \u00e0 officialiser l&rsquo;ensemble de l&rsquo;\u00e9quipe de professeurs.<\/p>\n","protected":false},"excerpt":{"rendered":"Ch\u00e2teau de la Star Academy \u00e0 Dammarie-l\u00e8s-Lys Cr\u00e9dit : Pontet CC BY SA 4.0 \u00c0 quelques semaines du&hellip;\n","protected":false},"author":2,"featured_media":230754,"comment_status":"","ping_status":"","sticky":false,"template":"","format":"standard","meta":{"footnotes":"","_share_on_mastodon":"0"},"categories":[99],"tags":[10,8114,12,13,18,17,4288,770,96,95,1950,8113,11,109,112],"class_list":["post-230753","post","type-post","status-publish","format-standard","has-post-thumbnail","category-television","tag-actualites","tag-artistesfrancais","tag-be","tag-be-fr","tag-belgique","tag-belgium","tag-chanteur","tag-chanteuse","tag-divertissement","tag-entertainment","tag-francais","tag-informations","tag-news","tag-people","tag-television"],"share_on_mastodon":{"url":"https:\/\/pubeurope.com\/@be_fr\/117178093635567073","error":""},"_links":{"self":[{"href":"https:\/\/www.europesays.com\/be-fr\/wp-json\/wp\/v2\/posts\/230753","targetHints":{"allow":["GET"]}}],"collection":[{"href":"https:\/\/www.europesays.com\/be-fr\/wp-json\/wp\/v2\/posts"}],"about":[{"href":"https:\/\/www.europesays.com\/be-fr\/wp-json\/wp\/v2\/types\/post"}],"author":[{"embeddable":true,"href":"https:\/\/www.europesays.com\/be-fr\/wp-json\/wp\/v2\/users\/2"}],"replies":[{"embeddable":true,"href":"https:\/\/www.europesays.com\/be-fr\/wp-json\/wp\/v2\/comments?post=230753"}],"version-history":[{"count":0,"href":"https:\/\/www.europesays.com\/be-fr\/wp-json\/wp\/v2\/posts\/230753\/revisions"}],"wp:featuredmedia":[{"embeddable":true,"href":"https:\/\/www.europesays.com\/be-fr\/wp-json\/wp\/v2\/media\/230754"}],"wp:attachment":[{"href":"https:\/\/www.europesays.com\/be-fr\/wp-json\/wp\/v2\/media?parent=230753"}],"wp:term":[{"taxonomy":"category","embeddable":true,"href":"https:\/\/www.europesays.com\/be-fr\/wp-json\/wp\/v2\/categories?post=230753"},{"taxonomy":"post_tag","embeddable":true,"href":"https:\/\/www.europesays.com\/be-fr\/wp-json\/wp\/v2\/tags?post=230753"}],"curies":[{"name":"wp","href":"https:\/\/api.w.org\/{rel}","templated":true}]}}