{"id":230781,"date":"2026-08-29T10:01:59","date_gmt":"2026-08-29T10:01:59","guid":{"rendered":"https:\/\/www.europesays.com\/be-fr\/230781\/"},"modified":"2026-08-29T10:01:59","modified_gmt":"2026-08-29T10:01:59","slug":"taxe-fonciere-87-des-avis-verifies-comportent-cette-erreur-avec-260-euros-a-recuperer-en-moyenne","status":"publish","type":"post","link":"https:\/\/www.europesays.com\/be-fr\/230781\/","title":{"rendered":"Taxe fonci\u00e8re\u00a0: 87\u00a0% des avis v\u00e9rifi\u00e9s comportent cette erreur, avec 260\u00a0euros \u00e0 r\u00e9cup\u00e9rer en moyenne"},"content":{"rendered":"<p>\n                            Alors que les avis de taxe fonci\u00e8re 2026\u00a0commencent \u00e0 arriver, certains propri\u00e9taires pourraient avoir une bonne surprise en jetant un oeil \u00e0 leur facture. Une erreur pourrait leur permettre de r\u00e9cup\u00e9rer 260\u00a0euros en moyenne, et parfois bien davantage.<\/p>\n<p>La taxe fonci\u00e8re n&rsquo;est pas vraiment le courrier que les propri\u00e9taires attendent avec impatience \u00e0 la rentr\u00e9e. Pourtant, cette ann\u00e9e, il pourrait \u00eatre int\u00e9ressant de ne pas ranger son avis trop vite. Les versions papier commencent \u00e0 \u00eatre envoy\u00e9es \u00e0 partir du 24\u00a0ao\u00fbt, tandis que les avis en ligne seront disponibles d\u00e8s le 27\u00a0ao\u00fbt pour les contribuables non mensualis\u00e9s et \u00e0 partir du 19\u00a0septembre pour les mensualis\u00e9s. Et si la <a href=\"https:\/\/www.journaldesfemmes.fr\/maman\/magazine\/3245528-voici-la-ville-ou-la-taxe-fonciere-atteint-un-record-en-france-et-ce-n-est-pas-paris\/\" target=\"_self\" rel=\"nofollow noopener\">facture augmente encore en 2026<\/a>, la hausse g\u00e9n\u00e9rale reste plut\u00f4t modeste\u00a0: les bases sont revaloris\u00e9es de 0,8\u00a0%, contre 1,7\u00a0% en 2025, 3,9\u00a0% en 2024\u00a0et 7,1\u00a0% en 2023. Sur les 1\u00a0117\u00a0euros de taxe fonci\u00e8re pay\u00e9s en moyenne par un propri\u00e9taire particulier en 2025, cela correspond \u00e0 environ 9\u00a0euros suppl\u00e9mentaires.\u00a0<\/p>\n<p>Ces 9\u00a0euros risquent pourtant de devenir assez anecdotiques pour certains propri\u00e9taires. La plateforme Orka.tax affirme dans un communiqu\u00e9 avoir recalcul\u00e9 1\u00a0351\u00a0avis de taxe fonci\u00e8re et d\u00e9couvert une anomalie dans 87\u00a0% des dossiers \u00e9tudi\u00e9s. Surtout, la diff\u00e9rence entre la somme r\u00e9clam\u00e9e et celle qui aurait r\u00e9ellement d\u00fb \u00eatre pay\u00e9e atteindrait 260\u00a0euros par an et par bien en moyenne. Et le mot \u00ab\u00a0par an\u00a0\u00bb a son importance. Lorsqu&rsquo;un probl\u00e8me existe depuis plusieurs ann\u00e9es, le propri\u00e9taire peut avoir pay\u00e9 trop cher \u00e0 chaque nouvelle taxe fonci\u00e8re sans s&rsquo;en rendre compte. La somme en jeu peut donc rapidement d\u00e9passer quelques centaines d&rsquo;euros. Or, une partie de cet argent peut encore \u00eatre r\u00e9clam\u00e9e au fisc. Pour la <a href=\"https:\/\/www.journaldesfemmes.fr\/maman\/guide-droits-et-demarches\/2943937-taxe-fonciere-proprietaire\/\" target=\"_self\" rel=\"nofollow noopener\">taxe fonci\u00e8re 2025<\/a>, les propri\u00e9taires concern\u00e9s ont jusqu&rsquo;au 31\u00a0d\u00e9cembre 2026\u00a0pour d\u00e9poser une r\u00e9clamation. Pour celle de 2026, le d\u00e9lai court jusqu&rsquo;au 31\u00a0d\u00e9cembre 2027.\u00a0<\/p>\n<p><img decoding=\"async\" alt=\"\" src=\"https:\/\/www.europesays.com\/be-fr\/wp-content\/uploads\/2026\/08\/40093531.jpg\"\/><\/p>\n<p>Mais quelle est cette erreur qui peut faire grimper la note sans appara\u00eetre clairement sur l&rsquo;avis\u00a0? Elle concerne les informations cadastrales utilis\u00e9es par l&rsquo;administration pour d\u00e9crire le logement et calculer sa valeur locative. Dans les dossiers analys\u00e9s, Orka.tax indique avoir retrouv\u00e9 des caract\u00e9ristiques qui ne correspondaient pas ou plus \u00e0 la r\u00e9alit\u00e9 du bien. Cela peut \u00eatre une mauvaise surface, un garage, une cave ou un abri de jardin comptabilis\u00e9 deux fois, ou encore une d\u00e9pendance toujours enregistr\u00e9e alors qu&rsquo;elle a \u00e9t\u00e9 d\u00e9molie. L&rsquo;\u00e9tat et la cat\u00e9gorie du logement peuvent aussi \u00eatre incorrects.<\/p>\n<p>M\u00eame les \u00e9quipements comptent\u00a0: baignoire, lavabo, WC ou chauffage central sont transform\u00e9s en surfaces dites \u00ab\u00a0d&rsquo;\u00e9quivalence\u00a0\u00bb et participent ainsi au calcul. La plateforme cite notamment le cas particuli\u00e8rement parlant d&rsquo;un propri\u00e9taire dont le jardin avait \u00e9t\u00e9 enregistr\u00e9 comme surface b\u00e2tie. Cons\u00e9quence\u00a0: sa taxe fonci\u00e8re \u00e9tait deux fois plus \u00e9lev\u00e9e que ce qu&rsquo;il aurait d\u00fb payer. \u00ab\u00a0Aucune de ces erreurs n&rsquo;est d\u00e9tectable \u00e0 la lecture de l&rsquo;avis d&rsquo;imposition, qui n&rsquo;affiche qu&rsquo;un r\u00e9sultat\u00a0\u00bb, explique Ma\u00eetre Gary Cahn, cofondateur d&rsquo;Orka.tax. Il faut donc consulter sa fiche d&rsquo;\u00e9valuation cadastrale, en faisant la demande aupr\u00e8s de son centre des finances publiques, notamment via la messagerie s\u00e9curis\u00e9e, puis comparer les informations qui y figurent avec la r\u00e9alit\u00e9 du logement.<\/p>\n<p>Lorsqu&rsquo;une anomalie est confirm\u00e9e, le propri\u00e9taire peut alors demander sa correction \u00e0 l&rsquo;administration fiscale et r\u00e9clamer un d\u00e9gr\u00e8vement s&rsquo;il a effectivement pay\u00e9 trop cher. La r\u00e9clamation peut notamment \u00eatre transmise depuis la messagerie s\u00e9curis\u00e9e de son espace personnel sur impots.gouv.fr, en apportant les \u00e9l\u00e9ments permettant de justifier l&rsquo;erreur. Attention cependant \u00e0 ne pas soustraire soi-m\u00eame les fameux 260\u00a0euros de la taxe \u00e0 r\u00e9gler\u00a0: ce montant correspond \u00e0 la moyenne constat\u00e9e dans les dossiers \u00e9tudi\u00e9s par Orka.tax, pas \u00e0 un remboursement automatique accord\u00e9 \u00e0 tous les propri\u00e9taires. Tant que l&rsquo;administration n&rsquo;a pas accept\u00e9 la r\u00e9clamation, l&rsquo;imp\u00f4t reste d\u00fb.<\/p>\n","protected":false},"excerpt":{"rendered":"Alors que les avis de taxe fonci\u00e8re 2026\u00a0commencent \u00e0 arriver, certains propri\u00e9taires pourraient avoir une bonne surprise en&hellip;\n","protected":false},"author":2,"featured_media":230782,"comment_status":"","ping_status":"","sticky":false,"template":"","format":"standard","meta":{"footnotes":"","_share_on_mastodon":"0"},"categories":[35],"tags":[12,13,18,17,38,70656,435,37,36,466,6316,440,438,470],"class_list":["post-230781","post","type-post","status-publish","format-standard","has-post-thumbnail","category-economie","tag-be","tag-be-fr","tag-belgique","tag-belgium","tag-business","tag-cms-journaldesfemmes-3275787","tag-controller-content","tag-economie","tag-economy","tag-format-papier","tag-index-tag-interdit-hors-redacchef","tag-les-histoires-du-jdf","tag-magazine","tag-parallaxeinfeed"],"share_on_mastodon":{"url":"https:\/\/pubeurope.com\/@be_fr\/117178227115663513","error":""},"_links":{"self":[{"href":"https:\/\/www.europesays.com\/be-fr\/wp-json\/wp\/v2\/posts\/230781","targetHints":{"allow":["GET"]}}],"collection":[{"href":"https:\/\/www.europesays.com\/be-fr\/wp-json\/wp\/v2\/posts"}],"about":[{"href":"https:\/\/www.europesays.com\/be-fr\/wp-json\/wp\/v2\/types\/post"}],"author":[{"embeddable":true,"href":"https:\/\/www.europesays.com\/be-fr\/wp-json\/wp\/v2\/users\/2"}],"replies":[{"embeddable":true,"href":"https:\/\/www.europesays.com\/be-fr\/wp-json\/wp\/v2\/comments?post=230781"}],"version-history":[{"count":0,"href":"https:\/\/www.europesays.com\/be-fr\/wp-json\/wp\/v2\/posts\/230781\/revisions"}],"wp:featuredmedia":[{"embeddable":true,"href":"https:\/\/www.europesays.com\/be-fr\/wp-json\/wp\/v2\/media\/230782"}],"wp:attachment":[{"href":"https:\/\/www.europesays.com\/be-fr\/wp-json\/wp\/v2\/media?parent=230781"}],"wp:term":[{"taxonomy":"category","embeddable":true,"href":"https:\/\/www.europesays.com\/be-fr\/wp-json\/wp\/v2\/categories?post=230781"},{"taxonomy":"post_tag","embeddable":true,"href":"https:\/\/www.europesays.com\/be-fr\/wp-json\/wp\/v2\/tags?post=230781"}],"curies":[{"name":"wp","href":"https:\/\/api.w.org\/{rel}","templated":true}]}}