{"id":230905,"date":"2026-08-29T12:23:18","date_gmt":"2026-08-29T12:23:18","guid":{"rendered":"https:\/\/www.europesays.com\/be-fr\/230905\/"},"modified":"2026-08-29T12:23:18","modified_gmt":"2026-08-29T12:23:18","slug":"utmb-2026-une-legende-americaine-de-lultra-trail-victime-dun-arret-cardiaque-en-pleine-course-2","status":"publish","type":"post","link":"https:\/\/www.europesays.com\/be-fr\/230905\/","title":{"rendered":"UTMB 2026: une l\u00e9gende am\u00e9ricaine de l&rsquo;ultra-trail victime d&rsquo;un arr\u00eat cardiaque en pleine course"},"content":{"rendered":"<p class=\"ap-StoryElement ap-StoryElement--mb ap-StoryText\">\u00ab\u00a0Jeff a \u00e9t\u00e9 victime d&rsquo;un arr\u00eat cardiaque au cours de la TDS, disput\u00e9e dans le cadre de l&rsquo;UTMB, entre Courmayeur et Chamonix\u00a0\u00bb a r\u00e9v\u00e9l\u00e9 la famille de Jeff Browning dans un communiqu\u00e9. Le coureur am\u00e9ricain, 54 ans, a \u00e9t\u00e9 pris en charge par les secours puis plac\u00e9 dans un coma artificiel.<\/p>\n<p class=\"ap-StoryElement ap-StoryElement--mb ap-StoryText\">Au 92e kilom\u00e8tre de cette course UTMB qui en compte au total 148 (pour 9.300 m\u00e8tres de d\u00e9nivel\u00e9 positif, Browning s&rsquo;est effondr\u00e9 dans le secteur de Belfort. Il a ensuite \u00e9t\u00e9 \u00ab\u00a0h\u00e9liport\u00e9 vers un h\u00f4pital o\u00f9 il demeure sous surveillance m\u00e9dicale\u00a0\u00bb, sans pour autant en savoir plus sur son \u00e9tat de sant\u00e9.<\/p>\n","protected":false},"excerpt":{"rendered":"\u00ab\u00a0Jeff a \u00e9t\u00e9 victime d&rsquo;un arr\u00eat cardiaque au cours de la TDS, disput\u00e9e dans le cadre de l&rsquo;UTMB,&hellip;\n","protected":false},"author":2,"featured_media":230906,"comment_status":"","ping_status":"","sticky":false,"template":"","format":"standard","meta":{"footnotes":"","_share_on_mastodon":"0"},"categories":[81],"tags":[961,12,13,18,17,17480,9475,3026,38019,1422,4888,38020,1967,11910,1425,1426,3855,966,969,1430,491,2845,4718,4719,1436,84,2266],"class_list":["post-230905","post","type-post","status-publish","format-standard","has-post-thumbnail","category-sports","tag-adult","tag-be","tag-be-fr","tag-belgique","tag-belgium","tag-british","tag-cheerful","tag-clothing","tag-easter","tag-emotion","tag-family","tag-fashion-accessory","tag-female","tag-hairstyle","tag-happiness","tag-headshot","tag-lifestyles","tag-looking-at-camera","tag-one-person","tag-person","tag-portrait","tag-royal","tag-senior-adult","tag-seniors","tag-smiling","tag-sports","tag-women"],"share_on_mastodon":{"url":"https:\/\/pubeurope.com\/@be_fr\/117178781303780846","error":""},"_links":{"self":[{"href":"https:\/\/www.europesays.com\/be-fr\/wp-json\/wp\/v2\/posts\/230905","targetHints":{"allow":["GET"]}}],"collection":[{"href":"https:\/\/www.europesays.com\/be-fr\/wp-json\/wp\/v2\/posts"}],"about":[{"href":"https:\/\/www.europesays.com\/be-fr\/wp-json\/wp\/v2\/types\/post"}],"author":[{"embeddable":true,"href":"https:\/\/www.europesays.com\/be-fr\/wp-json\/wp\/v2\/users\/2"}],"replies":[{"embeddable":true,"href":"https:\/\/www.europesays.com\/be-fr\/wp-json\/wp\/v2\/comments?post=230905"}],"version-history":[{"count":0,"href":"https:\/\/www.europesays.com\/be-fr\/wp-json\/wp\/v2\/posts\/230905\/revisions"}],"wp:featuredmedia":[{"embeddable":true,"href":"https:\/\/www.europesays.com\/be-fr\/wp-json\/wp\/v2\/media\/230906"}],"wp:attachment":[{"href":"https:\/\/www.europesays.com\/be-fr\/wp-json\/wp\/v2\/media?parent=230905"}],"wp:term":[{"taxonomy":"category","embeddable":true,"href":"https:\/\/www.europesays.com\/be-fr\/wp-json\/wp\/v2\/categories?post=230905"},{"taxonomy":"post_tag","embeddable":true,"href":"https:\/\/www.europesays.com\/be-fr\/wp-json\/wp\/v2\/tags?post=230905"}],"curies":[{"name":"wp","href":"https:\/\/api.w.org\/{rel}","templated":true}]}}